{"id":77685,"date":"2019-09-09T11:18:25","date_gmt":"2019-09-09T08:18:25","guid":{"rendered":"http:\/\/arantv.az\/?p=77685"},"modified":"2019-09-09T11:18:25","modified_gmt":"2019-09-09T08:18:25","slug":"qanazligindan-%c9%99ziyy%c9%99t-c%c9%99k%c9%99n-usaqlarin-sayi-aciqlandi","status":"publish","type":"post","link":"https:\/\/arantv.az\/?p=77685","title":{"rendered":"Qanazl\u0131\u011f\u0131ndan \u0259ziyy\u0259t \u00e7\u0259k\u0259n u\u015faqlar\u0131n say\u0131 a\u00e7\u0131qland\u0131"},"content":{"rendered":"<p>Haz\u0131rda d\u00fcnyada 159 milyon u\u015faq qanazl\u0131\u011f\u0131ndan \u0259ziyy\u0259t \u00e7\u0259kir.<\/p>\n<p><strong>ARANTV.AZ<\/strong>-\u0131n m\u0259lumat\u0131na g\u00f6r\u0259, bunu UN\u0130CEF-in Az\u0259rbaycandak\u0131 n\u00fcmay\u0259nd\u0259si Edvard Karvardin unun effektiv z\u0259nginl\u0259\u015fdirilm\u0259si \u00fc\u00e7\u00fcn potensial\u0131n art\u0131r\u0131lmas\u0131 \u00fczr\u0259 ke\u00e7iril\u0259n regional seminarda \u00e7\u0131x\u0131\u015f\u0131 zaman\u0131 deyib.<\/p>\n<p>Onun s\u00f6zl\u0259rin\u0259 g\u00f6r\u0259, u\u015faqlar\u0131n \u00e7\u0259kisinin h\u0259ddind\u0259n art\u0131q olmas\u0131 g\u0259l\u0259c\u0259kd\u0259 sa\u011flam h\u0259yat t\u0259rzi \u00fc\u00e7\u00fcn ciddi t\u0259hl\u00fck\u0259l\u0259r yarad\u0131r:<\/p>\n<div id=\"AdviadNativeVideo0\" class=\"AdviadNativeVideo\"><\/div>\n<p>&#8220;Bu yanl\u0131\u015f u\u015fa\u011f\u0131n fiziki qurulu\u015funa deyil, h\u0259m d\u0259 onlar\u0131n idrak\u0131n\u0131n inki\u015faf\u0131na da t\u0259sir edir. Bel\u0259likl\u0259, onlar\u0131n n\u00f6vb\u0259ti m\u0259rh\u0259l\u0259l\u0259rind\u0259 m\u0259hsuldarl\u0131qlar\u0131na, h\u0259yat uzunlu\u011funa v\u0259 s\u00f6zs\u00fcz ki, \u00f6lk\u0259l\u0259r\u0259 milyard dollarla ziyan vuran m\u0259s\u0259l\u0259dir. Avropa v\u0259 M\u0259rk\u0259zi Asiya regionunda bu m\u0259s\u0259l\u0259l\u0259rl\u0259 g\u00fcnd\u0259lik olaraq \u00fczl\u0259\u015firik.<\/p>\n<p>E.Karvardin qeyd edib ki, t\u0259qribi hesablamalara g\u00f6r\u0259, d\u0259mir \u00e7at\u0131\u015fmazl\u0131\u011f\u0131 Avropa v\u0259 M\u0259rk\u0259zi Asiya regionunda be\u015f ya\u015fad\u0259k u\u015faqlar\u0131n 40 faiz\u0259 q\u0259d\u0259rinin sa\u011flaml\u0131\u011f\u0131na v\u0259 rifah\u0131na m\u0259nfi t\u0259sir g\u00f6st\u0259rir:<\/p>\n<p>&#8220;Anemiya u\u015faqlar\u0131n m\u0259ntiqi qabiliyy\u0259tini d\u0259 azald\u0131r. Bu da h\u0259r adamba\u015f\u0131na iki dollar m\u0259hsuldarl\u0131\u011f\u0131n itirilm\u0259si dem\u0259kdir. H\u0259m\u00e7inin, adamba\u015f\u0131na t\u0259hsil x\u0259rcl\u0259ri 14 dollara ba\u015fa g\u0259lir. Biz bu m\u0259s\u0259l\u0259ni h\u0259ll etm\u0259liyik.<\/p>\n<p>Unun d\u0259mir v\u0259 dig\u0259r mikronutriyentl\u0259rl\u0259 z\u0259nginl\u0259\u015fdirilm\u0259si qanazl\u0131\u011f\u0131n\u0131n rastg\u0259lm\u0259 s\u0259viyy\u0259sinin azald\u0131lmas\u0131nda \u00f6z\u00fcn\u00fc x\u0259rc bax\u0131m\u0131ndan \u0259n s\u0259m\u0259r\u0259li \u00fcsul kimi do\u011fruldub&#8221;.<\/p>\n<p>UN\u0130CEF-in n\u00fcmay\u0259nd\u0259si \u0259lav\u0259 edib ki, Avropa v\u0259 M\u0259rk\u0259zi Asiyada h\u0259r \u00fc\u00e7 hamil\u0259 qad\u0131ndan biri qanazl\u0131\u011f\u0131ndan \u0259ziyy\u0259t \u00e7\u0259kir ki, bu da h\u0259m anan\u0131n, h\u0259m d\u0259 k\u00f6rp\u0259nin sa\u011flaml\u0131\u011f\u0131na birba\u015fa t\u0259sir g\u00f6st\u0259rir.oxu.az<\/p>\n","protected":false},"excerpt":{"rendered":"<p>Haz\u0131rda d\u00fcnyada 159 milyon u\u015faq qanazl\u0131\u011f\u0131ndan \u0259ziyy\u0259t \u00e7\u0259kir. ARANTV.AZ-\u0131n m\u0259lumat\u0131na g\u00f6r\u0259, bunu UN\u0130CEF-in Az\u0259rbaycandak\u0131 n\u00fcmay\u0259nd\u0259si Edvard Karvardin unun effektiv z\u0259nginl\u0259\u015fdirilm\u0259si \u00fc\u00e7\u00fcn potensial\u0131n art\u0131r\u0131lmas\u0131 \u00fczr\u0259 ke\u00e7iril\u0259n regional seminarda \u00e7\u0131x\u0131\u015f\u0131 zaman\u0131 deyib. Onun s\u00f6zl\u0259rin\u0259 g\u00f6r\u0259, u\u015faqlar\u0131n \u00e7\u0259kisinin h\u0259ddind\u0259n art\u0131q olmas\u0131 g\u0259l\u0259c\u0259kd\u0259 sa\u011flam h\u0259yat t\u0259rzi \u00fc\u00e7\u00fcn ciddi t\u0259hl\u00fck\u0259l\u0259r yarad\u0131r: &#8220;Bu yanl\u0131\u015f u\u015fa\u011f\u0131n fiziki qurulu\u015funa deyil, h\u0259m d\u0259 onlar\u0131n idrak\u0131n\u0131n inki\u015faf\u0131na da t\u0259sir edir. Bel\u0259likl\u0259, onlar\u0131n n\u00f6vb\u0259ti m\u0259rh\u0259l\u0259l\u0259rind\u0259 m\u0259hsuldarl\u0131qlar\u0131na, h\u0259yat uzunlu\u011funa v\u0259 s\u00f6zs\u00fcz ki, \u00f6lk\u0259l\u0259r\u0259 milyard dollarla ziyan vuran m\u0259s\u0259l\u0259dir. Avropa v\u0259 M\u0259rk\u0259zi Asiya regionunda bu m\u0259s\u0259l\u0259l\u0259rl\u0259 g\u00fcnd\u0259lik olaraq \u00fczl\u0259\u015firik. E.Karvardin qeyd edib ki,&hellip;<\/p>\n","protected":false},"author":2,"featured_media":77686,"comment_status":"closed","ping_status":"closed","sticky":false,"template":"","format":"standard","meta":{"om_disable_all_campaigns":false,"_monsterinsights_skip_tracking":false,"_monsterinsights_sitenote_active":false,"_monsterinsights_sitenote_note":"","_monsterinsights_sitenote_category":0},"categories":[1],"tags":[],"aioseo_notices":[],"gutentor_comment":0,"rttpg_featured_image_url":{"full":["https:\/\/arantv.az\/wp-content\/uploads\/2019\/09\/xesteusaq.jpg",620,413,false],"landscape":["https:\/\/arantv.az\/wp-content\/uploads\/2019\/09\/xesteusaq.jpg",620,413,false],"portraits":["https:\/\/arantv.az\/wp-content\/uploads\/2019\/09\/xesteusaq.jpg",620,413,false],"thumbnail":["https:\/\/arantv.az\/wp-content\/uploads\/2019\/09\/xesteusaq-150x150.jpg",150,150,true],"medium":["https:\/\/arantv.az\/wp-content\/uploads\/2019\/09\/xesteusaq-300x200.jpg",300,200,true],"large":["https:\/\/arantv.az\/wp-content\/uploads\/2019\/09\/xesteusaq.jpg",620,413,false],"1536x1536":["https:\/\/arantv.az\/wp-content\/uploads\/2019\/09\/xesteusaq.jpg",620,413,false],"2048x2048":["https:\/\/arantv.az\/wp-content\/uploads\/2019\/09\/xesteusaq.jpg",620,413,false],"post-thumbnail":["https:\/\/arantv.az\/wp-content\/uploads\/2019\/09\/xesteusaq-240x172.jpg",240,172,true],"advps-thumb-one":["https:\/\/arantv.az\/wp-content\/uploads\/2019\/09\/xesteusaq.jpg",620,413,false]},"rttpg_author":{"display_name":"V\u00fcsal Rafiqo\u011flu","author_link":"https:\/\/arantv.az\/?author=2"},"rttpg_comment":0,"rttpg_category":"<a href=\"https:\/\/arantv.az\/?cat=1\" rel=\"category\">C\u0259miyy\u0259t<\/a>","rttpg_excerpt":"Haz\u0131rda d\u00fcnyada 159 milyon u\u015faq qanazl\u0131\u011f\u0131ndan \u0259ziyy\u0259t \u00e7\u0259kir. ARANTV.AZ-\u0131n m\u0259lumat\u0131na g\u00f6r\u0259, bunu UN\u0130CEF-in Az\u0259rbaycandak\u0131 n\u00fcmay\u0259nd\u0259si Edvard Karvardin unun effektiv z\u0259nginl\u0259\u015fdirilm\u0259si \u00fc\u00e7\u00fcn potensial\u0131n art\u0131r\u0131lmas\u0131 \u00fczr\u0259 ke\u00e7iril\u0259n regional seminarda \u00e7\u0131x\u0131\u015f\u0131 zaman\u0131 deyib. Onun s\u00f6zl\u0259rin\u0259 g\u00f6r\u0259, u\u015faqlar\u0131n \u00e7\u0259kisinin h\u0259ddind\u0259n art\u0131q olmas\u0131 g\u0259l\u0259c\u0259kd\u0259 sa\u011flam h\u0259yat t\u0259rzi \u00fc\u00e7\u00fcn ciddi t\u0259hl\u00fck\u0259l\u0259r yarad\u0131r: &#8220;Bu yanl\u0131\u015f u\u015fa\u011f\u0131n fiziki qurulu\u015funa deyil, h\u0259m d\u0259 onlar\u0131n&hellip;","_links":{"self":[{"href":"https:\/\/arantv.az\/index.php?rest_route=\/wp\/v2\/posts\/77685"}],"collection":[{"href":"https:\/\/arantv.az\/index.php?rest_route=\/wp\/v2\/posts"}],"about":[{"href":"https:\/\/arantv.az\/index.php?rest_route=\/wp\/v2\/types\/post"}],"author":[{"embeddable":true,"href":"https:\/\/arantv.az\/index.php?rest_route=\/wp\/v2\/users\/2"}],"replies":[{"embeddable":true,"href":"https:\/\/arantv.az\/index.php?rest_route=%2Fwp%2Fv2%2Fcomments&post=77685"}],"version-history":[{"count":0,"href":"https:\/\/arantv.az\/index.php?rest_route=\/wp\/v2\/posts\/77685\/revisions"}],"wp:featuredmedia":[{"embeddable":true,"href":"https:\/\/arantv.az\/index.php?rest_route=\/wp\/v2\/media\/77686"}],"wp:attachment":[{"href":"https:\/\/arantv.az\/index.php?rest_route=%2Fwp%2Fv2%2Fmedia&parent=77685"}],"wp:term":[{"taxonomy":"category","embeddable":true,"href":"https:\/\/arantv.az\/index.php?rest_route=%2Fwp%2Fv2%2Fcategories&post=77685"},{"taxonomy":"post_tag","embeddable":true,"href":"https:\/\/arantv.az\/index.php?rest_route=%2Fwp%2Fv2%2Ftags&post=77685"}],"curies":[{"name":"wp","href":"https:\/\/api.w.org\/{rel}","templated":true}]}}