{"id":77688,"date":"2019-09-09T11:22:07","date_gmt":"2019-09-09T08:22:07","guid":{"rendered":"http:\/\/arantv.az\/?p=77688"},"modified":"2019-09-09T11:22:07","modified_gmt":"2019-09-09T08:22:07","slug":"kurd%c9%99mird%c9%99-agir-q%c9%99zada-x%c9%99sar%c9%99t-alanlarin-kimlikl%c9%99ri-bilindi","status":"publish","type":"post","link":"https:\/\/arantv.az\/?p=77688","title":{"rendered":"K\u00fcrd\u0259mird\u0259 a\u011f\u0131r q\u0259zada x\u0259sar\u0259t alanlar\u0131n K\u0130ML\u0130KL\u018fR\u0130 bilindi"},"content":{"rendered":"<p><strong>\u00d6t\u0259n g\u00fcn K\u00fcrd\u0259mir rayonunda ba\u015f ver\u0259n a\u011f\u0131r yol q\u0259zas\u0131nda x\u0259sar\u0259t alanlar\u0131n kimliyi m\u0259lum olub.<\/strong><\/p>\n<p><strong>ARANTV.AZ\u00a0<\/strong>\u00a0<a href=\"https:\/\/az.trend.az\/\" target=\"_blank\" rel=\"noopener\">Trend<\/a>-\u0259 istinad\u0259n x\u0259b\u0259r verir ki, A\u011fsu-K\u00fcrd\u0259mir-\u0130mi\u015fli yolunun \u00c7\u00f6l-\u018fr\u0259b k\u0259ndind\u0259n ke\u00e7\u0259n hiss\u0259sind\u0259 qeyd\u0259 al\u0131nan q\u0259zada iki n\u0259f\u0259r m\u00fcxt\u0259lif d\u0259r\u0259c\u0259li b\u0259d\u0259n x\u0259sar\u0259tl\u0259ri al\u0131blar. Yaral\u0131lar M\u0259rk\u0259zi Rayon X\u0259st\u0259xanas\u0131na \u00e7at\u0131r\u0131blar.<\/p>\n<p>\u015e\u00fc\u015f\u00fcn k\u0259nd sakini 1961-ci il t\u0259v\u0259ll\u00fcdl\u00fc G\u00fclm\u0259mm\u0259dov Ramil \u0130brahim o\u011flu sa\u011f bald\u0131r s\u00fcm\u00fckl\u0259rinin q\u0259lp\u0259li s\u0131n\u0131\u011f\u0131, L1 f\u0259q\u0259r\u0259l\u0259rin cism\u0259n qapal\u0131 s\u0131n\u0131\u011f\u0131, aln\u0131n \u0259zilmi\u015f-c\u0131r\u0131lm\u0131\u015f yaras\u0131 v\u0259 Qaramahmud k\u0259nd sakini, 1994-c\u00fc il t\u0259v\u0259ll\u00fcdl\u00fc Eyyubov R\u00fcf\u0259t M\u00fcrv\u0259t o\u011flu aln\u0131n \u0259zilmi\u015f, c\u0131r\u0131lm\u0131\u015f yaras\u0131 x\u0259sar\u0259tl\u0259ri al\u0131blar.<\/p>\n<p>X\u0259st\u0259l\u0259r bir m\u00fcdd\u0259t tibbi yard\u0131m ald\u0131qdan sonra ambulator m\u00fcalic\u0259y\u0259 yola sal\u0131n\u0131blar.<\/p>\n<p>Qeyd ed\u0259k ki, q\u0259zaya s\u0259b\u0259b minik avtomobilinin qar\u015f\u0131s\u0131na iribuynuzlu heyvan\u0131n \u00e7\u0131xmas\u0131 olub.<\/p>\n","protected":false},"excerpt":{"rendered":"<p>\u00d6t\u0259n g\u00fcn K\u00fcrd\u0259mir rayonunda ba\u015f ver\u0259n a\u011f\u0131r yol q\u0259zas\u0131nda x\u0259sar\u0259t alanlar\u0131n kimliyi m\u0259lum olub. ARANTV.AZ\u00a0\u00a0Trend-\u0259 istinad\u0259n x\u0259b\u0259r verir ki, A\u011fsu-K\u00fcrd\u0259mir-\u0130mi\u015fli yolunun \u00c7\u00f6l-\u018fr\u0259b k\u0259ndind\u0259n ke\u00e7\u0259n hiss\u0259sind\u0259 qeyd\u0259 al\u0131nan q\u0259zada iki n\u0259f\u0259r m\u00fcxt\u0259lif d\u0259r\u0259c\u0259li b\u0259d\u0259n x\u0259sar\u0259tl\u0259ri al\u0131blar. Yaral\u0131lar M\u0259rk\u0259zi Rayon X\u0259st\u0259xanas\u0131na \u00e7at\u0131r\u0131blar. \u015e\u00fc\u015f\u00fcn k\u0259nd sakini 1961-ci il t\u0259v\u0259ll\u00fcdl\u00fc G\u00fclm\u0259mm\u0259dov Ramil \u0130brahim o\u011flu sa\u011f bald\u0131r s\u00fcm\u00fckl\u0259rinin q\u0259lp\u0259li s\u0131n\u0131\u011f\u0131, L1 f\u0259q\u0259r\u0259l\u0259rin cism\u0259n qapal\u0131 s\u0131n\u0131\u011f\u0131, aln\u0131n \u0259zilmi\u015f-c\u0131r\u0131lm\u0131\u015f yaras\u0131 v\u0259 Qaramahmud k\u0259nd sakini, 1994-c\u00fc il t\u0259v\u0259ll\u00fcdl\u00fc Eyyubov R\u00fcf\u0259t M\u00fcrv\u0259t o\u011flu aln\u0131n \u0259zilmi\u015f, c\u0131r\u0131lm\u0131\u015f yaras\u0131 x\u0259sar\u0259tl\u0259ri al\u0131blar. X\u0259st\u0259l\u0259r bir m\u00fcdd\u0259t tibbi yard\u0131m ald\u0131qdan sonra ambulator m\u00fcalic\u0259y\u0259 yola&hellip;<\/p>\n","protected":false},"author":2,"featured_media":77689,"comment_status":"closed","ping_status":"closed","sticky":false,"template":"","format":"standard","meta":{"om_disable_all_campaigns":false,"_monsterinsights_skip_tracking":false,"_monsterinsights_sitenote_active":false,"_monsterinsights_sitenote_note":"","_monsterinsights_sitenote_category":0},"categories":[1],"tags":[],"aioseo_notices":[],"gutentor_comment":0,"rttpg_featured_image_url":{"full":["https:\/\/arantv.az\/wp-content\/uploads\/2019\/09\/qeza_111-1.jpg",800,600,false],"landscape":["https:\/\/arantv.az\/wp-content\/uploads\/2019\/09\/qeza_111-1.jpg",800,600,false],"portraits":["https:\/\/arantv.az\/wp-content\/uploads\/2019\/09\/qeza_111-1.jpg",800,600,false],"thumbnail":["https:\/\/arantv.az\/wp-content\/uploads\/2019\/09\/qeza_111-1-150x150.jpg",150,150,true],"medium":["https:\/\/arantv.az\/wp-content\/uploads\/2019\/09\/qeza_111-1-300x225.jpg",300,225,true],"large":["https:\/\/arantv.az\/wp-content\/uploads\/2019\/09\/qeza_111-1.jpg",640,480,false],"1536x1536":["https:\/\/arantv.az\/wp-content\/uploads\/2019\/09\/qeza_111-1.jpg",800,600,false],"2048x2048":["https:\/\/arantv.az\/wp-content\/uploads\/2019\/09\/qeza_111-1.jpg",800,600,false],"post-thumbnail":["https:\/\/arantv.az\/wp-content\/uploads\/2019\/09\/qeza_111-1-240x172.jpg",240,172,true],"advps-thumb-one":["https:\/\/arantv.az\/wp-content\/uploads\/2019\/09\/qeza_111-1.jpg",800,600,false]},"rttpg_author":{"display_name":"V\u00fcsal Rafiqo\u011flu","author_link":"https:\/\/arantv.az\/?author=2"},"rttpg_comment":0,"rttpg_category":"<a href=\"https:\/\/arantv.az\/?cat=1\" rel=\"category\">C\u0259miyy\u0259t<\/a>","rttpg_excerpt":"\u00d6t\u0259n g\u00fcn K\u00fcrd\u0259mir rayonunda ba\u015f ver\u0259n a\u011f\u0131r yol q\u0259zas\u0131nda x\u0259sar\u0259t alanlar\u0131n kimliyi m\u0259lum olub. ARANTV.AZ\u00a0\u00a0Trend-\u0259 istinad\u0259n x\u0259b\u0259r verir ki, A\u011fsu-K\u00fcrd\u0259mir-\u0130mi\u015fli yolunun \u00c7\u00f6l-\u018fr\u0259b k\u0259ndind\u0259n ke\u00e7\u0259n hiss\u0259sind\u0259 qeyd\u0259 al\u0131nan q\u0259zada iki n\u0259f\u0259r m\u00fcxt\u0259lif d\u0259r\u0259c\u0259li b\u0259d\u0259n x\u0259sar\u0259tl\u0259ri al\u0131blar. Yaral\u0131lar M\u0259rk\u0259zi Rayon X\u0259st\u0259xanas\u0131na \u00e7at\u0131r\u0131blar. \u015e\u00fc\u015f\u00fcn k\u0259nd sakini 1961-ci il t\u0259v\u0259ll\u00fcdl\u00fc G\u00fclm\u0259mm\u0259dov Ramil \u0130brahim o\u011flu sa\u011f bald\u0131r s\u00fcm\u00fckl\u0259rinin q\u0259lp\u0259li s\u0131n\u0131\u011f\u0131,&hellip;","_links":{"self":[{"href":"https:\/\/arantv.az\/index.php?rest_route=\/wp\/v2\/posts\/77688"}],"collection":[{"href":"https:\/\/arantv.az\/index.php?rest_route=\/wp\/v2\/posts"}],"about":[{"href":"https:\/\/arantv.az\/index.php?rest_route=\/wp\/v2\/types\/post"}],"author":[{"embeddable":true,"href":"https:\/\/arantv.az\/index.php?rest_route=\/wp\/v2\/users\/2"}],"replies":[{"embeddable":true,"href":"https:\/\/arantv.az\/index.php?rest_route=%2Fwp%2Fv2%2Fcomments&post=77688"}],"version-history":[{"count":0,"href":"https:\/\/arantv.az\/index.php?rest_route=\/wp\/v2\/posts\/77688\/revisions"}],"wp:featuredmedia":[{"embeddable":true,"href":"https:\/\/arantv.az\/index.php?rest_route=\/wp\/v2\/media\/77689"}],"wp:attachment":[{"href":"https:\/\/arantv.az\/index.php?rest_route=%2Fwp%2Fv2%2Fmedia&parent=77688"}],"wp:term":[{"taxonomy":"category","embeddable":true,"href":"https:\/\/arantv.az\/index.php?rest_route=%2Fwp%2Fv2%2Fcategories&post=77688"},{"taxonomy":"post_tag","embeddable":true,"href":"https:\/\/arantv.az\/index.php?rest_route=%2Fwp%2Fv2%2Ftags&post=77688"}],"curies":[{"name":"wp","href":"https:\/\/api.w.org\/{rel}","templated":true}]}}