{"id":77694,"date":"2019-09-09T11:24:39","date_gmt":"2019-09-09T08:24:39","guid":{"rendered":"http:\/\/arantv.az\/?p=77694"},"modified":"2019-09-09T11:24:39","modified_gmt":"2019-09-09T08:24:39","slug":"9-sentyabr-beyn%c9%99lxalq-goz%c9%99llik-gunudur","status":"publish","type":"post","link":"https:\/\/arantv.az\/?p=77694","title":{"rendered":"9 sentyabr &#8211; Beyn\u0259lxalq G\u00f6z\u0259llik G\u00fcn\u00fcd\u00fcr"},"content":{"rendered":"<p>9 sentyabr tarixi Beyn\u0259lxalq G\u00f6z\u0259llik G\u00fcn\u00fc kimi qeyd olunur.<\/p>\n<p><b>ARANTV.AZ\u00a0<\/b>\u00a0&#8220;Qafqazinfo&#8221;-ya istinad\u0259n m\u0259lumat verir ki, Beyn\u0259lxalq Estetika v\u0259 Kosmetologiya Komit\u0259si (S\u0130DESKO) h\u0259r il 9 sentyabr\u0131n Beyn\u0259lxalq G\u00f6z\u0259llik G\u00fcn\u00fcn\u00fcn elan olunmas\u0131 t\u0259\u015f\u0259bb\u00fcs\u00fc il\u0259 \u00e7\u0131x\u0131\u015f edib. 1995-ci ild\u0259n ba\u015flayaraq, h\u0259r il sentyabr\u0131n 9-u Beyn\u0259lxalq G\u00f6z\u0259llik G\u00fcn\u00fc kimi qeyd olunma\u011fa ba\u015flay\u0131b.<\/p>\n<p>H\u0259r ilin bu g\u00fcn\u00fcnd\u0259 bir s\u0131ra \u00f6lk\u0259l\u0259rd\u0259 g\u00f6z\u0259llik m\u00fcsabiq\u0259l\u0259ri ke\u00e7irilir. H\u0259min m\u00fcsabiq\u0259l\u0259rd\u0259 i\u015ftirak ed\u0259n z\u0259rif cinsin n\u00fcmay\u0259nd\u0259l\u0259rinin he\u00e7 d\u0259 ham\u0131s\u0131 klassik say\u0131lan 90-60-90 parametrl\u0259rin\u0259 uy\u011fun olmur. M\u00fcnsifl\u0259r hey\u0259ti i\u015ftirak\u00e7\u0131lar\u0131n zahiri g\u00f6rk\u0259minin m\u00fct\u0259nasibliyi, b\u0259nz\u0259rsiz g\u00f6z\u0259lliyi il\u0259 se\u00e7il\u0259n xan\u0131mlara \u00fcst\u00fcnl\u00fck verir.<\/p>\n","protected":false},"excerpt":{"rendered":"<p>9 sentyabr tarixi Beyn\u0259lxalq G\u00f6z\u0259llik G\u00fcn\u00fc kimi qeyd olunur. ARANTV.AZ\u00a0\u00a0&#8220;Qafqazinfo&#8221;-ya istinad\u0259n m\u0259lumat verir ki, Beyn\u0259lxalq Estetika v\u0259 Kosmetologiya Komit\u0259si (S\u0130DESKO) h\u0259r il 9 sentyabr\u0131n Beyn\u0259lxalq G\u00f6z\u0259llik G\u00fcn\u00fcn\u00fcn elan olunmas\u0131 t\u0259\u015f\u0259bb\u00fcs\u00fc il\u0259 \u00e7\u0131x\u0131\u015f edib. 1995-ci ild\u0259n ba\u015flayaraq, h\u0259r il sentyabr\u0131n 9-u Beyn\u0259lxalq G\u00f6z\u0259llik G\u00fcn\u00fc kimi qeyd olunma\u011fa ba\u015flay\u0131b. H\u0259r ilin bu g\u00fcn\u00fcnd\u0259 bir s\u0131ra \u00f6lk\u0259l\u0259rd\u0259 g\u00f6z\u0259llik m\u00fcsabiq\u0259l\u0259ri ke\u00e7irilir. H\u0259min m\u00fcsabiq\u0259l\u0259rd\u0259 i\u015ftirak ed\u0259n z\u0259rif cinsin n\u00fcmay\u0259nd\u0259l\u0259rinin he\u00e7 d\u0259 ham\u0131s\u0131 klassik say\u0131lan 90-60-90 parametrl\u0259rin\u0259 uy\u011fun olmur. M\u00fcnsifl\u0259r hey\u0259ti i\u015ftirak\u00e7\u0131lar\u0131n zahiri g\u00f6rk\u0259minin m\u00fct\u0259nasibliyi, b\u0259nz\u0259rsiz g\u00f6z\u0259lliyi il\u0259 se\u00e7il\u0259n xan\u0131mlara \u00fcst\u00fcnl\u00fck verir.<\/p>\n","protected":false},"author":2,"featured_media":77695,"comment_status":"closed","ping_status":"closed","sticky":false,"template":"","format":"standard","meta":{"om_disable_all_campaigns":false,"_monsterinsights_skip_tracking":false,"_monsterinsights_sitenote_active":false,"_monsterinsights_sitenote_note":"","_monsterinsights_sitenote_category":0},"categories":[1],"tags":[],"aioseo_notices":[],"gutentor_comment":0,"rttpg_featured_image_url":{"full":["https:\/\/arantv.az\/wp-content\/uploads\/2019\/09\/gozellik856.jpg",549,345,false],"landscape":["https:\/\/arantv.az\/wp-content\/uploads\/2019\/09\/gozellik856.jpg",549,345,false],"portraits":["https:\/\/arantv.az\/wp-content\/uploads\/2019\/09\/gozellik856.jpg",549,345,false],"thumbnail":["https:\/\/arantv.az\/wp-content\/uploads\/2019\/09\/gozellik856-150x150.jpg",150,150,true],"medium":["https:\/\/arantv.az\/wp-content\/uploads\/2019\/09\/gozellik856-300x189.jpg",300,189,true],"large":["https:\/\/arantv.az\/wp-content\/uploads\/2019\/09\/gozellik856.jpg",549,345,false],"1536x1536":["https:\/\/arantv.az\/wp-content\/uploads\/2019\/09\/gozellik856.jpg",549,345,false],"2048x2048":["https:\/\/arantv.az\/wp-content\/uploads\/2019\/09\/gozellik856.jpg",549,345,false],"post-thumbnail":["https:\/\/arantv.az\/wp-content\/uploads\/2019\/09\/gozellik856-240x172.jpg",240,172,true],"advps-thumb-one":["https:\/\/arantv.az\/wp-content\/uploads\/2019\/09\/gozellik856.jpg",549,345,false]},"rttpg_author":{"display_name":"V\u00fcsal Rafiqo\u011flu","author_link":"https:\/\/arantv.az\/?author=2"},"rttpg_comment":0,"rttpg_category":"<a href=\"https:\/\/arantv.az\/?cat=1\" rel=\"category\">C\u0259miyy\u0259t<\/a>","rttpg_excerpt":"9 sentyabr tarixi Beyn\u0259lxalq G\u00f6z\u0259llik G\u00fcn\u00fc kimi qeyd olunur. ARANTV.AZ\u00a0\u00a0&#8220;Qafqazinfo&#8221;-ya istinad\u0259n m\u0259lumat verir ki, Beyn\u0259lxalq Estetika v\u0259 Kosmetologiya Komit\u0259si (S\u0130DESKO) h\u0259r il 9 sentyabr\u0131n Beyn\u0259lxalq G\u00f6z\u0259llik G\u00fcn\u00fcn\u00fcn elan olunmas\u0131 t\u0259\u015f\u0259bb\u00fcs\u00fc il\u0259 \u00e7\u0131x\u0131\u015f edib. 1995-ci ild\u0259n ba\u015flayaraq, h\u0259r il sentyabr\u0131n 9-u Beyn\u0259lxalq G\u00f6z\u0259llik G\u00fcn\u00fc kimi qeyd olunma\u011fa ba\u015flay\u0131b. H\u0259r ilin bu g\u00fcn\u00fcnd\u0259 bir s\u0131ra \u00f6lk\u0259l\u0259rd\u0259 g\u00f6z\u0259llik&hellip;","_links":{"self":[{"href":"https:\/\/arantv.az\/index.php?rest_route=\/wp\/v2\/posts\/77694"}],"collection":[{"href":"https:\/\/arantv.az\/index.php?rest_route=\/wp\/v2\/posts"}],"about":[{"href":"https:\/\/arantv.az\/index.php?rest_route=\/wp\/v2\/types\/post"}],"author":[{"embeddable":true,"href":"https:\/\/arantv.az\/index.php?rest_route=\/wp\/v2\/users\/2"}],"replies":[{"embeddable":true,"href":"https:\/\/arantv.az\/index.php?rest_route=%2Fwp%2Fv2%2Fcomments&post=77694"}],"version-history":[{"count":0,"href":"https:\/\/arantv.az\/index.php?rest_route=\/wp\/v2\/posts\/77694\/revisions"}],"wp:featuredmedia":[{"embeddable":true,"href":"https:\/\/arantv.az\/index.php?rest_route=\/wp\/v2\/media\/77695"}],"wp:attachment":[{"href":"https:\/\/arantv.az\/index.php?rest_route=%2Fwp%2Fv2%2Fmedia&parent=77694"}],"wp:term":[{"taxonomy":"category","embeddable":true,"href":"https:\/\/arantv.az\/index.php?rest_route=%2Fwp%2Fv2%2Fcategories&post=77694"},{"taxonomy":"post_tag","embeddable":true,"href":"https:\/\/arantv.az\/index.php?rest_route=%2Fwp%2Fv2%2Ftags&post=77694"}],"curies":[{"name":"wp","href":"https:\/\/api.w.org\/{rel}","templated":true}]}}