{"id":77697,"date":"2019-09-09T11:27:01","date_gmt":"2019-09-09T08:27:01","guid":{"rendered":"http:\/\/arantv.az\/?p=77697"},"modified":"2019-09-09T11:27:01","modified_gmt":"2019-09-09T08:27:01","slug":"putin-generali-isd%c9%99n-cixardi","status":"publish","type":"post","link":"https:\/\/arantv.az\/?p=77697","title":{"rendered":"Putin general\u0131 i\u015fd\u0259n \u00e7\u0131xard\u0131"},"content":{"rendered":"<p>Rusiya Prezidenti Vladimir Putin general-mayor \u0130qor Komissarovu Rusiya \u0130stintaq Komit\u0259si (SKR) s\u0259drinin birinci m\u00fcavini v\u0259zif\u0259sind\u0259n azad edib.<\/p>\n<p>Komissarov \u015eimali Qafqazdak\u0131 isti n\u00f6qt\u0259l\u0259rd\u0259 f\u0259aliyy\u0259ti n\u0259z\u0259r\u0259 al\u0131nmaqla t\u0259qrib\u0259n 50 il xidm\u0259t g\u00f6st\u0259rib. O, SKR-l\u0259 yana\u015f\u0131 Almaniyadak\u0131 Sovet Q\u00fcvv\u0259l\u0259ri Qrupunda, Daxili \u0130\u015fl\u0259r Nazirliyi v\u0259 Federal M\u0259hk\u0259m\u0259 Xidm\u0259tind\u0259 v\u0259zif\u0259 icra edib.<\/p>\n<p>\u0130. Komissarov \u0130stintaq Komit\u0259sind\u0259 u\u015faqlar\u0131n, valideyn himay\u0259sind\u0259n m\u0259hrum olan u\u015faqlar\u0131n, azt\u0259minatl\u0131 ail\u0259l\u0259rin v\u0259 dig\u0259r ox\u015far kateqoriyal\u0131 v\u0259t\u0259nda\u015flar\u0131n h\u00fcquqlar\u0131n\u0131n m\u00fcdafi\u0259si il\u0259 m\u0259\u015f\u011ful olub.<\/p>\n<p>Qafqazinfo<\/p>\n","protected":false},"excerpt":{"rendered":"<p>Rusiya Prezidenti Vladimir Putin general-mayor \u0130qor Komissarovu Rusiya \u0130stintaq Komit\u0259si (SKR) s\u0259drinin birinci m\u00fcavini v\u0259zif\u0259sind\u0259n azad edib. Komissarov \u015eimali Qafqazdak\u0131 isti n\u00f6qt\u0259l\u0259rd\u0259 f\u0259aliyy\u0259ti n\u0259z\u0259r\u0259 al\u0131nmaqla t\u0259qrib\u0259n 50 il xidm\u0259t g\u00f6st\u0259rib. O, SKR-l\u0259 yana\u015f\u0131 Almaniyadak\u0131 Sovet Q\u00fcvv\u0259l\u0259ri Qrupunda, Daxili \u0130\u015fl\u0259r Nazirliyi v\u0259 Federal M\u0259hk\u0259m\u0259 Xidm\u0259tind\u0259 v\u0259zif\u0259 icra edib. \u0130. Komissarov \u0130stintaq Komit\u0259sind\u0259 u\u015faqlar\u0131n, valideyn himay\u0259sind\u0259n m\u0259hrum olan u\u015faqlar\u0131n, azt\u0259minatl\u0131 ail\u0259l\u0259rin v\u0259 dig\u0259r ox\u015far kateqoriyal\u0131 v\u0259t\u0259nda\u015flar\u0131n h\u00fcquqlar\u0131n\u0131n m\u00fcdafi\u0259si il\u0259 m\u0259\u015f\u011ful olub. Qafqazinfo<\/p>\n","protected":false},"author":2,"featured_media":77698,"comment_status":"closed","ping_status":"closed","sticky":false,"template":"","format":"standard","meta":{"om_disable_all_campaigns":false,"_monsterinsights_skip_tracking":false,"_monsterinsights_sitenote_active":false,"_monsterinsights_sitenote_note":"","_monsterinsights_sitenote_category":0},"categories":[7],"tags":[],"aioseo_notices":[],"gutentor_comment":0,"rttpg_featured_image_url":{"full":["https:\/\/arantv.az\/wp-content\/uploads\/2019\/09\/1568016024_iqor.jpg",549,345,false],"landscape":["https:\/\/arantv.az\/wp-content\/uploads\/2019\/09\/1568016024_iqor.jpg",549,345,false],"portraits":["https:\/\/arantv.az\/wp-content\/uploads\/2019\/09\/1568016024_iqor.jpg",549,345,false],"thumbnail":["https:\/\/arantv.az\/wp-content\/uploads\/2019\/09\/1568016024_iqor-150x150.jpg",150,150,true],"medium":["https:\/\/arantv.az\/wp-content\/uploads\/2019\/09\/1568016024_iqor-300x189.jpg",300,189,true],"large":["https:\/\/arantv.az\/wp-content\/uploads\/2019\/09\/1568016024_iqor.jpg",549,345,false],"1536x1536":["https:\/\/arantv.az\/wp-content\/uploads\/2019\/09\/1568016024_iqor.jpg",549,345,false],"2048x2048":["https:\/\/arantv.az\/wp-content\/uploads\/2019\/09\/1568016024_iqor.jpg",549,345,false],"post-thumbnail":["https:\/\/arantv.az\/wp-content\/uploads\/2019\/09\/1568016024_iqor-240x172.jpg",240,172,true],"advps-thumb-one":["https:\/\/arantv.az\/wp-content\/uploads\/2019\/09\/1568016024_iqor.jpg",549,345,false]},"rttpg_author":{"display_name":"V\u00fcsal Rafiqo\u011flu","author_link":"https:\/\/arantv.az\/?author=2"},"rttpg_comment":0,"rttpg_category":"<a href=\"https:\/\/arantv.az\/?cat=7\" rel=\"category\">D\u00fcnya<\/a>","rttpg_excerpt":"Rusiya Prezidenti Vladimir Putin general-mayor \u0130qor Komissarovu Rusiya \u0130stintaq Komit\u0259si (SKR) s\u0259drinin birinci m\u00fcavini v\u0259zif\u0259sind\u0259n azad edib. Komissarov \u015eimali Qafqazdak\u0131 isti n\u00f6qt\u0259l\u0259rd\u0259 f\u0259aliyy\u0259ti n\u0259z\u0259r\u0259 al\u0131nmaqla t\u0259qrib\u0259n 50 il xidm\u0259t g\u00f6st\u0259rib. O, SKR-l\u0259 yana\u015f\u0131 Almaniyadak\u0131 Sovet Q\u00fcvv\u0259l\u0259ri Qrupunda, Daxili \u0130\u015fl\u0259r Nazirliyi v\u0259 Federal M\u0259hk\u0259m\u0259 Xidm\u0259tind\u0259 v\u0259zif\u0259 icra edib. \u0130. Komissarov \u0130stintaq Komit\u0259sind\u0259 u\u015faqlar\u0131n, valideyn himay\u0259sind\u0259n m\u0259hrum&hellip;","_links":{"self":[{"href":"https:\/\/arantv.az\/index.php?rest_route=\/wp\/v2\/posts\/77697"}],"collection":[{"href":"https:\/\/arantv.az\/index.php?rest_route=\/wp\/v2\/posts"}],"about":[{"href":"https:\/\/arantv.az\/index.php?rest_route=\/wp\/v2\/types\/post"}],"author":[{"embeddable":true,"href":"https:\/\/arantv.az\/index.php?rest_route=\/wp\/v2\/users\/2"}],"replies":[{"embeddable":true,"href":"https:\/\/arantv.az\/index.php?rest_route=%2Fwp%2Fv2%2Fcomments&post=77697"}],"version-history":[{"count":0,"href":"https:\/\/arantv.az\/index.php?rest_route=\/wp\/v2\/posts\/77697\/revisions"}],"wp:featuredmedia":[{"embeddable":true,"href":"https:\/\/arantv.az\/index.php?rest_route=\/wp\/v2\/media\/77698"}],"wp:attachment":[{"href":"https:\/\/arantv.az\/index.php?rest_route=%2Fwp%2Fv2%2Fmedia&parent=77697"}],"wp:term":[{"taxonomy":"category","embeddable":true,"href":"https:\/\/arantv.az\/index.php?rest_route=%2Fwp%2Fv2%2Fcategories&post=77697"},{"taxonomy":"post_tag","embeddable":true,"href":"https:\/\/arantv.az\/index.php?rest_route=%2Fwp%2Fv2%2Ftags&post=77697"}],"curies":[{"name":"wp","href":"https:\/\/api.w.org\/{rel}","templated":true}]}}