{"id":776979,"date":"2024-12-25T18:48:28","date_gmt":"2024-12-25T14:48:28","guid":{"rendered":"https:\/\/arantv.az\/?p=776979"},"modified":"2024-12-25T18:48:28","modified_gmt":"2024-12-25T14:48:28","slug":"japarov-ilham-%c9%99liyev%c9%99-bassagligi-verdi","status":"publish","type":"post","link":"https:\/\/arantv.az\/?p=776979","title":{"rendered":"Japarov \u0130lham \u018fliyev\u0259 ba\u015fsa\u011fl\u0131\u011f\u0131 verdi"},"content":{"rendered":"<p><strong>Q\u0131r\u011f\u0131z\u0131stan Prezidenti Sad\u0131r Japarov AZAL avia\u015firk\u0259tin\u0259 m\u0259xsus t\u0259yyar\u0259nin q\u0259zaya u\u011framas\u0131 il\u0259 \u0259laq\u0259dar Az\u0259rbaycan Prezidenti \u0130lham \u018fliyev\u0259 ba\u015fsa\u011fl\u0131\u011f\u0131 teleqram\u0131 g\u00f6nd\u0259rib.<\/strong><\/p>\n<p>Bu bar\u0259d\u0259\u00a0<strong>Musavat.com<\/strong>\u00a0Q\u0131r\u011f\u0131z\u0131stan d\u00f6vl\u0259t ba\u015f\u00e7\u0131s\u0131n\u0131n m\u0259tbuat xidm\u0259tin\u0259 istinad\u0259n m\u0259lumat verir.<\/p>\n<p>&#8220;Bu g\u00fcn \u00e7oxsayl\u0131 insan t\u0259l\u0259fat\u0131 il\u0259 n\u0259tic\u0259l\u0259n\u0259n Az\u0259rbaycana m\u0259xsus s\u0259rni\u015fin t\u0259yyar\u0259sinin faci\u0259vi \u015f\u0259kild\u0259 q\u0259zaya u\u011framas\u0131 x\u0259b\u0259rini \u00fcr\u0259k a\u011fr\u0131s\u0131 il\u0259 qar\u015f\u0131lad\u0131m. Q\u0131r\u011f\u0131z Respublikas\u0131 xalq\u0131 ad\u0131ndan v\u0259 \u015f\u0259xs\u0259n \u00f6z ad\u0131mdan h\u0259lak olanlar\u0131n ail\u0259l\u0259rin\u0259 v\u0259 yax\u0131nlar\u0131na d\u0259rin h\u00fcznl\u0259 ba\u015fsa\u011fl\u0131\u011f\u0131 verir, bu faci\u0259 n\u0259tic\u0259sind\u0259 x\u0259sar\u0259t alanlar\u0131n tezlikl\u0259 sa\u011falmalar\u0131n\u0131 arzulay\u0131ram. Bu \u0259v\u0259z edilm\u0259z itkiy\u0259 g\u00f6r\u0259 d\u0259rd v\u0259 k\u0259d\u0259rinizi b\u00f6l\u00fc\u015f\u00fcr\u0259m&#8221;, &#8211; teleqramda deyilir.<\/p>\n<p>Daha \u0259vv\u0259l Qazax\u0131stan\u0131n N\u0259qliyyat Nazirliyin\u0259 istinad\u0259n bildirilib ki, ilkin m\u0259lumata g\u00f6r\u0259, Aktau yax\u0131nl\u0131\u011f\u0131nda q\u0259zaya u\u011frayan t\u0259yyar\u0259d\u0259 3 Q\u0131r\u011f\u0131z\u0131stan, 37 Az\u0259rbaycan, 6 Qazax\u0131stan v\u0259 16 Rusiya v\u0259t\u0259nda\u015f\u0131 olub.<\/p>\n","protected":false},"excerpt":{"rendered":"<p>Q\u0131r\u011f\u0131z\u0131stan Prezidenti Sad\u0131r Japarov AZAL avia\u015firk\u0259tin\u0259 m\u0259xsus t\u0259yyar\u0259nin q\u0259zaya u\u011framas\u0131 il\u0259 \u0259laq\u0259dar Az\u0259rbaycan Prezidenti \u0130lham \u018fliyev\u0259 ba\u015fsa\u011fl\u0131\u011f\u0131 teleqram\u0131 g\u00f6nd\u0259rib. Bu bar\u0259d\u0259\u00a0Musavat.com\u00a0Q\u0131r\u011f\u0131z\u0131stan d\u00f6vl\u0259t ba\u015f\u00e7\u0131s\u0131n\u0131n m\u0259tbuat xidm\u0259tin\u0259 istinad\u0259n m\u0259lumat verir. &#8220;Bu g\u00fcn \u00e7oxsayl\u0131 insan t\u0259l\u0259fat\u0131 il\u0259 n\u0259tic\u0259l\u0259n\u0259n Az\u0259rbaycana m\u0259xsus s\u0259rni\u015fin t\u0259yyar\u0259sinin faci\u0259vi \u015f\u0259kild\u0259 q\u0259zaya u\u011framas\u0131 x\u0259b\u0259rini \u00fcr\u0259k a\u011fr\u0131s\u0131 il\u0259 qar\u015f\u0131lad\u0131m. Q\u0131r\u011f\u0131z Respublikas\u0131 xalq\u0131 ad\u0131ndan v\u0259 \u015f\u0259xs\u0259n \u00f6z ad\u0131mdan h\u0259lak olanlar\u0131n ail\u0259l\u0259rin\u0259 v\u0259 yax\u0131nlar\u0131na d\u0259rin h\u00fcznl\u0259 ba\u015fsa\u011fl\u0131\u011f\u0131 verir, bu faci\u0259 n\u0259tic\u0259sind\u0259 x\u0259sar\u0259t alanlar\u0131n tezlikl\u0259 sa\u011falmalar\u0131n\u0131 arzulay\u0131ram. Bu \u0259v\u0259z edilm\u0259z itkiy\u0259 g\u00f6r\u0259 d\u0259rd v\u0259 k\u0259d\u0259rinizi b\u00f6l\u00fc\u015f\u00fcr\u0259m&#8221;, &#8211; teleqramda deyilir. Daha \u0259vv\u0259l Qazax\u0131stan\u0131n N\u0259qliyyat Nazirliyin\u0259&hellip;<\/p>\n","protected":false},"author":2,"featured_media":776980,"comment_status":"closed","ping_status":"closed","sticky":false,"template":"","format":"standard","meta":{"om_disable_all_campaigns":false,"_monsterinsights_skip_tracking":false,"_monsterinsights_sitenote_active":false,"_monsterinsights_sitenote_note":"","_monsterinsights_sitenote_category":0},"categories":[4],"tags":[],"aioseo_notices":[],"gutentor_comment":0,"rttpg_featured_image_url":{"full":["https:\/\/arantv.az\/wp-content\/uploads\/2024\/12\/7956a050800dd937d898d9c5b5a0b08a.jpg",850,500,false],"landscape":["https:\/\/arantv.az\/wp-content\/uploads\/2024\/12\/7956a050800dd937d898d9c5b5a0b08a.jpg",850,500,false],"portraits":["https:\/\/arantv.az\/wp-content\/uploads\/2024\/12\/7956a050800dd937d898d9c5b5a0b08a.jpg",850,500,false],"thumbnail":["https:\/\/arantv.az\/wp-content\/uploads\/2024\/12\/7956a050800dd937d898d9c5b5a0b08a-500x280.jpg",500,280,true],"medium":["https:\/\/arantv.az\/wp-content\/uploads\/2024\/12\/7956a050800dd937d898d9c5b5a0b08a-621x365.jpg",621,365,true],"large":["https:\/\/arantv.az\/wp-content\/uploads\/2024\/12\/7956a050800dd937d898d9c5b5a0b08a-840x494.jpg",640,376,true],"1536x1536":["https:\/\/arantv.az\/wp-content\/uploads\/2024\/12\/7956a050800dd937d898d9c5b5a0b08a.jpg",850,500,false],"2048x2048":["https:\/\/arantv.az\/wp-content\/uploads\/2024\/12\/7956a050800dd937d898d9c5b5a0b08a.jpg",850,500,false],"post-thumbnail":["https:\/\/arantv.az\/wp-content\/uploads\/2024\/12\/7956a050800dd937d898d9c5b5a0b08a-240x172.jpg",240,172,true],"advps-thumb-one":["https:\/\/arantv.az\/wp-content\/uploads\/2024\/12\/7956a050800dd937d898d9c5b5a0b08a.jpg",850,500,false]},"rttpg_author":{"display_name":"V\u00fcsal Rafiqo\u011flu","author_link":"https:\/\/arantv.az\/?author=2"},"rttpg_comment":0,"rttpg_category":"<a href=\"https:\/\/arantv.az\/?cat=4\" rel=\"category\">Siyas\u0259t<\/a>","rttpg_excerpt":"Q\u0131r\u011f\u0131z\u0131stan Prezidenti Sad\u0131r Japarov AZAL avia\u015firk\u0259tin\u0259 m\u0259xsus t\u0259yyar\u0259nin q\u0259zaya u\u011framas\u0131 il\u0259 \u0259laq\u0259dar Az\u0259rbaycan Prezidenti \u0130lham \u018fliyev\u0259 ba\u015fsa\u011fl\u0131\u011f\u0131 teleqram\u0131 g\u00f6nd\u0259rib. Bu bar\u0259d\u0259\u00a0Musavat.com\u00a0Q\u0131r\u011f\u0131z\u0131stan d\u00f6vl\u0259t ba\u015f\u00e7\u0131s\u0131n\u0131n m\u0259tbuat xidm\u0259tin\u0259 istinad\u0259n m\u0259lumat verir. &#8220;Bu g\u00fcn \u00e7oxsayl\u0131 insan t\u0259l\u0259fat\u0131 il\u0259 n\u0259tic\u0259l\u0259n\u0259n Az\u0259rbaycana m\u0259xsus s\u0259rni\u015fin t\u0259yyar\u0259sinin faci\u0259vi \u015f\u0259kild\u0259 q\u0259zaya u\u011framas\u0131 x\u0259b\u0259rini \u00fcr\u0259k a\u011fr\u0131s\u0131 il\u0259 qar\u015f\u0131lad\u0131m. Q\u0131r\u011f\u0131z Respublikas\u0131 xalq\u0131 ad\u0131ndan v\u0259 \u015f\u0259xs\u0259n \u00f6z&hellip;","_links":{"self":[{"href":"https:\/\/arantv.az\/index.php?rest_route=\/wp\/v2\/posts\/776979"}],"collection":[{"href":"https:\/\/arantv.az\/index.php?rest_route=\/wp\/v2\/posts"}],"about":[{"href":"https:\/\/arantv.az\/index.php?rest_route=\/wp\/v2\/types\/post"}],"author":[{"embeddable":true,"href":"https:\/\/arantv.az\/index.php?rest_route=\/wp\/v2\/users\/2"}],"replies":[{"embeddable":true,"href":"https:\/\/arantv.az\/index.php?rest_route=%2Fwp%2Fv2%2Fcomments&post=776979"}],"version-history":[{"count":1,"href":"https:\/\/arantv.az\/index.php?rest_route=\/wp\/v2\/posts\/776979\/revisions"}],"predecessor-version":[{"id":776981,"href":"https:\/\/arantv.az\/index.php?rest_route=\/wp\/v2\/posts\/776979\/revisions\/776981"}],"wp:featuredmedia":[{"embeddable":true,"href":"https:\/\/arantv.az\/index.php?rest_route=\/wp\/v2\/media\/776980"}],"wp:attachment":[{"href":"https:\/\/arantv.az\/index.php?rest_route=%2Fwp%2Fv2%2Fmedia&parent=776979"}],"wp:term":[{"taxonomy":"category","embeddable":true,"href":"https:\/\/arantv.az\/index.php?rest_route=%2Fwp%2Fv2%2Fcategories&post=776979"},{"taxonomy":"post_tag","embeddable":true,"href":"https:\/\/arantv.az\/index.php?rest_route=%2Fwp%2Fv2%2Ftags&post=776979"}],"curies":[{"name":"wp","href":"https:\/\/api.w.org\/{rel}","templated":true}]}}