{"id":776985,"date":"2024-12-25T18:50:13","date_gmt":"2024-12-25T14:50:13","guid":{"rendered":"https:\/\/arantv.az\/?p=776985"},"modified":"2024-12-25T18:50:13","modified_gmt":"2024-12-25T14:50:13","slug":"ombudsman-q%c9%99za-il%c9%99-bagli-qazaxistanli-h%c9%99mkarina-muraci%c9%99t-edib","status":"publish","type":"post","link":"https:\/\/arantv.az\/?p=776985","title":{"rendered":"Ombudsman q\u0259za il\u0259 ba\u011fl\u0131 qazax\u0131stanl\u0131 h\u0259mkar\u0131na m\u00fcraci\u0259t edib"},"content":{"rendered":"<p><strong>Az\u0259rbaycan Respublikas\u0131n\u0131n \u0130nsan H\u00fcquqlar\u0131 \u00fczr\u0259 M\u00fcv\u0259kkili (Ombudsman) S\u0259bin\u0259 \u018fliyeva Qazax\u0131stan Respublikas\u0131n\u0131n \u0130nsan H\u00fcquqlar\u0131 \u00fczr\u0259 M\u00fcv\u0259kkili Artur Lastayev il\u0259 \u0259laq\u0259 saxlay\u0131b, \u201cAz\u0259rbaycan Hava Yollar\u0131\u201d avia\u015firk\u0259tinin t\u0259yyar\u0259sinin Aktau \u015f\u0259h\u0259ri yax\u0131nl\u0131\u011f\u0131nda q\u0259zaya u\u011framas\u0131 n\u0259tic\u0259sind\u0259 h\u0259yat\u0131n\u0131 itir\u0259n v\u0259 m\u00fcalic\u0259y\u0259 ehtiyac\u0131 olan \u015f\u0259xsl\u0259rl\u0259 ba\u011fl\u0131 laz\u0131mi z\u0259ruri t\u0259dbirl\u0259rin g\u00f6r\u00fclm\u0259si \u00fc\u00e7\u00fcn m\u0259s\u0259l\u0259nin diqq\u0259td\u0259 saxlan\u0131lmas\u0131n\u0131 xahi\u015f edib.<br \/>\n<\/strong><br \/>\nBu bar\u0259d\u0259\u00a0<strong>Musavat.com<\/strong>-a Ombudsman Aparat\u0131ndan m\u0259lumat verilib. Bildirilib ki, birba\u015fa fasil\u0259siz t\u0259mas\u0131n yarad\u0131lmas\u0131 m\u0259qs\u0259dil\u0259 Qazax\u0131stan v\u0259 Az\u0259rbaycan Ombudsman t\u0259sisatlar\u0131n\u0131n \u0259m\u0259kda\u015flar\u0131ndan ibar\u0259t i\u015f\u00e7i qrupu yarad\u0131lmaqla, z\u0259ruri m\u0259lumatlar\u0131n b\u00f6l\u00fc\u015f\u00fclm\u0259si t\u0259min olunub. Hadis\u0259 il\u0259 ba\u011fl\u0131 m\u0259s\u0259l\u0259l\u0259r diqq\u0259td\u0259 saxlan\u0131l\u0131r, ictimaiyy\u0259t\u0259 \u0259lav\u0259 m\u0259lumat veril\u0259c\u0259k.<\/p>\n","protected":false},"excerpt":{"rendered":"<p>Az\u0259rbaycan Respublikas\u0131n\u0131n \u0130nsan H\u00fcquqlar\u0131 \u00fczr\u0259 M\u00fcv\u0259kkili (Ombudsman) S\u0259bin\u0259 \u018fliyeva Qazax\u0131stan Respublikas\u0131n\u0131n \u0130nsan H\u00fcquqlar\u0131 \u00fczr\u0259 M\u00fcv\u0259kkili Artur Lastayev il\u0259 \u0259laq\u0259 saxlay\u0131b, \u201cAz\u0259rbaycan Hava Yollar\u0131\u201d avia\u015firk\u0259tinin t\u0259yyar\u0259sinin Aktau \u015f\u0259h\u0259ri yax\u0131nl\u0131\u011f\u0131nda q\u0259zaya u\u011framas\u0131 n\u0259tic\u0259sind\u0259 h\u0259yat\u0131n\u0131 itir\u0259n v\u0259 m\u00fcalic\u0259y\u0259 ehtiyac\u0131 olan \u015f\u0259xsl\u0259rl\u0259 ba\u011fl\u0131 laz\u0131mi z\u0259ruri t\u0259dbirl\u0259rin g\u00f6r\u00fclm\u0259si \u00fc\u00e7\u00fcn m\u0259s\u0259l\u0259nin diqq\u0259td\u0259 saxlan\u0131lmas\u0131n\u0131 xahi\u015f edib. Bu bar\u0259d\u0259\u00a0Musavat.com-a Ombudsman Aparat\u0131ndan m\u0259lumat verilib. Bildirilib ki, birba\u015fa fasil\u0259siz t\u0259mas\u0131n yarad\u0131lmas\u0131 m\u0259qs\u0259dil\u0259 Qazax\u0131stan v\u0259 Az\u0259rbaycan Ombudsman t\u0259sisatlar\u0131n\u0131n \u0259m\u0259kda\u015flar\u0131ndan ibar\u0259t i\u015f\u00e7i qrupu yarad\u0131lmaqla, z\u0259ruri m\u0259lumatlar\u0131n b\u00f6l\u00fc\u015f\u00fclm\u0259si t\u0259min olunub. Hadis\u0259 il\u0259 ba\u011fl\u0131 m\u0259s\u0259l\u0259l\u0259r diqq\u0259td\u0259 saxlan\u0131l\u0131r, ictimaiyy\u0259t\u0259 \u0259lav\u0259 m\u0259lumat veril\u0259c\u0259k.<\/p>\n","protected":false},"author":2,"featured_media":776986,"comment_status":"closed","ping_status":"closed","sticky":false,"template":"","format":"standard","meta":{"om_disable_all_campaigns":false,"_monsterinsights_skip_tracking":false,"_monsterinsights_sitenote_active":false,"_monsterinsights_sitenote_note":"","_monsterinsights_sitenote_category":0},"categories":[19],"tags":[],"aioseo_notices":[],"gutentor_comment":0,"rttpg_featured_image_url":{"full":["https:\/\/arantv.az\/wp-content\/uploads\/2024\/12\/22012045f083d5bf8a7e94f08db2a921.jpg",870,500,false],"landscape":["https:\/\/arantv.az\/wp-content\/uploads\/2024\/12\/22012045f083d5bf8a7e94f08db2a921.jpg",870,500,false],"portraits":["https:\/\/arantv.az\/wp-content\/uploads\/2024\/12\/22012045f083d5bf8a7e94f08db2a921.jpg",870,500,false],"thumbnail":["https:\/\/arantv.az\/wp-content\/uploads\/2024\/12\/22012045f083d5bf8a7e94f08db2a921-500x280.jpg",500,280,true],"medium":["https:\/\/arantv.az\/wp-content\/uploads\/2024\/12\/22012045f083d5bf8a7e94f08db2a921-635x365.jpg",635,365,true],"large":["https:\/\/arantv.az\/wp-content\/uploads\/2024\/12\/22012045f083d5bf8a7e94f08db2a921-840x483.jpg",640,368,true],"1536x1536":["https:\/\/arantv.az\/wp-content\/uploads\/2024\/12\/22012045f083d5bf8a7e94f08db2a921.jpg",870,500,false],"2048x2048":["https:\/\/arantv.az\/wp-content\/uploads\/2024\/12\/22012045f083d5bf8a7e94f08db2a921.jpg",870,500,false],"post-thumbnail":["https:\/\/arantv.az\/wp-content\/uploads\/2024\/12\/22012045f083d5bf8a7e94f08db2a921-240x172.jpg",240,172,true],"advps-thumb-one":["https:\/\/arantv.az\/wp-content\/uploads\/2024\/12\/22012045f083d5bf8a7e94f08db2a921.jpg",870,500,false]},"rttpg_author":{"display_name":"V\u00fcsal Rafiqo\u011flu","author_link":"https:\/\/arantv.az\/?author=2"},"rttpg_comment":0,"rttpg_category":"<a href=\"https:\/\/arantv.az\/?cat=19\" rel=\"category\">G\u00fcnd\u0259m<\/a>","rttpg_excerpt":"Az\u0259rbaycan Respublikas\u0131n\u0131n \u0130nsan H\u00fcquqlar\u0131 \u00fczr\u0259 M\u00fcv\u0259kkili (Ombudsman) S\u0259bin\u0259 \u018fliyeva Qazax\u0131stan Respublikas\u0131n\u0131n \u0130nsan H\u00fcquqlar\u0131 \u00fczr\u0259 M\u00fcv\u0259kkili Artur Lastayev il\u0259 \u0259laq\u0259 saxlay\u0131b, \u201cAz\u0259rbaycan Hava Yollar\u0131\u201d avia\u015firk\u0259tinin t\u0259yyar\u0259sinin Aktau \u015f\u0259h\u0259ri yax\u0131nl\u0131\u011f\u0131nda q\u0259zaya u\u011framas\u0131 n\u0259tic\u0259sind\u0259 h\u0259yat\u0131n\u0131 itir\u0259n v\u0259 m\u00fcalic\u0259y\u0259 ehtiyac\u0131 olan \u015f\u0259xsl\u0259rl\u0259 ba\u011fl\u0131 laz\u0131mi z\u0259ruri t\u0259dbirl\u0259rin g\u00f6r\u00fclm\u0259si \u00fc\u00e7\u00fcn m\u0259s\u0259l\u0259nin diqq\u0259td\u0259 saxlan\u0131lmas\u0131n\u0131 xahi\u015f edib. Bu bar\u0259d\u0259\u00a0Musavat.com-a Ombudsman Aparat\u0131ndan m\u0259lumat verilib.&hellip;","_links":{"self":[{"href":"https:\/\/arantv.az\/index.php?rest_route=\/wp\/v2\/posts\/776985"}],"collection":[{"href":"https:\/\/arantv.az\/index.php?rest_route=\/wp\/v2\/posts"}],"about":[{"href":"https:\/\/arantv.az\/index.php?rest_route=\/wp\/v2\/types\/post"}],"author":[{"embeddable":true,"href":"https:\/\/arantv.az\/index.php?rest_route=\/wp\/v2\/users\/2"}],"replies":[{"embeddable":true,"href":"https:\/\/arantv.az\/index.php?rest_route=%2Fwp%2Fv2%2Fcomments&post=776985"}],"version-history":[{"count":2,"href":"https:\/\/arantv.az\/index.php?rest_route=\/wp\/v2\/posts\/776985\/revisions"}],"predecessor-version":[{"id":776988,"href":"https:\/\/arantv.az\/index.php?rest_route=\/wp\/v2\/posts\/776985\/revisions\/776988"}],"wp:featuredmedia":[{"embeddable":true,"href":"https:\/\/arantv.az\/index.php?rest_route=\/wp\/v2\/media\/776986"}],"wp:attachment":[{"href":"https:\/\/arantv.az\/index.php?rest_route=%2Fwp%2Fv2%2Fmedia&parent=776985"}],"wp:term":[{"taxonomy":"category","embeddable":true,"href":"https:\/\/arantv.az\/index.php?rest_route=%2Fwp%2Fv2%2Fcategories&post=776985"},{"taxonomy":"post_tag","embeddable":true,"href":"https:\/\/arantv.az\/index.php?rest_route=%2Fwp%2Fv2%2Ftags&post=776985"}],"curies":[{"name":"wp","href":"https:\/\/api.w.org\/{rel}","templated":true}]}}