{"id":777005,"date":"2024-12-25T18:54:38","date_gmt":"2024-12-25T14:54:38","guid":{"rendered":"https:\/\/arantv.az\/?p=777005"},"modified":"2024-12-25T18:54:38","modified_gmt":"2024-12-25T14:54:38","slug":"son-d%c9%99qiq%c9%99-ilham-%c9%99liyevd%c9%99n-q%c9%99za-il%c9%99-bagli-xususi-tapsiriq","status":"publish","type":"post","link":"https:\/\/arantv.az\/?p=777005","title":{"rendered":"SON D\u018fQ\u0130Q\u018f: \u0130lham \u018fliyevd\u0259n q\u0259za il\u0259 ba\u011fl\u0131 X\u00dcSUS\u0130 TAP\u015eIRIQ"},"content":{"rendered":"<p>Ba\u015f vermi\u015f t\u0259yyar\u0259 q\u0259zas\u0131n\u0131 ara\u015fd\u0131rmaq \u00fc\u00e7\u00fcn Prezident \u0130lham \u018fliyevin tap\u015f\u0131r\u0131\u011f\u0131 il\u0259 d\u00f6vl\u0259t orqanlar\u0131n\u0131n n\u00fcmay\u0259nd\u0259l\u0259ri Qazax\u0131stana yola d\u00fc\u015f\u00fcbl\u0259r.<\/p>\n<p>Musavat.com-un m\u0259lumat\u0131na g\u00f6r\u0259, ba\u015f vermi\u015f hadis\u0259ni yerind\u0259 ara\u015fd\u0131rmaq m\u0259qs\u0259dil\u0259 d\u00f6vl\u0259t ba\u015f\u00e7\u0131s\u0131n\u0131n tap\u015f\u0131r\u0131\u011f\u0131 il\u0259 r\u0259q\u0259msal inki\u015faf v\u0259 n\u0259qliyyat naziri, f\u00f6vq\u0259lad\u0259 hallar naziri, ba\u015f prokurorun m\u00fcavini, s\u0259hiyy\u0259 nazirinin m\u00fcavini, D\u00f6vl\u0259t M\u00fclki Aviasiya Agentliyinin direktorunun m\u00fcavini, AZAL-\u0131n vitse-prezidenti v\u0259 dig\u0259r aidiyy\u0259ti d\u00f6vl\u0259t orqanlar\u0131n\u0131n n\u00fcmay\u0259nd\u0259l\u0259ri Qazax\u0131stan\u0131n Aktau \u015f\u0259h\u0259rin\u0259 yola d\u00fc\u015f\u00fcbl\u0259r.<\/p>\n<p>Xat\u0131rladaq ki, \u201cAz\u0259rbaycan Hava Yollar\u0131\u201d avia\u015firk\u0259tinin Bak\u0131-Qrozn\u0131 reysini yerin\u0259 yetir\u0259n \u201cEmbraer 190\u201d t\u0259yyar\u0259si Aktau \u015f\u0259h\u0259rinin 3 km yax\u0131nl\u0131\u011f\u0131nda q\u0259zaya d\u00fc\u015f\u00fcb.<\/p>\n","protected":false},"excerpt":{"rendered":"<p>Ba\u015f vermi\u015f t\u0259yyar\u0259 q\u0259zas\u0131n\u0131 ara\u015fd\u0131rmaq \u00fc\u00e7\u00fcn Prezident \u0130lham \u018fliyevin tap\u015f\u0131r\u0131\u011f\u0131 il\u0259 d\u00f6vl\u0259t orqanlar\u0131n\u0131n n\u00fcmay\u0259nd\u0259l\u0259ri Qazax\u0131stana yola d\u00fc\u015f\u00fcbl\u0259r. Musavat.com-un m\u0259lumat\u0131na g\u00f6r\u0259, ba\u015f vermi\u015f hadis\u0259ni yerind\u0259 ara\u015fd\u0131rmaq m\u0259qs\u0259dil\u0259 d\u00f6vl\u0259t ba\u015f\u00e7\u0131s\u0131n\u0131n tap\u015f\u0131r\u0131\u011f\u0131 il\u0259 r\u0259q\u0259msal inki\u015faf v\u0259 n\u0259qliyyat naziri, f\u00f6vq\u0259lad\u0259 hallar naziri, ba\u015f prokurorun m\u00fcavini, s\u0259hiyy\u0259 nazirinin m\u00fcavini, D\u00f6vl\u0259t M\u00fclki Aviasiya Agentliyinin direktorunun m\u00fcavini, AZAL-\u0131n vitse-prezidenti v\u0259 dig\u0259r aidiyy\u0259ti d\u00f6vl\u0259t orqanlar\u0131n\u0131n n\u00fcmay\u0259nd\u0259l\u0259ri Qazax\u0131stan\u0131n Aktau \u015f\u0259h\u0259rin\u0259 yola d\u00fc\u015f\u00fcbl\u0259r. Xat\u0131rladaq ki, \u201cAz\u0259rbaycan Hava Yollar\u0131\u201d avia\u015firk\u0259tinin Bak\u0131-Qrozn\u0131 reysini yerin\u0259 yetir\u0259n \u201cEmbraer 190\u201d t\u0259yyar\u0259si Aktau \u015f\u0259h\u0259rinin 3 km yax\u0131nl\u0131\u011f\u0131nda q\u0259zaya d\u00fc\u015f\u00fcb.<\/p>\n","protected":false},"author":2,"featured_media":777006,"comment_status":"closed","ping_status":"closed","sticky":false,"template":"","format":"standard","meta":{"om_disable_all_campaigns":false,"_monsterinsights_skip_tracking":false,"_monsterinsights_sitenote_active":false,"_monsterinsights_sitenote_note":"","_monsterinsights_sitenote_category":0},"categories":[4],"tags":[],"aioseo_notices":[],"gutentor_comment":0,"rttpg_featured_image_url":{"full":["https:\/\/arantv.az\/wp-content\/uploads\/2024\/12\/4da5defe1d0441b177b829add62696e4.jpg",870,500,false],"landscape":["https:\/\/arantv.az\/wp-content\/uploads\/2024\/12\/4da5defe1d0441b177b829add62696e4.jpg",870,500,false],"portraits":["https:\/\/arantv.az\/wp-content\/uploads\/2024\/12\/4da5defe1d0441b177b829add62696e4.jpg",870,500,false],"thumbnail":["https:\/\/arantv.az\/wp-content\/uploads\/2024\/12\/4da5defe1d0441b177b829add62696e4-500x280.jpg",500,280,true],"medium":["https:\/\/arantv.az\/wp-content\/uploads\/2024\/12\/4da5defe1d0441b177b829add62696e4-635x365.jpg",635,365,true],"large":["https:\/\/arantv.az\/wp-content\/uploads\/2024\/12\/4da5defe1d0441b177b829add62696e4-840x483.jpg",640,368,true],"1536x1536":["https:\/\/arantv.az\/wp-content\/uploads\/2024\/12\/4da5defe1d0441b177b829add62696e4.jpg",870,500,false],"2048x2048":["https:\/\/arantv.az\/wp-content\/uploads\/2024\/12\/4da5defe1d0441b177b829add62696e4.jpg",870,500,false],"post-thumbnail":["https:\/\/arantv.az\/wp-content\/uploads\/2024\/12\/4da5defe1d0441b177b829add62696e4-240x172.jpg",240,172,true],"advps-thumb-one":["https:\/\/arantv.az\/wp-content\/uploads\/2024\/12\/4da5defe1d0441b177b829add62696e4.jpg",870,500,false]},"rttpg_author":{"display_name":"V\u00fcsal Rafiqo\u011flu","author_link":"https:\/\/arantv.az\/?author=2"},"rttpg_comment":0,"rttpg_category":"<a href=\"https:\/\/arantv.az\/?cat=4\" rel=\"category\">Siyas\u0259t<\/a>","rttpg_excerpt":"Ba\u015f vermi\u015f t\u0259yyar\u0259 q\u0259zas\u0131n\u0131 ara\u015fd\u0131rmaq \u00fc\u00e7\u00fcn Prezident \u0130lham \u018fliyevin tap\u015f\u0131r\u0131\u011f\u0131 il\u0259 d\u00f6vl\u0259t orqanlar\u0131n\u0131n n\u00fcmay\u0259nd\u0259l\u0259ri Qazax\u0131stana yola d\u00fc\u015f\u00fcbl\u0259r. Musavat.com-un m\u0259lumat\u0131na g\u00f6r\u0259, ba\u015f vermi\u015f hadis\u0259ni yerind\u0259 ara\u015fd\u0131rmaq m\u0259qs\u0259dil\u0259 d\u00f6vl\u0259t ba\u015f\u00e7\u0131s\u0131n\u0131n tap\u015f\u0131r\u0131\u011f\u0131 il\u0259 r\u0259q\u0259msal inki\u015faf v\u0259 n\u0259qliyyat naziri, f\u00f6vq\u0259lad\u0259 hallar naziri, ba\u015f prokurorun m\u00fcavini, s\u0259hiyy\u0259 nazirinin m\u00fcavini, D\u00f6vl\u0259t M\u00fclki Aviasiya Agentliyinin direktorunun m\u00fcavini, AZAL-\u0131n vitse-prezidenti v\u0259 dig\u0259r aidiyy\u0259ti&hellip;","_links":{"self":[{"href":"https:\/\/arantv.az\/index.php?rest_route=\/wp\/v2\/posts\/777005"}],"collection":[{"href":"https:\/\/arantv.az\/index.php?rest_route=\/wp\/v2\/posts"}],"about":[{"href":"https:\/\/arantv.az\/index.php?rest_route=\/wp\/v2\/types\/post"}],"author":[{"embeddable":true,"href":"https:\/\/arantv.az\/index.php?rest_route=\/wp\/v2\/users\/2"}],"replies":[{"embeddable":true,"href":"https:\/\/arantv.az\/index.php?rest_route=%2Fwp%2Fv2%2Fcomments&post=777005"}],"version-history":[{"count":2,"href":"https:\/\/arantv.az\/index.php?rest_route=\/wp\/v2\/posts\/777005\/revisions"}],"predecessor-version":[{"id":777008,"href":"https:\/\/arantv.az\/index.php?rest_route=\/wp\/v2\/posts\/777005\/revisions\/777008"}],"wp:featuredmedia":[{"embeddable":true,"href":"https:\/\/arantv.az\/index.php?rest_route=\/wp\/v2\/media\/777006"}],"wp:attachment":[{"href":"https:\/\/arantv.az\/index.php?rest_route=%2Fwp%2Fv2%2Fmedia&parent=777005"}],"wp:term":[{"taxonomy":"category","embeddable":true,"href":"https:\/\/arantv.az\/index.php?rest_route=%2Fwp%2Fv2%2Fcategories&post=777005"},{"taxonomy":"post_tag","embeddable":true,"href":"https:\/\/arantv.az\/index.php?rest_route=%2Fwp%2Fv2%2Ftags&post=777005"}],"curies":[{"name":"wp","href":"https:\/\/api.w.org\/{rel}","templated":true}]}}