{"id":777012,"date":"2024-12-25T19:01:32","date_gmt":"2024-12-25T15:01:32","guid":{"rendered":"https:\/\/arantv.az\/?p=777012"},"modified":"2024-12-25T19:01:32","modified_gmt":"2024-12-25T15:01:32","slug":"mehriban-%c9%99liyeva-aktau-yaxinliginda-t%c9%99yyar%c9%99-q%c9%99zasinda-h%c9%99lak-olanlarla-bagli-bassagligi-verib","status":"publish","type":"post","link":"https:\/\/arantv.az\/?p=777012","title":{"rendered":"Mehriban \u018fliyeva Aktau yax\u0131nl\u0131\u011f\u0131nda t\u0259yyar\u0259 q\u0259zas\u0131nda h\u0259lak olanlarla ba\u011fl\u0131 ba\u015fsa\u011fl\u0131\u011f\u0131 verib"},"content":{"rendered":"<p><strong>Az\u0259rbaycan\u0131n Birinci vitse-prezident Mehriban \u018fliyeva Aktau yax\u0131nl\u0131\u011f\u0131nda AZAL-a m\u0259xsus t\u0259yyar\u0259nin q\u0259zas\u0131 n\u0259tic\u0259sind\u0259 h\u0259lak olanlarla ba\u011fl\u0131 ba\u015fsa\u011fl\u0131\u011f\u0131 verib.<\/strong><\/p>\n<p><strong>Musavat.com<\/strong>-un m\u0259lumat\u0131na g\u00f6r\u0259, Mehriban \u018fliyeva bununla ba\u011fl\u0131 r\u0259smi sosial \u015f\u0259b\u0259k\u0259sind\u0259 payla\u015f\u0131m edib.<\/p>\n<p><strong>Payla\u015f\u0131mda deyilir:<\/strong><\/p>\n<p>&#8220;Aktau yax\u0131nl\u0131\u011f\u0131nda t\u0259yyar\u0259 q\u0259zas\u0131 n\u0259tic\u0259sind\u0259 insanlar\u0131n faci\u0259li \u015f\u0259kild\u0259 h\u0259lak olmas\u0131 x\u0259b\u0259ri m\u0259ni d\u0259rind\u0259n sars\u0131td\u0131. H\u0259lak olanlar\u0131n do\u011fmalar\u0131na v\u0259 yax\u0131nlar\u0131na d\u0259rin h\u00fcznl\u0259 ba\u015fsa\u011fl\u0131\u011f\u0131 verir, onlara g\u00fcc v\u0259 s\u0259bir dil\u0259yir\u0259m. Yaralananlar\u0131n tezlikl\u0259 \u015f\u0259fa tapmas\u0131n\u0131 arzulay\u0131ram. Uca Allah xalq\u0131m\u0131z\u0131 b\u00fct\u00fcn b\u0259lalardan v\u0259 b\u0259db\u0259xtlikl\u0259rd\u0259n qorusun!&#8221;.<\/p>\n","protected":false},"excerpt":{"rendered":"<p>Az\u0259rbaycan\u0131n Birinci vitse-prezident Mehriban \u018fliyeva Aktau yax\u0131nl\u0131\u011f\u0131nda AZAL-a m\u0259xsus t\u0259yyar\u0259nin q\u0259zas\u0131 n\u0259tic\u0259sind\u0259 h\u0259lak olanlarla ba\u011fl\u0131 ba\u015fsa\u011fl\u0131\u011f\u0131 verib. Musavat.com-un m\u0259lumat\u0131na g\u00f6r\u0259, Mehriban \u018fliyeva bununla ba\u011fl\u0131 r\u0259smi sosial \u015f\u0259b\u0259k\u0259sind\u0259 payla\u015f\u0131m edib. Payla\u015f\u0131mda deyilir: &#8220;Aktau yax\u0131nl\u0131\u011f\u0131nda t\u0259yyar\u0259 q\u0259zas\u0131 n\u0259tic\u0259sind\u0259 insanlar\u0131n faci\u0259li \u015f\u0259kild\u0259 h\u0259lak olmas\u0131 x\u0259b\u0259ri m\u0259ni d\u0259rind\u0259n sars\u0131td\u0131. H\u0259lak olanlar\u0131n do\u011fmalar\u0131na v\u0259 yax\u0131nlar\u0131na d\u0259rin h\u00fcznl\u0259 ba\u015fsa\u011fl\u0131\u011f\u0131 verir, onlara g\u00fcc v\u0259 s\u0259bir dil\u0259yir\u0259m. Yaralananlar\u0131n tezlikl\u0259 \u015f\u0259fa tapmas\u0131n\u0131 arzulay\u0131ram. Uca Allah xalq\u0131m\u0131z\u0131 b\u00fct\u00fcn b\u0259lalardan v\u0259 b\u0259db\u0259xtlikl\u0259rd\u0259n qorusun!&#8221;.<\/p>\n","protected":false},"author":2,"featured_media":777013,"comment_status":"closed","ping_status":"closed","sticky":false,"template":"","format":"standard","meta":{"om_disable_all_campaigns":false,"_monsterinsights_skip_tracking":false,"_monsterinsights_sitenote_active":false,"_monsterinsights_sitenote_note":"","_monsterinsights_sitenote_category":0},"categories":[4],"tags":[],"aioseo_notices":[],"gutentor_comment":0,"rttpg_featured_image_url":{"full":["https:\/\/arantv.az\/wp-content\/uploads\/2024\/12\/3f032c5759a445619769f800da7e86b3.jpg",850,500,false],"landscape":["https:\/\/arantv.az\/wp-content\/uploads\/2024\/12\/3f032c5759a445619769f800da7e86b3.jpg",850,500,false],"portraits":["https:\/\/arantv.az\/wp-content\/uploads\/2024\/12\/3f032c5759a445619769f800da7e86b3.jpg",850,500,false],"thumbnail":["https:\/\/arantv.az\/wp-content\/uploads\/2024\/12\/3f032c5759a445619769f800da7e86b3-500x280.jpg",500,280,true],"medium":["https:\/\/arantv.az\/wp-content\/uploads\/2024\/12\/3f032c5759a445619769f800da7e86b3-621x365.jpg",621,365,true],"large":["https:\/\/arantv.az\/wp-content\/uploads\/2024\/12\/3f032c5759a445619769f800da7e86b3-840x494.jpg",640,376,true],"1536x1536":["https:\/\/arantv.az\/wp-content\/uploads\/2024\/12\/3f032c5759a445619769f800da7e86b3.jpg",850,500,false],"2048x2048":["https:\/\/arantv.az\/wp-content\/uploads\/2024\/12\/3f032c5759a445619769f800da7e86b3.jpg",850,500,false],"post-thumbnail":["https:\/\/arantv.az\/wp-content\/uploads\/2024\/12\/3f032c5759a445619769f800da7e86b3-240x172.jpg",240,172,true],"advps-thumb-one":["https:\/\/arantv.az\/wp-content\/uploads\/2024\/12\/3f032c5759a445619769f800da7e86b3.jpg",850,500,false]},"rttpg_author":{"display_name":"V\u00fcsal Rafiqo\u011flu","author_link":"https:\/\/arantv.az\/?author=2"},"rttpg_comment":0,"rttpg_category":"<a href=\"https:\/\/arantv.az\/?cat=4\" rel=\"category\">Siyas\u0259t<\/a>","rttpg_excerpt":"Az\u0259rbaycan\u0131n Birinci vitse-prezident Mehriban \u018fliyeva Aktau yax\u0131nl\u0131\u011f\u0131nda AZAL-a m\u0259xsus t\u0259yyar\u0259nin q\u0259zas\u0131 n\u0259tic\u0259sind\u0259 h\u0259lak olanlarla ba\u011fl\u0131 ba\u015fsa\u011fl\u0131\u011f\u0131 verib. Musavat.com-un m\u0259lumat\u0131na g\u00f6r\u0259, Mehriban \u018fliyeva bununla ba\u011fl\u0131 r\u0259smi sosial \u015f\u0259b\u0259k\u0259sind\u0259 payla\u015f\u0131m edib. Payla\u015f\u0131mda deyilir: &#8220;Aktau yax\u0131nl\u0131\u011f\u0131nda t\u0259yyar\u0259 q\u0259zas\u0131 n\u0259tic\u0259sind\u0259 insanlar\u0131n faci\u0259li \u015f\u0259kild\u0259 h\u0259lak olmas\u0131 x\u0259b\u0259ri m\u0259ni d\u0259rind\u0259n sars\u0131td\u0131. H\u0259lak olanlar\u0131n do\u011fmalar\u0131na v\u0259 yax\u0131nlar\u0131na d\u0259rin h\u00fcznl\u0259 ba\u015fsa\u011fl\u0131\u011f\u0131 verir, onlara&hellip;","_links":{"self":[{"href":"https:\/\/arantv.az\/index.php?rest_route=\/wp\/v2\/posts\/777012"}],"collection":[{"href":"https:\/\/arantv.az\/index.php?rest_route=\/wp\/v2\/posts"}],"about":[{"href":"https:\/\/arantv.az\/index.php?rest_route=\/wp\/v2\/types\/post"}],"author":[{"embeddable":true,"href":"https:\/\/arantv.az\/index.php?rest_route=\/wp\/v2\/users\/2"}],"replies":[{"embeddable":true,"href":"https:\/\/arantv.az\/index.php?rest_route=%2Fwp%2Fv2%2Fcomments&post=777012"}],"version-history":[{"count":1,"href":"https:\/\/arantv.az\/index.php?rest_route=\/wp\/v2\/posts\/777012\/revisions"}],"predecessor-version":[{"id":777014,"href":"https:\/\/arantv.az\/index.php?rest_route=\/wp\/v2\/posts\/777012\/revisions\/777014"}],"wp:featuredmedia":[{"embeddable":true,"href":"https:\/\/arantv.az\/index.php?rest_route=\/wp\/v2\/media\/777013"}],"wp:attachment":[{"href":"https:\/\/arantv.az\/index.php?rest_route=%2Fwp%2Fv2%2Fmedia&parent=777012"}],"wp:term":[{"taxonomy":"category","embeddable":true,"href":"https:\/\/arantv.az\/index.php?rest_route=%2Fwp%2Fv2%2Fcategories&post=777012"},{"taxonomy":"post_tag","embeddable":true,"href":"https:\/\/arantv.az\/index.php?rest_route=%2Fwp%2Fv2%2Ftags&post=777012"}],"curies":[{"name":"wp","href":"https:\/\/api.w.org\/{rel}","templated":true}]}}