{"id":777015,"date":"2024-12-25T19:05:14","date_gmt":"2024-12-25T15:05:14","guid":{"rendered":"https:\/\/arantv.az\/?p=777015"},"modified":"2024-12-25T19:05:14","modified_gmt":"2024-12-25T15:05:14","slug":"31-dekabr-h%c9%99m-h%c9%99mr%c9%99ylik-bayrami-h%c9%99m-d%c9%99-cagirisdir","status":"publish","type":"post","link":"https:\/\/arantv.az\/?p=777015","title":{"rendered":"31 dekabr h\u0259m h\u0259mr\u0259ylik bayram\u0131, h\u0259m d\u0259 \u00e7a\u011f\u0131r\u0131\u015fd\u0131r"},"content":{"rendered":"<p><strong>D\u00fcnya Az\u0259rbaycanl\u0131lar\u0131n\u0131n H\u0259mr\u0259yliyi G\u00fcn\u00fcn\u00fcn mahiyy\u0259ti v\u0259 mesaj\u0131&#8230;<\/strong><\/p>\n<p>Bir ne\u00e7\u0259 g\u00fcn sonra b\u00fct\u00fcn d\u00fcnyadak\u0131 az\u0259rbaycanl\u0131lar D\u00fcnya Az\u0259rbaycanl\u0131lar\u0131n\u0131n H\u0259mr\u0259yliyi G\u00fcn\u00fcn\u00fc qeyd ed\u0259c\u0259k. Qeyd ed\u0259k ki, h\u0259r il 31 dekabrda qeyd olunan bu bayram d\u00fcnya az\u0259rbaycanl\u0131lar\u0131n\u0131 birl\u0259\u015fdir\u0259n m\u00fch\u00fcm bir tarix kimi q\u0259bul edilir. Bu g\u00fcn t\u0259kc\u0259 bayram deyil, eyni zamanda milli h\u0259mr\u0259ylik, birlik v\u0259 \u00f6z\u00fcn\u00fcd\u0259rk ideyalar\u0131n\u0131 \u0259ks etdir\u0259n simvolik bir g\u00fcnd\u00fcr. H\u0259mr\u0259yliy\u0259 dair bu ideya Az\u0259rbaycan xalq\u0131n\u0131n tarixi m\u00fccadil\u0259l\u0259ri v\u0259 milli d\u0259y\u0259rl\u0259rind\u0259n qaynaqlan\u0131r.<\/p>\n<p><em>Xat\u0131rladaq ki, D\u00fcnya Az\u0259rbaycanl\u0131lar\u0131n\u0131n H\u0259mr\u0259yliyi G\u00fcn\u00fcn\u00fcn \u0259sas\u0131 1989-cu il dekabr\u0131n ax\u0131rlar\u0131nda Nax\u00e7\u0131vanda SSR\u0130-\u0130ran s\u0259rh\u0259dl\u0259rinin da\u011f\u0131lmas\u0131 zaman\u0131 qoyulub. H\u0259min vaxt \u015eimali v\u0259 C\u0259nubi Az\u0259rbaycan aras\u0131ndak\u0131 s\u0259rh\u0259d dir\u0259kl\u0259ri da\u011f\u0131d\u0131ld\u0131. Noyabrda ke\u00e7iril\u0259n Ali M\u0259clisi xalq\u0131n irad\u0259sini bir daha ifad\u0259 ed\u0259r\u0259k C\u0259nubi v\u0259 \u015eimali Az\u0259rbaycan aras\u0131nda humanitar, m\u0259d\u0259ni, iqtisadi v\u0259 qohumluq \u0259laq\u0259l\u0259rini b\u0259rpa etm\u0259k m\u0259qs\u0259dil\u0259 s\u0259rh\u0259d \u00e7\u0259p\u0259rl\u0259rinin g\u00f6t\u00fcr\u00fclm\u0259si v\u0259 m\u00fch\u0259ndis-texniki qur\u011fular\u0131n s\u00f6k\u00fclm\u0259si haqq\u0131nda q\u0259rar q\u0259bul edib. Sovet \u0130ttifaq\u0131 Kommunist Partiyas\u0131n\u0131n, Az\u0259rbaycan Kommunist Partiyas\u0131n\u0131n m\u0259rk\u0259zi komit\u0259l\u0259ri, partiyan\u0131n yerli orqanlar\u0131, SSR\u0130 s\u0259rh\u0259d qo\u015funlar\u0131n\u0131n r\u0259hb\u0259rliyi buna mane olmaq \u00fc\u00e7\u00fcn b\u00fct\u00fcn siyasi v\u0259 h\u0259rbi t\u0259sir vasit\u0259l\u0259rin\u0259 \u0259l atd\u0131lar, lakin buna baxmayaraq milli f\u0259allar \u201cS\u0259rh\u0259d h\u0259r\u0259kat\u0131\u201d adl\u0131 bir s\u0131ra siyasi aksiyalar h\u0259yata ke\u00e7irdi. Geni\u015fl\u0259n\u0259n demokratik h\u0259r\u0259kat\u0131n n\u0259tic\u0259sind\u0259 SSR\u0130-nin d\u00f6vl\u0259t s\u0259rh\u0259di boyunca \u00e7\u0259kil\u0259n s\u0259rh\u0259d \u00e7\u0259p\u0259rl\u0259ri ellikl\u0259 s\u00f6k\u00fcld\u00fc. \u0130lk d\u0259f\u0259 olaraq Araz\u0131n o tay\u0131nda, bu tay\u0131nda olan qohumlar\u0131n, h\u0259mv\u0259t\u0259nl\u0259rin \u00fcnsiyy\u0259t imkanlar\u0131 yarand\u0131, sad\u0259l\u0259\u015fdirilmi\u015f ke\u00e7id m\u0259nt\u0259q\u0259l\u0259ri t\u0259\u015fkil edildi. Bel\u0259likl\u0259, 1989-cu il dekabr\u0131n 31-i D\u00fcnya az\u0259rbaycanl\u0131lar\u0131n\u0131n h\u0259mr\u0259ylik bayram\u0131na \u00e7evrildi.\u00a0<\/em><\/p>\n<p>1990-c\u0131 ilin noyabr ay\u0131n\u0131n 3-d\u0259 T\u00fcrkiy\u0259d\u0259 ke\u00e7iril\u0259n Birinci Mill\u0259tl\u0259raras\u0131 Az\u0259rbaycan d\u0259rn\u0259kl\u0259ri qurultay\u0131 is\u0259 Nax\u00e7\u0131van Muxtar Respublikas\u0131ndan ba\u015flanm\u0131\u015f s\u0259rh\u0259d h\u0259r\u0259kat\u0131n\u0131n real davam\u0131 kimi milli birlik v\u0259 h\u0259mr\u0259ylik yolunda at\u0131lan daha bir m\u00fch\u00fcm add\u0131m oldu. Noyabr ay\u0131n\u0131n 5-d\u0259 qurultay\u0131n q\u0259bul etdiyi q\u0259rarda 31 dekabr g\u00fcn\u00fcn\u00fcn h\u0259r il geni\u015f qeyd edilm\u0259si z\u0259rur\u0259ti ir\u0259li s\u00fcr\u00fcld\u00fc. 1991-ci ilin 16 dekabr\u0131nda Nax\u00e7\u0131van Muxtar Respublikas\u0131 Ali M\u0259clisinin s\u0259dri Heyd\u0259r \u018fliyev d\u00fcnya az\u0259rbaycanl\u0131lar\u0131n\u0131n birliyini yaratma\u011f\u0131n \u0259h\u0259miyy\u0259tini n\u0259z\u0259r\u0259 alaraq dekabr\u0131n 31-ni D\u00fcnya Az\u0259rbaycanl\u0131lar\u0131n\u0131n H\u0259mr\u0259ylik G\u00fcn\u00fc elan etdi. Bu bar\u0259d\u0259 Nax\u00e7\u0131van Muxtar Respublikas\u0131n\u0131n Ali M\u0259clisi 6 b\u0259ndd\u0259n ibar\u0259t q\u0259rar q\u0259bul etdi. Q\u0259rarda bel\u0259 qeyd olunurdu:<\/p>\n<p>&#8211; 31 dekabr D\u00fcnya az\u0259rbaycanl\u0131lar\u0131n\u0131n h\u0259mr\u0259ylik v\u0259 birlik g\u00fcn\u00fc elan olunsun v\u0259 h\u0259r il bayram edilsin.<\/p>\n<p>&#8211; H\u0259min g\u00fcn Nax\u00e7\u0131van Muxtar Respublikas\u0131 \u0259razisind\u0259 i\u015f g\u00fcn\u00fc hesab edilm\u0259sin.<\/p>\n<p>&#8211; 31 dekabr\u0131n D\u00fcnya az\u0259rbaycanl\u0131lar\u0131n\u0131n h\u0259mr\u0259ylik v\u0259 birlik g\u00fcn\u00fc kimi b\u00fct\u00fcn Az\u0259rbaycan Respublikas\u0131nda r\u0259smi qeyd edilm\u0259si \u00fc\u00e7\u00fcn qanunvericilik t\u0259\u015f\u0259bb\u00fcs\u00fc qaydas\u0131nda Az\u0259rbaycan Respublikas\u0131n\u0131n Ali Sovetin\u0259 t\u0259klif verilsin.<\/p>\n<p>&#8211; Nax\u00e7\u0131van Muxtar Respublikas\u0131n\u0131n \u015f\u0259h\u0259r v\u0259 rayon m\u0259clisl\u0259rin\u0259 tap\u015f\u0131r\u0131ls\u0131n ki, bayram g\u00fcnl\u0259ri demokratik t\u0259\u015fkilatlar\u0131n i\u015ftirak\u0131 il\u0259 t\u0259nt\u0259n\u0259li m\u0259rasiml\u0259r haz\u0131rlay\u0131b h\u0259yata ke\u00e7irsinl\u0259r.<\/p>\n<p>&#8211; Akademik Yusif M\u0259mm\u0259d\u0259liyev ad\u0131na Nax\u00e7\u0131van D\u00f6vl\u0259t Universitetin\u0259, Az\u0259rbaycan Milli Elml\u0259r Akademiyas\u0131n\u0131n Nax\u00e7\u0131van \u015f\u00f6b\u0259sin\u0259, Az\u0259rbaycan Yaz\u0131\u00e7\u0131lar Birliyinin Nax\u00e7\u0131van vilay\u0259t \u015f\u00f6b\u0259sin\u0259, Xalq T\u0259hsili Nazirliyin\u0259 tap\u015f\u0131r\u0131ls\u0131n ki, 31 dekabr D\u00fcnya az\u0259rbaycanl\u0131lar\u0131n\u0131n h\u0259mr\u0259ylik v\u0259 birlik g\u00fcn\u00fcn\u0259 h\u0259sr olunmu\u015f elmi konfrans ke\u00e7irsinl\u0259r.<\/p>\n<p>&#8211; S\u0259rh\u0259d \u00e7\u0259p\u0259rl\u0259rinin b\u0259rpa edilm\u0259si qanunsuz hesab edilsin v\u0259 istehkam qur\u011fular\u0131n\u0131n l\u0259\u011fv edilm\u0259sini t\u0259min etm\u0259k \u00fc\u00e7\u00fcn deputat komissiyas\u0131 yarad\u0131ls\u0131n.<\/p>\n<p>Bu f\u0259rman h\u0259m Az\u0259rbaycan\u0131n daxilind\u0259, h\u0259m d\u0259 \u00f6lk\u0259d\u0259n k\u0259narda ya\u015fayan az\u0259rbaycanl\u0131lar\u0131n birliyini t\u0259min etm\u0259k, onlar\u0131n milli m\u0259nsubiyy\u0259tin\u0259 olan sevgisini art\u0131rmaq m\u0259qs\u0259dini da\u015f\u0131y\u0131rd\u0131. O g\u00fcnd\u0259n etibar\u0259n, h\u0259mr\u0259ylik g\u00fcn\u00fc b\u00fct\u00fcn az\u0259rbaycanl\u0131lar \u00fc\u00e7\u00fcn x\u00fcsusi \u0259h\u0259miyy\u0259t k\u0259sb ed\u0259n bir tarix\u0259 \u00e7evrildi.<\/p>\n<p><strong>D\u00fcnya Az\u0259rbaycanl\u0131lar\u0131n\u0131n H\u0259mr\u0259yliyi G\u00fcn\u00fc milli birlik, m\u0259d\u0259niyy\u0259tin qorunmas\u0131 v\u0259 Az\u0259rbaycan xalq\u0131n\u0131n tarixi yadda\u015f\u0131n\u0131 canl\u0131 saxlamaq bax\u0131m\u0131ndan \u0259h\u0259miyy\u0259tlidir. Bu g\u00fcn yaln\u0131z Az\u0259rbaycanda deyil, d\u00fcnyan\u0131n m\u00fcxt\u0259lif yerl\u0259rind\u0259 ya\u015fayan az\u0259rbaycanl\u0131lar t\u0259r\u0259find\u0259n d\u0259 geni\u015f qeyd olunur. T\u0259dbirl\u0259r milli musiqi, r\u0259qs, \u0259d\u0259biyyat v\u0259 tariximizi \u0259ks etdir\u0259n proqramlarla z\u0259nginl\u0259\u015fdirilir.<\/strong><\/p>\n<p>M\u00fcxt\u0259lif \u00f6lk\u0259l\u0259rd\u0259 bu g\u00fcn\u00fcn qeyd olunmas\u0131 f\u0259rqli formalarda h\u0259yata ke\u00e7irilir:<\/p>\n<p>T\u00fcrkiy\u0259: Buradak\u0131 az\u0259rbaycanl\u0131 icmalar H\u0259mr\u0259ylik G\u00fcn\u00fcn\u00fc geni\u015fmiqyasl\u0131 t\u0259dbirl\u0259r v\u0259 m\u0259d\u0259ni proqramlarla qeyd edirl\u0259r.<\/p>\n<p>\u0130ran: G\u00fcney Az\u0259rbaycanda milyonlarla soyda\u015f\u0131m\u0131z bu g\u00fcn\u00fc milli d\u0259y\u0259rl\u0259rini \u00f6n plana \u00e7\u0131xarmaq \u00fc\u00e7\u00fcn bir imkan kimi g\u00f6r\u00fcr.<\/p>\n<p>Rusiya: Az\u0259rbaycan diasporu bu \u00f6lk\u0259d\u0259 \u00e7oxsayl\u0131 t\u0259dbirl\u0259r t\u0259\u015fkil edir, yerli v\u0259 beyn\u0259lxalq ictimaiyy\u0259t\u0259 milli birliyimizin \u0259h\u0259miyy\u0259tini \u00e7atd\u0131r\u0131r.<\/p>\n<p>Avropa \u00f6lk\u0259l\u0259ri (Almaniya, Fransa, B\u00f6y\u00fck Britaniya): Buradak\u0131 icmalar milli bayram\u0131 Az\u0259rbaycan m\u0259d\u0259niyy\u0259tini tan\u0131tmaq v\u0259 g\u0259l\u0259c\u0259k n\u0259sill\u0259r\u0259 \u00f6t\u00fcrm\u0259k \u00fc\u00e7\u00fcn bir vasit\u0259 olaraq qeyd edirl\u0259r.<\/p>\n<p>AB\u015e v\u0259 Kanada: Burada ya\u015fayan az\u0259rbaycanl\u0131lar h\u0259mr\u0259ylik g\u00fcn\u00fcn\u00fc m\u0259d\u0259ni proqramlarla, festivallarla v\u0259 elmi seminarlarla x\u00fcsusi qeyd edirl\u0259r.<\/p>\n<p><strong>G\u00fcrc\u00fcstan: Buradak\u0131 az\u0259rbaycanl\u0131 icmalar milli birliyini n\u00fcmayi\u015f etdir\u0259r\u0259k bu g\u00fcn\u00fc t\u0259nt\u0259n\u0259 il\u0259 qeyd edir.<\/strong><\/p>\n<p>D\u00fcnya Az\u0259rbaycanl\u0131lar\u0131n\u0131n H\u0259mr\u0259yliyi G\u00fcn\u00fc yaln\u0131z bir bayram deyil, h\u0259m d\u0259 bir \u00e7a\u011f\u0131r\u0131\u015fd\u0131r. Bu g\u00fcn b\u00fct\u00fcn az\u0259rbaycanl\u0131lar\u0131n harada ya\u015famas\u0131ndan as\u0131l\u0131 olmayaraq, \u00f6z milli k\u00f6kl\u0259rin\u0259 ba\u011fl\u0131 olmalar\u0131n\u0131, birlikd\u0259 h\u0259r\u0259k\u0259t etm\u0259l\u0259rini v\u0259 bir-biril\u0259rin\u0259 d\u0259st\u0259k olmalar\u0131n\u0131 xat\u0131rlad\u0131r. H\u0259mr\u0259yliyin \u0259sas ideyas\u0131 Az\u0259rbaycan xalq\u0131n\u0131n h\u0259mr\u0259yliyini qorumaq, milli d\u0259y\u0259rl\u0259rini ya\u015fatmaq v\u0259 g\u0259l\u0259c\u0259k n\u0259sill\u0259r\u0259 \u00f6t\u00fcrm\u0259kd\u0259n ibar\u0259tdir.<\/p>\n<p>Bu g\u00fcn\u00fcn \u0259sas mesaj\u0131 bel\u0259dir: s\u0259rh\u0259dl\u0259rd\u0259n v\u0259 m\u0259saf\u0259l\u0259rd\u0259n as\u0131l\u0131 olmayaraq, h\u0259r bir az\u0259rbaycanl\u0131 \u00f6z xalq\u0131na v\u0259 m\u0259d\u0259niyy\u0259tin\u0259 ba\u011fl\u0131 olmal\u0131, milli birliyin g\u00fccl\u0259ndirilm\u0259si \u00fc\u00e7\u00fcn \u00e7al\u0131\u015fmal\u0131d\u0131r. D\u00fcnya Az\u0259rbaycanl\u0131lar\u0131n\u0131n H\u0259mr\u0259yliyi G\u00fcn\u00fc birliyimizin m\u00f6hk\u0259ml\u0259nm\u0259si \u00fc\u00e7\u00fcn \u0259b\u0259di bir simvoldur.<\/p>\n<p><strong>Haz\u0131rlad\u0131: Xalid\u0259 G\u018fRAY<\/strong><\/p>\n","protected":false},"excerpt":{"rendered":"<p>D\u00fcnya Az\u0259rbaycanl\u0131lar\u0131n\u0131n H\u0259mr\u0259yliyi G\u00fcn\u00fcn\u00fcn mahiyy\u0259ti v\u0259 mesaj\u0131&#8230; Bir ne\u00e7\u0259 g\u00fcn sonra b\u00fct\u00fcn d\u00fcnyadak\u0131 az\u0259rbaycanl\u0131lar D\u00fcnya Az\u0259rbaycanl\u0131lar\u0131n\u0131n H\u0259mr\u0259yliyi G\u00fcn\u00fcn\u00fc qeyd ed\u0259c\u0259k. Qeyd ed\u0259k ki, h\u0259r il 31 dekabrda qeyd olunan bu bayram d\u00fcnya az\u0259rbaycanl\u0131lar\u0131n\u0131 birl\u0259\u015fdir\u0259n m\u00fch\u00fcm bir tarix kimi q\u0259bul edilir. Bu g\u00fcn t\u0259kc\u0259 bayram deyil, eyni zamanda milli h\u0259mr\u0259ylik, birlik v\u0259 \u00f6z\u00fcn\u00fcd\u0259rk ideyalar\u0131n\u0131 \u0259ks etdir\u0259n simvolik bir g\u00fcnd\u00fcr. H\u0259mr\u0259yliy\u0259 dair bu ideya Az\u0259rbaycan xalq\u0131n\u0131n tarixi m\u00fccadil\u0259l\u0259ri v\u0259 milli d\u0259y\u0259rl\u0259rind\u0259n qaynaqlan\u0131r. Xat\u0131rladaq ki, D\u00fcnya Az\u0259rbaycanl\u0131lar\u0131n\u0131n H\u0259mr\u0259yliyi G\u00fcn\u00fcn\u00fcn \u0259sas\u0131 1989-cu il dekabr\u0131n ax\u0131rlar\u0131nda Nax\u00e7\u0131vanda SSR\u0130-\u0130ran s\u0259rh\u0259dl\u0259rinin da\u011f\u0131lmas\u0131 zaman\u0131 qoyulub. H\u0259min vaxt \u015eimali&hellip;<\/p>\n","protected":false},"author":2,"featured_media":777016,"comment_status":"closed","ping_status":"closed","sticky":false,"template":"","format":"standard","meta":{"om_disable_all_campaigns":false,"_monsterinsights_skip_tracking":false,"_monsterinsights_sitenote_active":false,"_monsterinsights_sitenote_note":"","_monsterinsights_sitenote_category":0},"categories":[1],"tags":[],"aioseo_notices":[],"gutentor_comment":0,"rttpg_featured_image_url":{"full":["https:\/\/arantv.az\/wp-content\/uploads\/2024\/12\/b36e93872b7574d214e531241de3df7e.jpg",785,500,false],"landscape":["https:\/\/arantv.az\/wp-content\/uploads\/2024\/12\/b36e93872b7574d214e531241de3df7e.jpg",785,500,false],"portraits":["https:\/\/arantv.az\/wp-content\/uploads\/2024\/12\/b36e93872b7574d214e531241de3df7e.jpg",785,500,false],"thumbnail":["https:\/\/arantv.az\/wp-content\/uploads\/2024\/12\/b36e93872b7574d214e531241de3df7e-500x280.jpg",500,280,true],"medium":["https:\/\/arantv.az\/wp-content\/uploads\/2024\/12\/b36e93872b7574d214e531241de3df7e-573x365.jpg",573,365,true],"large":["https:\/\/arantv.az\/wp-content\/uploads\/2024\/12\/b36e93872b7574d214e531241de3df7e.jpg",640,408,false],"1536x1536":["https:\/\/arantv.az\/wp-content\/uploads\/2024\/12\/b36e93872b7574d214e531241de3df7e.jpg",785,500,false],"2048x2048":["https:\/\/arantv.az\/wp-content\/uploads\/2024\/12\/b36e93872b7574d214e531241de3df7e.jpg",785,500,false],"post-thumbnail":["https:\/\/arantv.az\/wp-content\/uploads\/2024\/12\/b36e93872b7574d214e531241de3df7e-240x172.jpg",240,172,true],"advps-thumb-one":["https:\/\/arantv.az\/wp-content\/uploads\/2024\/12\/b36e93872b7574d214e531241de3df7e.jpg",785,500,false]},"rttpg_author":{"display_name":"V\u00fcsal Rafiqo\u011flu","author_link":"https:\/\/arantv.az\/?author=2"},"rttpg_comment":0,"rttpg_category":"<a href=\"https:\/\/arantv.az\/?cat=1\" rel=\"category\">C\u0259miyy\u0259t<\/a>","rttpg_excerpt":"D\u00fcnya Az\u0259rbaycanl\u0131lar\u0131n\u0131n H\u0259mr\u0259yliyi G\u00fcn\u00fcn\u00fcn mahiyy\u0259ti v\u0259 mesaj\u0131&#8230; Bir ne\u00e7\u0259 g\u00fcn sonra b\u00fct\u00fcn d\u00fcnyadak\u0131 az\u0259rbaycanl\u0131lar D\u00fcnya Az\u0259rbaycanl\u0131lar\u0131n\u0131n H\u0259mr\u0259yliyi G\u00fcn\u00fcn\u00fc qeyd ed\u0259c\u0259k. Qeyd ed\u0259k ki, h\u0259r il 31 dekabrda qeyd olunan bu bayram d\u00fcnya az\u0259rbaycanl\u0131lar\u0131n\u0131 birl\u0259\u015fdir\u0259n m\u00fch\u00fcm bir tarix kimi q\u0259bul edilir. Bu g\u00fcn t\u0259kc\u0259 bayram deyil, eyni zamanda milli h\u0259mr\u0259ylik, birlik v\u0259 \u00f6z\u00fcn\u00fcd\u0259rk ideyalar\u0131n\u0131 \u0259ks etdir\u0259n&hellip;","_links":{"self":[{"href":"https:\/\/arantv.az\/index.php?rest_route=\/wp\/v2\/posts\/777015"}],"collection":[{"href":"https:\/\/arantv.az\/index.php?rest_route=\/wp\/v2\/posts"}],"about":[{"href":"https:\/\/arantv.az\/index.php?rest_route=\/wp\/v2\/types\/post"}],"author":[{"embeddable":true,"href":"https:\/\/arantv.az\/index.php?rest_route=\/wp\/v2\/users\/2"}],"replies":[{"embeddable":true,"href":"https:\/\/arantv.az\/index.php?rest_route=%2Fwp%2Fv2%2Fcomments&post=777015"}],"version-history":[{"count":2,"href":"https:\/\/arantv.az\/index.php?rest_route=\/wp\/v2\/posts\/777015\/revisions"}],"predecessor-version":[{"id":777018,"href":"https:\/\/arantv.az\/index.php?rest_route=\/wp\/v2\/posts\/777015\/revisions\/777018"}],"wp:featuredmedia":[{"embeddable":true,"href":"https:\/\/arantv.az\/index.php?rest_route=\/wp\/v2\/media\/777016"}],"wp:attachment":[{"href":"https:\/\/arantv.az\/index.php?rest_route=%2Fwp%2Fv2%2Fmedia&parent=777015"}],"wp:term":[{"taxonomy":"category","embeddable":true,"href":"https:\/\/arantv.az\/index.php?rest_route=%2Fwp%2Fv2%2Fcategories&post=777015"},{"taxonomy":"post_tag","embeddable":true,"href":"https:\/\/arantv.az\/index.php?rest_route=%2Fwp%2Fv2%2Ftags&post=777015"}],"curies":[{"name":"wp","href":"https:\/\/api.w.org\/{rel}","templated":true}]}}