{"id":777034,"date":"2024-12-25T19:41:41","date_gmt":"2024-12-25T15:41:41","guid":{"rendered":"https:\/\/arantv.az\/?p=777034"},"modified":"2024-12-25T19:41:41","modified_gmt":"2024-12-25T15:41:41","slug":"xalqin-oz-muz%c9%99ff%c9%99r-liderin%c9%99-etimadi-inami-sonsuzdur","status":"publish","type":"post","link":"https:\/\/arantv.az\/?p=777034","title":{"rendered":"Xalq\u0131n \u00f6z M\u00fcz\u0259ff\u0259r Liderin\u0259 etimad\u0131, inam\u0131 sonsuzdur"},"content":{"rendered":"<h4>A\u011f\u0131r s\u0131naqlardan u\u011furla, aln\u0131-a\u00e7\u0131q, \u00fcz\u00fc-a\u011f \u00e7\u0131xma\u011f\u0131 bacaran Az\u0259rbaycan d\u00f6vl\u0259t\u00e7iliyinin son iki onillik tarixi diqq\u0259t \u00e7\u0259k\u0259n hadis\u0259l\u0259rl\u0259 z\u0259ngin olmu\u015fdur. \u00c7a\u011fda\u015f tariximiz\u0259 s\u00f6z\u00fcn \u0259sl m\u0259nas\u0131nda m\u00f6ht\u0259\u015f\u0259m 20 il kimi yaz\u0131lan bu d\u00f6vrd\u0259 Ulu \u00d6nd\u0259r Heyd\u0259r \u018fliyevin \u0259sas\u0131n\u0131 qoydu\u011fu, M\u00fcz\u0259ff\u0259r Ali Ba\u015f Komandan C\u0259nab \u0130lham \u018fliyevin inki\u015faf etdir\u0259r\u0259k yeni geosiyasi \u015f\u0259rtl\u0259r\u0259 uy\u011funla\u015fd\u0131rd\u0131\u011f\u0131 siyas\u0259t n\u0259tic\u0259sind\u0259 Az\u0259rbaycan Respublikas\u0131 misilsiz inki\u015faf yolu ke\u00e7mi\u015fdir. Bu inki\u015faf yoluna \u0259trafl\u0131 n\u0259z\u0259r salark\u0259n h\u0259r birimiz b\u00f6y\u00fck q\u00fcrur hissi ke\u00e7iririk.<\/h4>\n<p>Son 20 ild\u0259 qazan\u0131lan says\u0131z-hesabs\u0131z u\u011furlar\u0131n zirv\u0259sind\u0259 is\u0259 8 noyabr tarixi Z\u0259f\u0259rimiz dayan\u0131r. 7 fevral 2024-c\u00fc il n\u00f6vb\u0259d\u0259nk\u0259nar Az\u0259rbaycan Respublikas\u0131 Prezidenti se\u00e7kil\u0259rind\u0259 xalq\u0131m\u0131z yekdillikl\u0259 \u00f6z M\u00fcz\u0259ff\u0259r Ali Ba\u015f Komandan\u0131n\u0131, C\u0259nab \u0130lham \u018fliyevi d\u0259st\u0259kl\u0259di. Bu prezident se\u00e7kil\u0259rinin \u0259sas \u0259lam\u0259ti, \u00f6z\u0259lliyi onda oldu ki, m\u00fcst\u0259qillik d\u00f6vr\u00fcnd\u0259 ilk d\u0259f\u0259 idi ki, se\u00e7kil\u0259r \u00f6lk\u0259mizin b\u00fct\u00fcn \u0259razil\u0259rind\u0259 ke\u00e7irilmi\u015fdir. M\u00f6ht\u0259r\u0259m C\u0259nab \u0130lham \u018fliyev \u00f6z\u00fcd\u0259 \u015f\u0259xs\u0259n separat\u00e7\u0131lardan t\u0259mizl\u0259nmi\u015f Xank\u0259ndi \u015f\u0259h\u0259rind\u0259 n\u00f6vb\u0259d\u0259nk\u0259nar Az\u0259rbaycan Respublikas\u0131 Prezidenti se\u00e7kil\u0259rind\u0259 i\u015ftirak etdi. D\u00f6vl\u0259t ba\u015f\u00e7\u0131m\u0131z \u00f6z\u00fc d\u0259 qeyd etdi ki, Xank\u0259ndi \u015f\u0259h\u0259rind\u0259 verdiyim s\u0259s, o qutuya atd\u0131\u011f\u0131m b\u00fclleten, sad\u0259c\u0259 olaraq, b\u00fclleten deyildi. Bu, erm\u0259ni separat\u00e7\u0131lar\u0131n\u0131n tabutuna vurulan son mismar idi.<\/p>\n<p>C\u0259nab \u0130lham \u018fliyevin m\u00fcdrik r\u0259hb\u0259rliyi il\u0259 \u00f6lk\u0259 h\u00f6kum\u0259timiz g\u0259l\u0259c\u0259y\u0259 hesablanm\u0131\u015f d\u00f6vl\u0259t siyas\u0259ti y\u00fcr\u00fcd\u00fcr. Prezident \u0130lham \u018fliyevin hakimiyy\u0259td\u0259 oldu\u011fu d\u00f6vrd\u0259 \u00f6lk\u0259miz sosial-iqtisadi sah\u0259d\u0259 b\u00f6y\u00fck nailiyy\u0259tl\u0259r \u0259ld\u0259 edib. Bel\u0259 ki, s\u0259nayed\u0259 m\u0259hsul istehsal\u0131n\u0131n h\u0259cmi 4,0 milyard manatdan 86,4 milyard manata q\u0259d\u0259r y\u00fcks\u0259lib, s\u0259naye m\u0259hsulunun \u00fcmumi h\u0259cmind\u0259 \u00f6z\u0259l sektorun pay\u0131 54,9 faizd\u0259n\u00a0\u00a0\u00a0\u00a0\u00a0\u00a0\u00a0\u00a0\u00a0\u00a0\u00a0\u00a0\u00a0\u00a0\u00a0\u00a0 87,6 faiz\u0259 q\u0259d\u0259r y\u00fcks\u0259lib, d\u00f6vl\u0259t Proqramlar\u0131 \u0259sas\u0131nda regionlara yat\u0131r\u0131lm\u0131\u015f investisiyalar\u0131n h\u0259cmi 104 milyard manat t\u0259\u015fkil edib v\u0259 s. S\u00f6zs\u00fcz ki, \u00f6lk\u0259mizin iqtisadi q\u00fcdr\u0259tinin artmas\u0131 v\u0259t\u0259nda\u015flar\u0131n sosial rifah\u0131n\u0131n y\u00fcks\u0259ldilm\u0259sin\u0259 y\u00f6n\u0259lmi\u015f layih\u0259l\u0259rin h\u0259yata ke\u00e7irilm\u0259sin\u0259 z\u0259min yarad\u0131b.\u00a0 Az\u0259rbaycanda s\u00fcr\u0259tli inki\u015faf t\u0259bii olaraq, d\u00f6vl\u0259t quruculu\u011funun b\u00fct\u00fcn sah\u0259l\u0259rin\u0259, o c\u00fcml\u0259d\u0259n sosial sah\u0259y\u0259 ciddi siray\u0259t edib v\u0259 bir \u00e7ox sosial proqram v\u0259 layih\u0259l\u0259rd\u0259 real \u0259ksini tap\u0131b.<\/p>\n<p>D\u00fcnyada s\u00fclh\u00fc v\u0259 konstruktiv \u0259m\u0259kda\u015fl\u0131\u011f\u0131 t\u0259r\u0259nn\u00fcm ed\u0259n Prezident \u0130lham \u018fliyevin beyn\u0259lxalq t\u0259\u015f\u0259bb\u00fcsl\u0259ri m\u00fch\u00fcm \u0259h\u0259miyy\u0259t k\u0259sb edir. Bel\u0259 ki, \u201cC\u0259nub Qaz D\u0259hlizi\u201d layih\u0259sinin realla\u015fd\u0131r\u0131lmas\u0131 Az\u0259rbaycan Respublikas\u0131n\u0131n beyn\u0259lxalq n\u00fcfuzunu daha da art\u0131r\u0131r. \u00d6lk\u0259mizd\u0259 n\u0259qliyyat infrastrukturunun inki\u015faf\u0131 il\u0259 ba\u011fl\u0131 irimiqyasl\u0131 layih\u0259l\u0259r h\u0259yata ke\u00e7irilib, bu sah\u0259y\u0259 b\u00f6y\u00fck h\u0259cmli d\u00f6vl\u0259t investisiyalar\u0131 y\u00f6n\u0259ldilib.<\/p>\n<p>\u018fld\u0259 edil\u0259n u\u011furlardan b\u0259hs ed\u0259rk\u0259n d\u00fc\u015fm\u0259n i\u015f\u011fal\u0131ndan azad olunmu\u015f do\u011fma Qaraba\u011f\u0131m\u0131zda v\u0259 \u015e\u0259rqi Z\u0259ng\u0259zurumuzda apar\u0131lan geni\u015fmiqyasl\u0131 b\u0259rpa-quruculuq i\u015fl\u0259ri haqq\u0131nda x\u00fcsusi dan\u0131\u015fmaq laz\u0131md\u0131r. D\u00f6vl\u0259t ba\u015f\u00e7\u0131m\u0131z\u0131n m\u00fcdrik siyas\u0259ti say\u0259sind\u0259 Az\u0259rbaycan xalq\u0131n\u0131n \u201cB\u00f6y\u00fck Qay\u0131d\u0131\u015f\u201d arzusu da realla\u015f\u0131r. Xalq\u0131na \u00fcr\u0259kd\u0259n ba\u011fl\u0131 olan d\u00f6vl\u0259t ba\u015f\u00e7\u0131m\u0131z, M\u00fcz\u0259ff\u0259r Liderimiz sevincli g\u00fcnl\u0259rini d\u0259 h\u0259r zaman soyda\u015flar\u0131m\u0131zla b\u00f6l\u00fc\u015f\u00fcr. Ad g\u00fcnl\u0259rind\u0259 Prezident \u0130lham \u018fliyev ad\u0259t\u0259n sosial obyektl\u0259rin, \u015f\u0259hid ail\u0259l\u0259ri \u00fc\u00e7\u00fcn in\u015fa edilmi\u015f yeni evl\u0259rin a\u00e7\u0131l\u0131\u015flar\u0131nda yax\u0131ndan i\u015ftirak edir, ke\u00e7mi\u015f m\u0259cburi k\u00f6\u00e7k\u00fcnl\u0259rl\u0259 v\u0259 \u015f\u0259hid ail\u0259l\u0259ri il\u0259 g\u00f6r\u00fc\u015f\u00fcr. Az\u0259rbaycan xalq\u0131n\u0131n \u00f6z M\u00fcz\u0259ff\u0259r Liderin\u0259 etimad\u0131, inam\u0131, sevgisi sonsuzdur. B\u00fct\u00fcn d\u00fcnyada ya\u015fayan 50 milyona yax\u0131n soyda\u015f\u0131m\u0131z tam \u0259mindir ki, \u00a0M\u00fcz\u0259ff\u0259r Ali Ba\u015f Komandan C\u0259nab \u0130lham \u018fliyevin r\u0259hb\u0259rliyi alt\u0131nda Az\u0259rbaycan Respublikas\u0131 h\u0259l\u0259 ne\u00e7\u0259-ne\u00e7\u0259 m\u00f6ht\u0259\u015f\u0259m u\u011furlara imza atacaq.<\/p>\n<p><img src=\"https:\/\/ikisahil.az\/upload\/\/2024\/12\/25\/\/-28d6abf2173512987385576970710163798.jpeg\" alt=\"\" \/><\/p>\n<p><strong>Arif\u0259 Abdullayeva,<\/strong><\/p>\n<p><em>YAP Sumqay\u0131t \u015f\u0259h\u0259r t\u0259\u015fkilat\u0131n\u0131n m\u0259sl\u0259h\u0259t\u00e7isi<\/em><\/p>\n","protected":false},"excerpt":{"rendered":"<p>A\u011f\u0131r s\u0131naqlardan u\u011furla, aln\u0131-a\u00e7\u0131q, \u00fcz\u00fc-a\u011f \u00e7\u0131xma\u011f\u0131 bacaran Az\u0259rbaycan d\u00f6vl\u0259t\u00e7iliyinin son iki onillik tarixi diqq\u0259t \u00e7\u0259k\u0259n hadis\u0259l\u0259rl\u0259 z\u0259ngin olmu\u015fdur. \u00c7a\u011fda\u015f tariximiz\u0259 s\u00f6z\u00fcn \u0259sl m\u0259nas\u0131nda m\u00f6ht\u0259\u015f\u0259m 20 il kimi yaz\u0131lan bu d\u00f6vrd\u0259 Ulu \u00d6nd\u0259r Heyd\u0259r \u018fliyevin \u0259sas\u0131n\u0131 qoydu\u011fu, M\u00fcz\u0259ff\u0259r Ali Ba\u015f Komandan C\u0259nab \u0130lham \u018fliyevin inki\u015faf etdir\u0259r\u0259k yeni geosiyasi \u015f\u0259rtl\u0259r\u0259 uy\u011funla\u015fd\u0131rd\u0131\u011f\u0131 siyas\u0259t n\u0259tic\u0259sind\u0259 Az\u0259rbaycan Respublikas\u0131 misilsiz inki\u015faf yolu ke\u00e7mi\u015fdir. Bu inki\u015faf yoluna \u0259trafl\u0131 n\u0259z\u0259r salark\u0259n h\u0259r birimiz b\u00f6y\u00fck q\u00fcrur hissi ke\u00e7iririk. Son 20 ild\u0259 qazan\u0131lan says\u0131z-hesabs\u0131z u\u011furlar\u0131n zirv\u0259sind\u0259 is\u0259 8 noyabr tarixi Z\u0259f\u0259rimiz dayan\u0131r. 7 fevral 2024-c\u00fc il n\u00f6vb\u0259d\u0259nk\u0259nar Az\u0259rbaycan Respublikas\u0131 Prezidenti&hellip;<\/p>\n","protected":false},"author":2,"featured_media":777035,"comment_status":"closed","ping_status":"closed","sticky":false,"template":"","format":"standard","meta":{"om_disable_all_campaigns":false,"_monsterinsights_skip_tracking":false,"_monsterinsights_sitenote_active":false,"_monsterinsights_sitenote_note":"","_monsterinsights_sitenote_category":0},"categories":[8],"tags":[],"aioseo_notices":[],"gutentor_comment":0,"rttpg_featured_image_url":{"full":["https:\/\/arantv.az\/wp-content\/uploads\/2024\/12\/4ffbd5c8173148872166831360210991497.jpg",975,540,false],"landscape":["https:\/\/arantv.az\/wp-content\/uploads\/2024\/12\/4ffbd5c8173148872166831360210991497.jpg",975,540,false],"portraits":["https:\/\/arantv.az\/wp-content\/uploads\/2024\/12\/4ffbd5c8173148872166831360210991497.jpg",975,540,false],"thumbnail":["https:\/\/arantv.az\/wp-content\/uploads\/2024\/12\/4ffbd5c8173148872166831360210991497-500x280.jpg",500,280,true],"medium":["https:\/\/arantv.az\/wp-content\/uploads\/2024\/12\/4ffbd5c8173148872166831360210991497-660x365.jpg",660,365,true],"large":["https:\/\/arantv.az\/wp-content\/uploads\/2024\/12\/4ffbd5c8173148872166831360210991497-840x465.jpg",640,354,true],"1536x1536":["https:\/\/arantv.az\/wp-content\/uploads\/2024\/12\/4ffbd5c8173148872166831360210991497.jpg",975,540,false],"2048x2048":["https:\/\/arantv.az\/wp-content\/uploads\/2024\/12\/4ffbd5c8173148872166831360210991497.jpg",975,540,false],"post-thumbnail":["https:\/\/arantv.az\/wp-content\/uploads\/2024\/12\/4ffbd5c8173148872166831360210991497-240x172.jpg",240,172,true],"advps-thumb-one":["https:\/\/arantv.az\/wp-content\/uploads\/2024\/12\/4ffbd5c8173148872166831360210991497.jpg",975,540,false]},"rttpg_author":{"display_name":"V\u00fcsal Rafiqo\u011flu","author_link":"https:\/\/arantv.az\/?author=2"},"rttpg_comment":0,"rttpg_category":"<a href=\"https:\/\/arantv.az\/?cat=8\" rel=\"category\">\u018fsas s\u0259hif\u0259<\/a>","rttpg_excerpt":"A\u011f\u0131r s\u0131naqlardan u\u011furla, aln\u0131-a\u00e7\u0131q, \u00fcz\u00fc-a\u011f \u00e7\u0131xma\u011f\u0131 bacaran Az\u0259rbaycan d\u00f6vl\u0259t\u00e7iliyinin son iki onillik tarixi diqq\u0259t \u00e7\u0259k\u0259n hadis\u0259l\u0259rl\u0259 z\u0259ngin olmu\u015fdur. \u00c7a\u011fda\u015f tariximiz\u0259 s\u00f6z\u00fcn \u0259sl m\u0259nas\u0131nda m\u00f6ht\u0259\u015f\u0259m 20 il kimi yaz\u0131lan bu d\u00f6vrd\u0259 Ulu \u00d6nd\u0259r Heyd\u0259r \u018fliyevin \u0259sas\u0131n\u0131 qoydu\u011fu, M\u00fcz\u0259ff\u0259r Ali Ba\u015f Komandan C\u0259nab \u0130lham \u018fliyevin inki\u015faf etdir\u0259r\u0259k yeni geosiyasi \u015f\u0259rtl\u0259r\u0259 uy\u011funla\u015fd\u0131rd\u0131\u011f\u0131 siyas\u0259t n\u0259tic\u0259sind\u0259 Az\u0259rbaycan Respublikas\u0131 misilsiz inki\u015faf&hellip;","_links":{"self":[{"href":"https:\/\/arantv.az\/index.php?rest_route=\/wp\/v2\/posts\/777034"}],"collection":[{"href":"https:\/\/arantv.az\/index.php?rest_route=\/wp\/v2\/posts"}],"about":[{"href":"https:\/\/arantv.az\/index.php?rest_route=\/wp\/v2\/types\/post"}],"author":[{"embeddable":true,"href":"https:\/\/arantv.az\/index.php?rest_route=\/wp\/v2\/users\/2"}],"replies":[{"embeddable":true,"href":"https:\/\/arantv.az\/index.php?rest_route=%2Fwp%2Fv2%2Fcomments&post=777034"}],"version-history":[{"count":1,"href":"https:\/\/arantv.az\/index.php?rest_route=\/wp\/v2\/posts\/777034\/revisions"}],"predecessor-version":[{"id":777036,"href":"https:\/\/arantv.az\/index.php?rest_route=\/wp\/v2\/posts\/777034\/revisions\/777036"}],"wp:featuredmedia":[{"embeddable":true,"href":"https:\/\/arantv.az\/index.php?rest_route=\/wp\/v2\/media\/777035"}],"wp:attachment":[{"href":"https:\/\/arantv.az\/index.php?rest_route=%2Fwp%2Fv2%2Fmedia&parent=777034"}],"wp:term":[{"taxonomy":"category","embeddable":true,"href":"https:\/\/arantv.az\/index.php?rest_route=%2Fwp%2Fv2%2Fcategories&post=777034"},{"taxonomy":"post_tag","embeddable":true,"href":"https:\/\/arantv.az\/index.php?rest_route=%2Fwp%2Fv2%2Ftags&post=777034"}],"curies":[{"name":"wp","href":"https:\/\/api.w.org\/{rel}","templated":true}]}}