{"id":777037,"date":"2024-12-25T19:42:23","date_gmt":"2024-12-25T15:42:23","guid":{"rendered":"https:\/\/arantv.az\/?p=777037"},"modified":"2024-12-25T19:42:23","modified_gmt":"2024-12-25T15:42:23","slug":"h%c9%99mr%c9%99ylik-gunu-az%c9%99rbaycan-diasporu-ucun-%c9%99n-muhum-bayrama-cevrilib","status":"publish","type":"post","link":"https:\/\/arantv.az\/?p=777037","title":{"rendered":"H\u0259mr\u0259ylik G\u00fcn\u00fc Az\u0259rbaycan diasporu \u00fc\u00e7\u00fcn \u0259n m\u00fch\u00fcm bayrama \u00e7evrilib"},"content":{"rendered":"<p><em><strong>D\u00fcnya Az\u0259rbaycanl\u0131lar\u0131n\u0131n H\u0259mr\u0259yliyi G\u00fcn\u00fcn\u00fcn \u0259sas\u0131 1989-cu il dekabr\u0131n ax\u0131rlar\u0131nda Nax\u00e7\u0131vanda SSR\u0130-\u0130ran s\u0259rh\u0259dl\u0259rinin da\u011f\u0131lmas\u0131 zaman\u0131 qoyuldu. \u015eimali v\u0259 C\u0259nubi Az\u0259rbaycan aras\u0131ndak\u0131 s\u0259rh\u0259d dir\u0259kl\u0259ri da\u011f\u0131d\u0131ld\u0131. 1989-cu ilin noyabr\u0131nda ke\u00e7iril\u0259n M\u0259clisi xalq\u0131n irad\u0259sini bir daha ifad\u0259 ed\u0259r\u0259k C\u0259nubi v\u0259 \u015eimali Az\u0259rbaycan aras\u0131nda humanitar, m\u0259d\u0259ni, iqtisadi v\u0259 qohumluq \u0259laq\u0259l\u0259rini b\u0259rpa etm\u0259k m\u0259qs\u0259dil\u0259 s\u0259rh\u0259d \u00e7\u0259p\u0259rl\u0259rinin g\u00f6t\u00fcr\u00fclm\u0259si v\u0259 m\u00fch\u0259ndis-texniki qur\u011fular\u0131n s\u00f6k\u00fclm\u0259si haqq\u0131nda q\u0259rar q\u0259bul etmi\u015fdir.<\/strong><\/em><\/p>\n<p>D\u00fcnya Az\u0259rbaycanl\u0131lar\u0131n\u0131n H\u0259mr\u0259ylik G\u00fcn\u00fcn\u00fcn d\u00fcnya \u00f6lk\u0259l\u0259rind\u0259 y\u00fcks\u0259k s\u0259viyy\u0259d\u0259 qeyd edilm\u0259sind\u0259 ayr\u0131-ayr\u0131 \u00f6lk\u0259l\u0259rd\u0259 f\u0259aliyy\u0259t g\u00f6st\u0259r\u0259n diaspor t\u0259\u015fkilatlar\u0131n\u0131n da rolu \u0259v\u0259zsizdir. Az\u0259rbaycanl\u0131lar\u0131n ya\u015fad\u0131qlar\u0131, f\u0259aliyy\u0259t g\u00f6st\u0259rdikl\u0259ri v\u0259 \u00e7oxluq t\u0259\u015fkil etdikl\u0259ri Avropa \u00f6lk\u0259l\u0259rind\u0259 bu tendensiya \u00f6z\u00fcn\u00fc y\u00fcks\u0259k s\u0259viyy\u0259d\u0259 g\u00f6st\u0259rir. T\u0259bii ki, Az\u0259rbaycan diasporunun formala\u015fmas\u0131, xaricd\u0259 ya\u015fayan az\u0259rbaycanl\u0131lar\u0131n h\u0259mr\u0259ylik n\u00fcmayi\u015f etdirm\u0259sind\u0259 \u00fcmummilli lider Heyd\u0259r \u018fliyevin \u0259m\u0259yi, rolu \u0259v\u0259zsizdir. M\u00fcbali\u011f\u0259siz dem\u0259k olar ki, Az\u0259rbaycan diasporunun bu g\u00fcnk\u00fc m\u0259rh\u0259l\u0259y\u0259 g\u0259lib \u00e7atmas\u0131nda \u00fcmummilli liderin atm\u0131\u015f oldu\u011fu tarixi add\u0131m m\u00fch\u00fcm \u0259h\u0259miyy\u0259t k\u0131\u0259sb edir. Bel\u0259 ki, Heyd\u0259r \u018fliyevin imzalad\u0131\u011f\u0131 s\u0259r\u0259ncam \u0259sas\u0131nda 2001-ci ilin, noyabr ay\u0131nda Bak\u0131da D\u00fcnya Az\u0259rbaycanl\u0131lar\u0131n\u0131n I Qurultay\u0131n\u0131n ke\u00e7irilm\u0259si bu sah\u0259d\u0259 d\u00f6n\u00fc\u015f oldu. Qurultayda \u00fcmummilli liderin \u015f\u0259xs\u0259n i\u015ftirak etm\u0259si Onun az\u0259rbaycanl\u0131lar\u0131n birlik v\u0259 b\u0259rab\u0259rliyin\u0259, h\u0259mr\u0259yliyin\u0259 n\u0259 d\u0259r\u0259c\u0259d\u0259 ciddi diqq\u0259t yetirdiyini ortaya qoyurdu.<\/p>\n<p>T\u0259sad\u00fcfi deyil ki, qurultayda \u00e7\u0131x\u0131\u015f\u0131 zaman\u0131 Ulu \u00d6nd\u0259r Heyd\u0259r \u018fliyev m\u0259hz bu m\u0259s\u0259l\u0259y\u0259 diqq\u0259t \u00e7\u0259k\u0259r\u0259k qeyd edirdi: &#8220;M\u00fcxt\u0259lif \u00f6lk\u0259l\u0259rd\u0259 ya\u015fayan az\u0259rbaycanl\u0131lar\u0131n h\u0259r biri ya\u015fad\u0131\u011f\u0131 \u00f6lk\u0259d\u0259 h\u0259yat\u0131n\u0131 \u00f6z\u00fc ist\u0259diyi kimi qurub ya\u015fay\u0131r. Ya\u015fad\u0131\u011f\u0131 \u00f6lk\u0259nin v\u0259t\u0259nda\u015f\u0131d\u0131r, onun qanun-qaydalar\u0131 il\u0259 ya\u015famal\u0131d\u0131r v\u0259 ist\u0259diyi yol il\u0259 getm\u0259lidir. Ancaq eyni zamanda, indi az\u0259rbaycanl\u0131lar\u0131n bir m\u00fcst\u0259qil d\u00f6vl\u0259ti m\u00f6vcud oldu\u011fu halda, d\u00fcnyan\u0131n m\u00fcxt\u0259lif \u00f6lk\u0259l\u0259rind\u0259 ya\u015fayan az\u0259rbaycanl\u0131lar\u0131n bir-biri il\u0259 daha da s\u0131x \u0259laq\u0259 qurmas\u0131, \u00f6z h\u0259mr\u0259ylikl\u0259rini b\u0259yan etm\u0259si v\u0259 m\u00fcst\u0259qil Az\u0259rbaycan d\u00f6vl\u0259ti il\u0259 \u0259laq\u0259l\u0259r yaratmas\u0131 tarixin bu m\u0259rh\u0259l\u0259sind\u0259 \u00e7ox \u0259h\u0259miyy\u0259tli bir v\u0259zif\u0259 kimi meydana \u00e7\u0131x\u0131r. Bizim v\u0259zif\u0259miz, Az\u0259rbaycan d\u00f6vl\u0259tinin v\u0259zif\u0259si ondan ibar\u0259tdir ki, b\u00fct\u00fcn \u00f6lk\u0259l\u0259rd\u0259 ya\u015fayan az\u0259rbaycanl\u0131lara m\u00fcmk\u00fcn olan qay\u011f\u0131n\u0131, diqq\u0259ti g\u00f6st\u0259rsin, onlar\u0131n h\u0259yat\u0131 il\u0259 maraqlans\u0131n v\u0259 d\u00f6vl\u0259timizl\u0259 ayr\u0131-ayr\u0131 \u00f6lk\u0259l\u0259rd\u0259 olan Az\u0259rbaycan icmas\u0131 aras\u0131nda \u0259laq\u0259l\u0259ri daha da inki\u015faf etdirsin. Az\u0259rbaycan\u0131n xaricind\u0259 ya\u015fayan az\u0259rbaycanl\u0131lar is\u0259 g\u0259r\u0259k, indi m\u00fcst\u0259qil Az\u0259rbaycan il\u0259 daha da s\u0131x \u0259laq\u0259l\u0259r qursunlar. Bunlar ham\u0131s\u0131 d\u00fcnyada olan b\u00fct\u00fcn az\u0259rbaycan\u0131lar\u0131n birliyinin, h\u0259mr\u0259yliyinin t\u0259min olunmas\u0131 \u00fc\u00e7\u00fcn \u0259sas \u015f\u0259rtl\u0259rdir&#8221;.<\/p>\n<p>Bu g\u00fcn tam \u0259minlikl\u0259 dey\u0259 bil\u0259rik ki, d\u00fcnyada ya\u015fayan az\u0259rbaycanl\u0131lar h\u0259mr\u0259ydirl\u0259r. \u00c7\u00fcnki bu i\u015fin b\u00fcn\u00f6vr\u0259si sa\u011flam t\u0259m\u0259ll\u0259r \u00fcz\u0259rind\u0259 qurulub. \u018fn ba\u015fl\u0131cas\u0131 \u00dcmummilli Lider Heyd\u0259r \u018fliyevin \u0259sas\u0131n\u0131 qoydu\u011fu bu siyas\u0259t g\u00fcn\u00fcm\u00fczd\u0259 d\u0259 u\u011furla davam etdirilir. Bunun bariz n\u00fcmun\u0259si Heyd\u0259r \u018fliyev siyasi kursunun layiqli davam\u00e7\u0131s\u0131 c\u0259nab \u0130lham \u018fliyevin bilavasit\u0259 i\u015ftirak\u0131 il\u0259 D\u00fcnya Az\u0259rbaycanl\u0131lar\u0131n\u0131n 2, 3 v\u0259 4-c\u00fc qurultaylar\u0131n\u0131n y\u00fcks\u0259k s\u0259viyy\u0259d\u0259 ke\u00e7irilm\u0259sidir. M\u0259hz bu kimi qurultaylar, toplant\u0131lar d\u00fcnyada ya\u015fayan az\u0259rbaycanl\u0131lar\u0131n daha da h\u0259mr\u0259y olmas\u0131n\u0131 \u015f\u0259rtl\u0259ndirir, bunu reall\u0131\u011fa \u00e7evririr. Bu g\u00fcn art\u0131q \u0259minlikl\u0259 dey\u0259 bil\u0259rik ki, ke\u00e7\u0259n ill\u0259r \u0259rzind\u0259 biz buna nail olmu\u015fuq.<\/p>\n<p>Az\u0259rbaycan d\u00f6vl\u0259ti \u00f6z f\u0259aliyy\u0259tind\u0259 h\u0259mi\u015f\u0259 xaricd\u0259 ya\u015fayan az\u0259rbaycanl\u0131lar\u0131n ya\u015fay\u0131\u015f\u0131 il\u0259 maraqlan\u0131r,t\u0259maslar qurur. B\u00fct\u00fcn bu t\u0259dbirl\u0259r milli- m\u0259n\u0259vi, intellektual potensial\u0131na g\u00f6r\u0259 d\u00fcnyan\u0131n b\u00f6y\u00fck xalqlar\u0131 il\u0259 bir s\u0131rada dayanan xalq\u0131m\u0131z\u0131n az\u0259rbaycan\u00e7\u0131l\u0131q ideyas\u0131 \u0259traf\u0131nda s\u0131x birl\u0259\u015fm\u0259sin\u0259, tarix s\u0259hn\u0259sind\u0259 m\u00fch\u00fcm rol oynayan m\u00fct\u0259\u015f\u0259kkil q\u00fcvv\u0259 kimi formala\u015fmas\u0131na g\u00fccl\u00fc t\u0259kan verib.Prezident \u0130lham \u018fliyevin r\u0259hb\u0259rliyi il\u0259 \u00f6t\u0259n 19 ild\u0259 Az\u0259rbaycan\u0131n inki\u015faf yolunda ard\u0131c\u0131l qazand\u0131\u011f\u0131 u\u011furlarb\u00fct\u00fcn d\u00fcnya az\u0259rbaycanl\u0131lar\u0131n\u0131 q\u0259lb\u0259n sevindirir. Az\u0259rbaycan\u0131n C\u0259nubi Qafqazda \u0259sas s\u00f6z v\u0259 n\u00fcfuz sahibikimi \u00e7\u0131x\u0131\u015f etm\u0259si d\u00fcnyan\u0131n m\u00fcxt\u0259lif \u00f6lk\u0259l\u0259rin\u0259 s\u0259p\u0259l\u0259nmi\u015f h\u0259mv\u0259t\u0259nl\u0259rimizi daha da q\u00fcrurland\u0131r\u0131r.<\/p>\n<p>Az\u0259rbaycan d\u00f6vl\u0259tinin g\u00fccl\u0259nm\u0259si soyda\u015flar\u0131m\u0131z\u0131n xaricd\u0259ki diaspor t\u0259\u015fkilatlar\u0131n\u0131n f\u0259aliyy\u0259tin\u0259 d\u0259 m\u00fcsb\u0259t t\u0259sir edir. Odur ki, d\u00fcnyan\u0131n m\u00fcxt\u0259lif gu\u015f\u0259l\u0259rind\u0259 ya\u015fayan soyda\u015flar\u0131m\u0131z Az\u0259rbaycan\u0131n m\u00fcst\u0259qil siyas\u0259t yeritm\u0259sind\u0259n, d\u00fcnya birliyind\u0259 m\u00f6vqel\u0259rini daha \u00a0da m\u00f6hk\u0259ml\u0259ndirm\u0259sind\u0259n, eyni zamanda h\u0259yata ke\u00e7iril\u0259n diaspor siyas\u0259tind\u0259n m\u0259mnunluq duyurlar. M\u00fcz\u0259ff\u0259r Ali Ba\u015f Komandan \u0130lham \u018fliyevin q\u00fcdr\u0259tli s\u0259rk\u0259rd\u0259liyi, g\u00fccl\u00fc irad\u0259si, yenilm\u0259z q\u0259tiyy\u0259ti, \u015fanl\u0131 ordumuzun \u0259sg\u0259r v\u0259 zabitl\u0259rinin q\u0259hr\u0259manl\u0131\u011f\u0131, xalq\u0131m\u0131z\u0131n \u00f6z r\u0259hb\u0259ri \u0259traf\u0131nda yumruq kimi birl\u0259\u015fm\u0259si n\u0259tic\u0259sind\u0259 m\u00f6ht\u0259\u015f\u0259m q\u0259l\u0259b\u0259y\u0259 nail olundu. 30 illik V\u0259t\u0259n, yurd h\u0259sr\u0259tin\u0259, nisgilin\u0259 son qoyan bu tarixi z\u0259f\u0259rin \u00d6l\u00e7\u00fcy\u0259 sevincini, f\u0259r\u0259hini xalq\u0131m\u0131z bu g\u00fcn d\u0259 ya\u015famaqdad\u0131r. Q\u00fcrur hissi ke\u00e7iririk ki, bu b\u00f6y\u00fck q\u0259l\u0259b\u0259nin qazan\u0131lmas\u0131na h\u0259myerlil\u0259rimiz d\u0259 \u00f6zl\u0259rinin layiqli t\u00f6hf\u0259l\u0259rini vermi\u015fl\u0259r.<\/p>\n<p>\u018fsas m\u0259s\u0259l\u0259l\u0259rd\u0259n biri d\u0259 odur ki, bu m\u00fcharib\u0259d\u0259 c\u0259miyy\u0259t Prezident \u0130lham \u018fliyevin \u0259traf\u0131nda s\u0131x s\u0259f\u0259rb\u0259r oldu. Bu, h\u0259m milli h\u0259mr\u0259yliyimizin, h\u0259m d\u0259 xalq\u0131m\u0131z\u0131n \u00f6z r\u0259hb\u0259rin\u0259 olan y\u00fcks\u0259k ehtiram v\u0259 inam\u0131n\u0131n t\u0259c\u0259ss\u00fcm\u00fc idi. D\u00f6vl\u0259timizin ba\u015f\u00e7\u0131s\u0131n\u0131n \u0259zmkarl\u0131\u011f\u0131, ilk g\u00fcnd\u0259n n\u00fcmayi\u015f etdirdiyi h\u0259rbi- siyasi q\u0259tiyy\u0259t h\u0259r bir az\u0259rbaycanl\u0131n\u0131 \u00f6z r\u0259hb\u0259rinin \u0259traf\u0131nda daha s\u0131x birl\u0259\u015fdirdi. Siyasi \u0259qid\u0259sind\u0259n, statusundan, v\u0259zif\u0259sind\u0259n, milli m\u0259nsubiyy\u0259tind\u0259n v\u0259 d\u00fcnyan\u0131n haras\u0131nda ya\u015famas\u0131ndan as\u0131l\u0131 olmayaraq, h\u0259r bir az\u0259rbaycanl\u0131 44 g\u00fcnl\u00fck m\u00fcharib\u0259d\u0259 milli h\u0259mr\u0259ylik n\u00fcmayi\u015f etdirdi.<\/p>\n<p><strong>Mirha\u015fim Calalov,<\/strong><br \/>\n<em>YAP X\u0259tai rayon t\u0259\u015fkilat\u0131n\u0131n &#8220;Yusif S\u0259f\u0259rov 21&#8221; \u00fcnvan\u0131 \u00fczr\u0259 \u0259razi partiya t\u0259\u015fkilat\u0131n\u0131n \u00fczv\u00fc<\/em><\/p>\n","protected":false},"excerpt":{"rendered":"<p>D\u00fcnya Az\u0259rbaycanl\u0131lar\u0131n\u0131n H\u0259mr\u0259yliyi G\u00fcn\u00fcn\u00fcn \u0259sas\u0131 1989-cu il dekabr\u0131n ax\u0131rlar\u0131nda Nax\u00e7\u0131vanda SSR\u0130-\u0130ran s\u0259rh\u0259dl\u0259rinin da\u011f\u0131lmas\u0131 zaman\u0131 qoyuldu. \u015eimali v\u0259 C\u0259nubi Az\u0259rbaycan aras\u0131ndak\u0131 s\u0259rh\u0259d dir\u0259kl\u0259ri da\u011f\u0131d\u0131ld\u0131. 1989-cu ilin noyabr\u0131nda ke\u00e7iril\u0259n M\u0259clisi xalq\u0131n irad\u0259sini bir daha ifad\u0259 ed\u0259r\u0259k C\u0259nubi v\u0259 \u015eimali Az\u0259rbaycan aras\u0131nda humanitar, m\u0259d\u0259ni, iqtisadi v\u0259 qohumluq \u0259laq\u0259l\u0259rini b\u0259rpa etm\u0259k m\u0259qs\u0259dil\u0259 s\u0259rh\u0259d \u00e7\u0259p\u0259rl\u0259rinin g\u00f6t\u00fcr\u00fclm\u0259si v\u0259 m\u00fch\u0259ndis-texniki qur\u011fular\u0131n s\u00f6k\u00fclm\u0259si haqq\u0131nda q\u0259rar q\u0259bul etmi\u015fdir. D\u00fcnya Az\u0259rbaycanl\u0131lar\u0131n\u0131n H\u0259mr\u0259ylik G\u00fcn\u00fcn\u00fcn d\u00fcnya \u00f6lk\u0259l\u0259rind\u0259 y\u00fcks\u0259k s\u0259viyy\u0259d\u0259 qeyd edilm\u0259sind\u0259 ayr\u0131-ayr\u0131 \u00f6lk\u0259l\u0259rd\u0259 f\u0259aliyy\u0259t g\u00f6st\u0259r\u0259n diaspor t\u0259\u015fkilatlar\u0131n\u0131n da rolu \u0259v\u0259zsizdir. Az\u0259rbaycanl\u0131lar\u0131n ya\u015fad\u0131qlar\u0131, f\u0259aliyy\u0259t g\u00f6st\u0259rdikl\u0259ri v\u0259 \u00e7oxluq t\u0259\u015fkil etdikl\u0259ri Avropa \u00f6lk\u0259l\u0259rind\u0259 bu tendensiya&hellip;<\/p>\n","protected":false},"author":2,"featured_media":777038,"comment_status":"closed","ping_status":"closed","sticky":false,"template":"","format":"standard","meta":{"om_disable_all_campaigns":false,"_monsterinsights_skip_tracking":false,"_monsterinsights_sitenote_active":false,"_monsterinsights_sitenote_note":"","_monsterinsights_sitenote_category":0},"categories":[19],"tags":[],"aioseo_notices":[],"gutentor_comment":0,"rttpg_featured_image_url":{"full":["https:\/\/arantv.az\/wp-content\/uploads\/2024\/12\/85c4ef2f167222178212291384410774748.jpg",975,540,false],"landscape":["https:\/\/arantv.az\/wp-content\/uploads\/2024\/12\/85c4ef2f167222178212291384410774748.jpg",975,540,false],"portraits":["https:\/\/arantv.az\/wp-content\/uploads\/2024\/12\/85c4ef2f167222178212291384410774748.jpg",975,540,false],"thumbnail":["https:\/\/arantv.az\/wp-content\/uploads\/2024\/12\/85c4ef2f167222178212291384410774748-500x280.jpg",500,280,true],"medium":["https:\/\/arantv.az\/wp-content\/uploads\/2024\/12\/85c4ef2f167222178212291384410774748-660x365.jpg",660,365,true],"large":["https:\/\/arantv.az\/wp-content\/uploads\/2024\/12\/85c4ef2f167222178212291384410774748-840x465.jpg",640,354,true],"1536x1536":["https:\/\/arantv.az\/wp-content\/uploads\/2024\/12\/85c4ef2f167222178212291384410774748.jpg",975,540,false],"2048x2048":["https:\/\/arantv.az\/wp-content\/uploads\/2024\/12\/85c4ef2f167222178212291384410774748.jpg",975,540,false],"post-thumbnail":["https:\/\/arantv.az\/wp-content\/uploads\/2024\/12\/85c4ef2f167222178212291384410774748-240x172.jpg",240,172,true],"advps-thumb-one":["https:\/\/arantv.az\/wp-content\/uploads\/2024\/12\/85c4ef2f167222178212291384410774748.jpg",975,540,false]},"rttpg_author":{"display_name":"V\u00fcsal Rafiqo\u011flu","author_link":"https:\/\/arantv.az\/?author=2"},"rttpg_comment":0,"rttpg_category":"<a href=\"https:\/\/arantv.az\/?cat=19\" rel=\"category\">G\u00fcnd\u0259m<\/a>","rttpg_excerpt":"D\u00fcnya Az\u0259rbaycanl\u0131lar\u0131n\u0131n H\u0259mr\u0259yliyi G\u00fcn\u00fcn\u00fcn \u0259sas\u0131 1989-cu il dekabr\u0131n ax\u0131rlar\u0131nda Nax\u00e7\u0131vanda SSR\u0130-\u0130ran s\u0259rh\u0259dl\u0259rinin da\u011f\u0131lmas\u0131 zaman\u0131 qoyuldu. \u015eimali v\u0259 C\u0259nubi Az\u0259rbaycan aras\u0131ndak\u0131 s\u0259rh\u0259d dir\u0259kl\u0259ri da\u011f\u0131d\u0131ld\u0131. 1989-cu ilin noyabr\u0131nda ke\u00e7iril\u0259n M\u0259clisi xalq\u0131n irad\u0259sini bir daha ifad\u0259 ed\u0259r\u0259k C\u0259nubi v\u0259 \u015eimali Az\u0259rbaycan aras\u0131nda humanitar, m\u0259d\u0259ni, iqtisadi v\u0259 qohumluq \u0259laq\u0259l\u0259rini b\u0259rpa etm\u0259k m\u0259qs\u0259dil\u0259 s\u0259rh\u0259d \u00e7\u0259p\u0259rl\u0259rinin g\u00f6t\u00fcr\u00fclm\u0259si v\u0259 m\u00fch\u0259ndis-texniki qur\u011fular\u0131n s\u00f6k\u00fclm\u0259si&hellip;","_links":{"self":[{"href":"https:\/\/arantv.az\/index.php?rest_route=\/wp\/v2\/posts\/777037"}],"collection":[{"href":"https:\/\/arantv.az\/index.php?rest_route=\/wp\/v2\/posts"}],"about":[{"href":"https:\/\/arantv.az\/index.php?rest_route=\/wp\/v2\/types\/post"}],"author":[{"embeddable":true,"href":"https:\/\/arantv.az\/index.php?rest_route=\/wp\/v2\/users\/2"}],"replies":[{"embeddable":true,"href":"https:\/\/arantv.az\/index.php?rest_route=%2Fwp%2Fv2%2Fcomments&post=777037"}],"version-history":[{"count":1,"href":"https:\/\/arantv.az\/index.php?rest_route=\/wp\/v2\/posts\/777037\/revisions"}],"predecessor-version":[{"id":777039,"href":"https:\/\/arantv.az\/index.php?rest_route=\/wp\/v2\/posts\/777037\/revisions\/777039"}],"wp:featuredmedia":[{"embeddable":true,"href":"https:\/\/arantv.az\/index.php?rest_route=\/wp\/v2\/media\/777038"}],"wp:attachment":[{"href":"https:\/\/arantv.az\/index.php?rest_route=%2Fwp%2Fv2%2Fmedia&parent=777037"}],"wp:term":[{"taxonomy":"category","embeddable":true,"href":"https:\/\/arantv.az\/index.php?rest_route=%2Fwp%2Fv2%2Fcategories&post=777037"},{"taxonomy":"post_tag","embeddable":true,"href":"https:\/\/arantv.az\/index.php?rest_route=%2Fwp%2Fv2%2Ftags&post=777037"}],"curies":[{"name":"wp","href":"https:\/\/api.w.org\/{rel}","templated":true}]}}