{"id":777040,"date":"2024-12-25T19:43:03","date_gmt":"2024-12-25T15:43:03","guid":{"rendered":"https:\/\/arantv.az\/?p=777040"},"modified":"2024-12-25T19:43:03","modified_gmt":"2024-12-25T15:43:03","slug":"bu-gun-idmancilarimiz-muz%c9%99ff%c9%99r-az%c9%99rbaycan-xalqini-t%c9%99msil-edirl%c9%99r","status":"publish","type":"post","link":"https:\/\/arantv.az\/?p=777040","title":{"rendered":"Bu g\u00fcn idman\u00e7\u0131lar\u0131m\u0131z M\u00fcz\u0259ff\u0259r Az\u0259rbaycan xalq\u0131n\u0131 t\u0259msil edirl\u0259r"},"content":{"rendered":"<p><em><strong>Haz\u0131rda Az\u0259rbaycan d\u00fcnya miqyas\u0131nda h\u0259m d\u0259 idman \u00f6lk\u0259si kimi tan\u0131n\u0131r. Bu da Az\u0259rbaycan Respublikas\u0131n\u0131n Prezidenti, Milli Olimpiya Komit\u0259sinin Prezidenti \u0130lham \u018fliyevin idman\u0131n inki\u015faf\u0131na v\u0259 yeti\u015fm\u0259kd\u0259 olan g\u0259nc n\u0259sl\u0259 g\u00f6st\u0259rdiyi x\u00fcsusi diqq\u0259t v\u0259 qay\u011f\u0131s\u0131n\u0131n bariz n\u00fcmun\u0259sidir.<\/strong><\/em><\/p>\n<p>M\u00f6t\u0259b\u0259r Beyn\u0259lxalq idman yar\u0131\u015flar\u0131na v\u0259 irimiqyasl\u0131 t\u0259dbirl\u0259r\u0259 ev sahibliyi etm\u0259si, el\u0259c\u0259 d\u0259 beyn\u0259lxalq yar\u0131\u015flarda idman\u00e7\u0131lar\u0131m\u0131z\u0131n i\u015ftirak\u0131, \u0259ld\u0259 etdiyi u\u011furlar Az\u0259rbaycan\u0131n d\u00fcnya\u00a0 idman\u0131nda \u00f6z yerin\u0259 v\u0259 s\u00f6z\u00fcn\u0259 mal\u0131k olk\u0259 oldu\u011funu bir daha s\u00fcbut edir. \u015e\u00fcbh\u0259siz ki, idman sah\u0259sind\u0259ki u\u011furlar\u0131n t\u0259m\u0259li \u00dcmummilli Lider Heyd\u0259r \u018fliyev t\u0259r\u0259find\u0259n qoyulan siyasi kursla ba\u011fl\u0131d\u0131r. Bel\u0259 ki, Ulu \u00d6nd\u0259r Heyd\u0259r \u018fliyev 1993-c\u00fc ild\u0259 hakimiyy\u0259t\u0259 qay\u0131td\u0131qdan sonra Az\u0259rbaycan b\u00fct\u00fcn sah\u0259l\u0259rd\u0259 oldu\u011fu kimi, idman sah\u0259sind\u0259 d\u0259 u\u011furlar \u0259ld\u0259 olundu. Bu g\u00fcn is\u0259, bu siyas\u0259t Az\u0259rbaycan Respublikas\u0131n\u0131n Prezidenti \u0130lham \u018fliyev t\u0259r\u0259find\u0259n layiqinc\u0259 davam etdirilir.<\/p>\n<p>Yola sald\u0131\u011f\u0131m\u0131z 2024-c\u00fc ilin sonunda g\u00fcnl\u0259rind\u0259 &#8211;\u00a0 dekabr\u0131n 24-d\u0259 ke\u00e7iril\u0259n 2024-c\u00fc ilin idman yekunlar\u0131na h\u0259sr olunan m\u0259rasimd\u0259 Az\u0259rbaycan Respublikas\u0131n\u0131n Prezidenti, Milli Olimpiya Komit\u0259sinin Prezidenti \u0130lham \u018fliyevin idman\u00e7\u0131larla g\u00f6r\u00fc\u015f\u00fcb. Qeyd etm\u0259k yerin\u0259 d\u00fc\u015f\u0259rdi ki, \u00f6lk\u0259 ba\u015f\u00e7\u0131s\u0131 bu g\u00f6r\u00fc\u015f\u00fcn\u00fc \u00f6z do\u011fum g\u00fcn\u00fcnd\u0259 ke\u00e7irib v\u0259 bu da \u00f6lk\u0259mizd\u0259 idmana olan diqq\u0259t v\u0259 qay\u011f\u0131n\u0131 bir daha s\u00fcbut edir.<\/p>\n<p>2024-c\u00fc ilin idman yekunlar\u0131na h\u0259sr olunan g\u00f6r\u00fc\u015fd\u0259 d\u00f6vl\u0259t ba\u015f\u00e7\u0131s\u0131 \u00f6lk\u0259 idman\u00e7\u0131lar\u0131n\u0131n u\u011furlar\u0131ndan dan\u0131\u015faraq \u0259ld\u0259 edilmi\u015f u\u011furlar m\u00fcnasib\u0259til\u0259 onlar\u0131 t\u0259brik edib. \u00d6lk\u0259 r\u0259hb\u0259ri bildirib ki, \u00a02024-c\u00fc il d\u0259 Az\u0259rbaycan idman\u0131 \u00fc\u00e7\u00fcn u\u011furlu olub. Az\u0259rbaycan idman\u00e7\u0131lar\u0131 beyn\u0259lxalq yar\u0131\u015flarda \u00f6lk\u0259mizi l\u0259yaq\u0259tl\u0259 t\u0259msil edibl\u0259r, yar\u0131\u015flarda 1700-\u0259 yax\u0131n medal qazan\u0131l\u0131b. Bu, onu g\u00f6st\u0259rir ki, idman\u0131m\u0131z inki\u015faf edir, yeni n\u0259sil idman\u00e7\u0131lar yeti\u015fir v\u0259 bel\u0259likl\u0259, Az\u0259rbaycan idman d\u00f6vl\u0259ti kimi \u00f6z g\u00fcc\u00fcn\u00fc m\u00fcxt\u0259lif beyn\u0259lxalq yar\u0131\u015flarda t\u0259sdiql\u0259yir.<\/p>\n<p>\u0130lin \u0259n b\u00f6y\u00fck yar\u0131\u015f\u0131 olan Yay Olimpiya Oyunlar\u0131nda Az\u0259rbaycan idman\u00e7lar\u0131 tarixi n\u0259tic\u0259 \u0259ld\u0259 edibl\u0259r.\u00a0 Az\u0259rbaycan m\u00fcst\u0259qil \u00f6lk\u0259 kimi 1996-c\u0131 ild\u0259n Olimpiya Oyunlar\u0131nda i\u015ftirak edir v\u0259 bu d\u0259f\u0259 \u0259n y\u00fcks\u0259k yer\u0259 layiq g\u00f6r\u00fclub, komanda hesab\u0131nda \u00f6lk\u0259miz 30-cu yerd\u0259 q\u0259rarla\u015f\u0131b. Bu, da idman\u0131m\u0131z\u0131n tarixind\u0259 \u0259n y\u00fcks\u0259k n\u0259tic\u0259dir. B\u00fct\u00f6vl\u00fckd\u0259 is\u0259 iki y\u00fczd\u0259n \u00e7ox milli komandan\u0131n i\u015ftirak etdiyi \u00a0Olimpiya Oyunlar\u0131nda 30-cu olmaq \u00e7ox b\u00f6y\u00fck nailiyy\u0259tdir.<\/p>\n<p>M\u00fcs\u0259lman \u00f6lk\u0259l\u0259ri aras\u0131nda is\u0259 Az\u0259rbaycan \u00fc\u00e7\u00fcnc\u00fc yer\u0259 \u00e7\u0131xm\u0131\u015fd\u0131r. N\u0259z\u0259r\u0259 alsaq ki, d\u00fcnyada 60-a yax\u0131n m\u00fcs\u0259lman \u00f6lk\u0259si var, bu da b\u00f6y\u00fck v\u0259 tarixi nailiyy\u0259tdir. Komandam\u0131z ikisi q\u0131z\u0131l, ikisi g\u00fcm\u00fc\u015f, \u00fc\u00e7\u00fc b\u00fcr\u00fcnc olmaqla yeddi medal qazanaraq \u00f6lk\u0259mizin idman \u015f\u00f6hr\u0259tini bir daha y\u00fcks\u0259kl\u0259r\u0259 qald\u0131rm\u0131\u015fd\u0131r.<\/p>\n<p>G\u00f6r\u00fc\u015fd\u0259 qeyd edilib ki, Az\u0259rbaycan g\u00fccl\u00fc d\u00f6vl\u0259tdir, \u00f6z g\u00fcc\u00fcn\u0259 \u0259saslanan, \u00f6z yolu il\u0259 ged\u0259n, he\u00e7 kimin qar\u015f\u0131s\u0131nda he\u00e7 bir \u00f6hd\u0259liyi olmayan, he\u00e7 kimin qaba\u011f\u0131nda ba\u015f \u0259ym\u0259y\u0259n, l\u0259yaq\u0259tl\u0259, vicdanla ir\u0259liy\u0259 ged\u0259n bir \u00f6lk\u0259dir v\u0259 bu, bizim b\u00f6y\u00fck s\u0259rv\u0259timizdir.<\/p>\n<p>Bu g\u00fcn d\u00fcnyada ged\u0259n prosesl\u0259rin g\u00f6z qaba\u011f\u0131nda oldu\u011funu s\u00f6yl\u0259y\u0259n d\u00f6vl\u0259timizin ba\u015f\u00e7\u0131s\u0131 qeyd edib: \u201cQanl\u0131 toqqu\u015fmalar, m\u00fcharib\u0259l\u0259r, m\u00fcnaqi\u015f\u0259l\u0259r, b\u0259zi \u00f6lk\u0259l\u0259rin dig\u0259r \u00f6lk\u0259l\u0259rin i\u015fl\u0259rin\u0259 kobudcas\u0131na qar\u0131\u015fmas\u0131, v\u0259ziyy\u0259tin g\u0259rginl\u0259\u015fm\u0259si &#8211; b\u00fct\u00fcn bunlar\u0131 biz Az\u0259rbaycanda g\u00f6rm\u00fcr\u00fck v\u0259 g\u00f6rm\u0259y\u0259c\u0259yik\u201d.<\/p>\n<p>Prezident \u0130lham \u018fliyev m\u0259rasimd\u0259ki \u00e7\u0131x\u0131\u015f\u0131nda g\u0259l\u0259n ild\u0259n G\u0259nc\u0259 \u015f\u0259h\u0259rind\u0259 h\u0259yata ke\u00e7iril\u0259c\u0259k b\u00f6y\u00fck t\u0259mir-b\u0259rpa i\u015fl\u0259rind\u0259n dan\u0131\u015f\u0131b. O, deyib ki, h\u0259m \u015f\u0259h\u0259r infrastrukturu yenil\u0259n\u0259c\u0259k, \u015f\u0259h\u0259r n\u0259qliyyat\u0131 tamamil\u0259 yenil\u0259n\u0259c\u0259k, tarixi binalar\u0131n b\u0259rpas\u0131 v\u0259 dig\u0259r infrastruktur layih\u0259l\u0259rimiz icra edil\u0259c\u0259k ki, bizim q\u0259dim \u015f\u0259h\u0259rimiz olan, Nizami yurdu olan G\u0259nc\u0259 b\u00fct\u00fcn MDB m\u0259kan\u0131na v\u0259 daha geni\u015f co\u011frafiyaya \u00f6z g\u00f6z\u0259lliyini, eyni zamanda, tarixi simas\u0131n\u0131 v\u0259 m\u00fcasirliyini t\u0259qdim etsin.<\/p>\n<p>\u0130\u015f\u011faldan azad edilmi\u015f \u0259razil\u0259rd\u0259 h\u0259yat yenid\u0259n, s\u0131f\u0131rdan qurulur. Bizim icra etdiyimiz layih\u0259l\u0259rin d\u00fcnyada misli-b\u0259rab\u0259ri yoxdur v\u0259 b\u0259lk\u0259 d\u0259 olmayacaq. \u201cB\u00f6y\u00fck co\u011frafiyada, 15-16 min kvadratkilometr \u0259razid\u0259, &#8211; hans\u0131 ki, Erm\u0259nistan onu tamamil\u0259 yerl\u0259-yeksan edib, &#8211; yeni h\u0259yat qurulur, \u00f6z\u00fc d\u0259 m\u00fcasir, g\u00f6z\u0259l, rahat\u201d, &#8211; dey\u0259 d\u00f6vl\u0259timizin ba\u015f\u00e7\u0131s\u0131 \u0259lav\u0259 edib.<\/p>\n<p>M\u00fc\u015favir\u0259d\u0259 ildirilib ki, idman\u00e7\u0131lar\u0131m\u0131z Az\u0259rbaycan xalq\u0131n\u0131 \u00f6z q\u0259l\u0259b\u0259l\u0259ri il\u0259 daim sevindirirl\u0259r. \u018flb\u0259tt\u0259 ki, g\u0259l\u0259n il v\u0259 ondan sonrak\u0131 ill\u0259rd\u0259 idman\u0131n inki\u015faf\u0131 \u00fc\u00e7\u00fcn n\u0259 laz\u0131md\u0131rsa, o da edil\u0259c\u0259k. \u00c7\u00fcnki Az\u0259rbaycan d\u00f6vl\u0259tinin siyas\u0259ti bu istiqam\u0259td\u0259 \u00e7ox a\u00e7\u0131qd\u0131r, birm\u0259nal\u0131d\u0131r v\u0259 uzun ill\u0259r \u0259rzind\u0259 apar\u0131l\u0131r.<\/p>\n<p>\u0130dman\u0131n c\u0259miyy\u0259timizin ayr\u0131lmaz hiss\u0259si oldu\u011funu qeyd ed\u0259n d\u00f6vl\u0259timizin ba\u015f\u00e7\u0131s\u0131 deyib ki, x\u00fcsusil\u0259 g\u0259nc n\u0259slin yeti\u015fdirilm\u0259si, v\u0259t\u0259np\u0259rv\u0259rlik hissl\u0259rinin g\u0259nc n\u0259sl\u0259 a\u015f\u0131lanmas\u0131 \u00fc\u00e7\u00fcn idman amili \u00e7ox b\u00f6y\u00fck m\u0259na da\u015f\u0131y\u0131r.<\/p>\n<p>Son 21 illik prezidentlik f\u0259aliyy\u0259ti d\u00f6vr\u00fcnd\u0259 d\u00f6vl\u0259t ba\u015f\u00e7\u0131m\u0131z \u0130lham \u018fliyev idman\u00e7\u0131larla m\u00fct\u0259madi g\u00f6r\u00fc\u015f\u00fc bir daha idmanan\u0131n inki\u015faf\u0131na v\u0259 idman\u00e7\u0131lar\u0131m\u0131za d\u00f6vl\u0259t qay\u011f\u0131s\u0131n\u0131n realll\u0131\u011f\u0131d\u0131r. \u0130dman sah\u0259sind\u0259 inki\u015faf v\u0259 u\u011fur g\u00f6z qar\u015f\u0131s\u0131ndad\u0131r. N\u0259sill\u0259r d\u0259yi\u015fdikc\u0259 g\u00f6rk\u0259mli idman\u00e7\u0131lar\u0131n t\u0259cr\u00fcb\u0259si g\u0259nc idman\u00e7\u0131lara t\u0259hvil verilir. Bu g\u00fcn Az\u0259rbaycanda yeti\u015f\u0259n g\u0259nc idman\u00e7\u0131lar bizim idman \u015f\u00f6hr\u0259timizi bundan sonra da y\u00fcks\u0259kl\u0259rd\u0259 saxlayacaqlar v\u0259 bu, daimi proses olacaqd\u0131r.<\/p>\n<p><img src=\"https:\/\/ikisahil.az\/upload\/\/2022\/11\/04\/\/-df0e09d6166753660685957461710761132.jpeg\" alt=\"\" \/><\/p>\n<p><strong>\u0130srafil K\u0259rimov,<\/strong><br \/>\n<em>Az\u0259rbaycan Jurnalistl\u0259r Birliyinin \u00fczv\u00fc<\/em><\/p>\n","protected":false},"excerpt":{"rendered":"<p>Haz\u0131rda Az\u0259rbaycan d\u00fcnya miqyas\u0131nda h\u0259m d\u0259 idman \u00f6lk\u0259si kimi tan\u0131n\u0131r. Bu da Az\u0259rbaycan Respublikas\u0131n\u0131n Prezidenti, Milli Olimpiya Komit\u0259sinin Prezidenti \u0130lham \u018fliyevin idman\u0131n inki\u015faf\u0131na v\u0259 yeti\u015fm\u0259kd\u0259 olan g\u0259nc n\u0259sl\u0259 g\u00f6st\u0259rdiyi x\u00fcsusi diqq\u0259t v\u0259 qay\u011f\u0131s\u0131n\u0131n bariz n\u00fcmun\u0259sidir. M\u00f6t\u0259b\u0259r Beyn\u0259lxalq idman yar\u0131\u015flar\u0131na v\u0259 irimiqyasl\u0131 t\u0259dbirl\u0259r\u0259 ev sahibliyi etm\u0259si, el\u0259c\u0259 d\u0259 beyn\u0259lxalq yar\u0131\u015flarda idman\u00e7\u0131lar\u0131m\u0131z\u0131n i\u015ftirak\u0131, \u0259ld\u0259 etdiyi u\u011furlar Az\u0259rbaycan\u0131n d\u00fcnya\u00a0 idman\u0131nda \u00f6z yerin\u0259 v\u0259 s\u00f6z\u00fcn\u0259 mal\u0131k olk\u0259 oldu\u011funu bir daha s\u00fcbut edir. \u015e\u00fcbh\u0259siz ki, idman sah\u0259sind\u0259ki u\u011furlar\u0131n t\u0259m\u0259li \u00dcmummilli Lider Heyd\u0259r \u018fliyev t\u0259r\u0259find\u0259n qoyulan siyasi kursla ba\u011fl\u0131d\u0131r. Bel\u0259 ki, Ulu \u00d6nd\u0259r Heyd\u0259r \u018fliyev 1993-c\u00fc&hellip;<\/p>\n","protected":false},"author":2,"featured_media":777041,"comment_status":"closed","ping_status":"closed","sticky":false,"template":"","format":"standard","meta":{"om_disable_all_campaigns":false,"_monsterinsights_skip_tracking":false,"_monsterinsights_sitenote_active":false,"_monsterinsights_sitenote_note":"","_monsterinsights_sitenote_category":0},"categories":[8],"tags":[],"aioseo_notices":[],"gutentor_comment":0,"rttpg_featured_image_url":{"full":["https:\/\/arantv.az\/wp-content\/uploads\/2024\/12\/f2876df2173510613384143291011091323.jpg",975,540,false],"landscape":["https:\/\/arantv.az\/wp-content\/uploads\/2024\/12\/f2876df2173510613384143291011091323.jpg",975,540,false],"portraits":["https:\/\/arantv.az\/wp-content\/uploads\/2024\/12\/f2876df2173510613384143291011091323.jpg",975,540,false],"thumbnail":["https:\/\/arantv.az\/wp-content\/uploads\/2024\/12\/f2876df2173510613384143291011091323-500x280.jpg",500,280,true],"medium":["https:\/\/arantv.az\/wp-content\/uploads\/2024\/12\/f2876df2173510613384143291011091323-660x365.jpg",660,365,true],"large":["https:\/\/arantv.az\/wp-content\/uploads\/2024\/12\/f2876df2173510613384143291011091323-840x465.jpg",640,354,true],"1536x1536":["https:\/\/arantv.az\/wp-content\/uploads\/2024\/12\/f2876df2173510613384143291011091323.jpg",975,540,false],"2048x2048":["https:\/\/arantv.az\/wp-content\/uploads\/2024\/12\/f2876df2173510613384143291011091323.jpg",975,540,false],"post-thumbnail":["https:\/\/arantv.az\/wp-content\/uploads\/2024\/12\/f2876df2173510613384143291011091323-240x172.jpg",240,172,true],"advps-thumb-one":["https:\/\/arantv.az\/wp-content\/uploads\/2024\/12\/f2876df2173510613384143291011091323.jpg",975,540,false]},"rttpg_author":{"display_name":"V\u00fcsal Rafiqo\u011flu","author_link":"https:\/\/arantv.az\/?author=2"},"rttpg_comment":0,"rttpg_category":"<a href=\"https:\/\/arantv.az\/?cat=8\" rel=\"category\">\u018fsas s\u0259hif\u0259<\/a>","rttpg_excerpt":"Haz\u0131rda Az\u0259rbaycan d\u00fcnya miqyas\u0131nda h\u0259m d\u0259 idman \u00f6lk\u0259si kimi tan\u0131n\u0131r. Bu da Az\u0259rbaycan Respublikas\u0131n\u0131n Prezidenti, Milli Olimpiya Komit\u0259sinin Prezidenti \u0130lham \u018fliyevin idman\u0131n inki\u015faf\u0131na v\u0259 yeti\u015fm\u0259kd\u0259 olan g\u0259nc n\u0259sl\u0259 g\u00f6st\u0259rdiyi x\u00fcsusi diqq\u0259t v\u0259 qay\u011f\u0131s\u0131n\u0131n bariz n\u00fcmun\u0259sidir. M\u00f6t\u0259b\u0259r Beyn\u0259lxalq idman yar\u0131\u015flar\u0131na v\u0259 irimiqyasl\u0131 t\u0259dbirl\u0259r\u0259 ev sahibliyi etm\u0259si, el\u0259c\u0259 d\u0259 beyn\u0259lxalq yar\u0131\u015flarda idman\u00e7\u0131lar\u0131m\u0131z\u0131n i\u015ftirak\u0131, \u0259ld\u0259 etdiyi u\u011furlar Az\u0259rbaycan\u0131n&hellip;","_links":{"self":[{"href":"https:\/\/arantv.az\/index.php?rest_route=\/wp\/v2\/posts\/777040"}],"collection":[{"href":"https:\/\/arantv.az\/index.php?rest_route=\/wp\/v2\/posts"}],"about":[{"href":"https:\/\/arantv.az\/index.php?rest_route=\/wp\/v2\/types\/post"}],"author":[{"embeddable":true,"href":"https:\/\/arantv.az\/index.php?rest_route=\/wp\/v2\/users\/2"}],"replies":[{"embeddable":true,"href":"https:\/\/arantv.az\/index.php?rest_route=%2Fwp%2Fv2%2Fcomments&post=777040"}],"version-history":[{"count":1,"href":"https:\/\/arantv.az\/index.php?rest_route=\/wp\/v2\/posts\/777040\/revisions"}],"predecessor-version":[{"id":777042,"href":"https:\/\/arantv.az\/index.php?rest_route=\/wp\/v2\/posts\/777040\/revisions\/777042"}],"wp:featuredmedia":[{"embeddable":true,"href":"https:\/\/arantv.az\/index.php?rest_route=\/wp\/v2\/media\/777041"}],"wp:attachment":[{"href":"https:\/\/arantv.az\/index.php?rest_route=%2Fwp%2Fv2%2Fmedia&parent=777040"}],"wp:term":[{"taxonomy":"category","embeddable":true,"href":"https:\/\/arantv.az\/index.php?rest_route=%2Fwp%2Fv2%2Fcategories&post=777040"},{"taxonomy":"post_tag","embeddable":true,"href":"https:\/\/arantv.az\/index.php?rest_route=%2Fwp%2Fv2%2Ftags&post=777040"}],"curies":[{"name":"wp","href":"https:\/\/api.w.org\/{rel}","templated":true}]}}