{"id":77706,"date":"2019-09-09T13:34:29","date_gmt":"2019-09-09T10:34:29","guid":{"rendered":"http:\/\/arantv.az\/?p=77706"},"modified":"2019-09-09T13:34:29","modified_gmt":"2019-09-09T10:34:29","slug":"millimiz-bas-m%c9%99sqcisiz-qaldi","status":"publish","type":"post","link":"https:\/\/arantv.az\/?p=77706","title":{"rendered":"Millimiz ba\u015f m\u0259\u015fq\u00e7isiz qald\u0131"},"content":{"rendered":"<p>Qad\u0131n voleybolu \u00fczr\u0259 millimiz ba\u015f m\u0259\u015fq\u00e7isiz qal\u0131b.<\/p>\n<p><b>ARANTV.AZ\u00a0<\/b>x\u0259b\u0259r verir ki, italiyal\u0131 ba\u015f m\u0259\u015fq\u00e7i Covanni Kaprara m\u00fcqavil\u0259si ba\u015fa \u00e7atd\u0131\u011f\u0131ndan \u00f6lk\u0259sin\u0259 qay\u0131d\u0131b.<\/p>\n<p>Az\u0259rbaycan Voleybol Federasiyas\u0131ndan bu x\u0259b\u0259ri t\u0259sdiql\u0259yibl\u0259r:<\/p>\n<div id=\"AdviadNativeVideo0\" class=\"AdviadNativeVideo\"><\/div>\n<p>&#8220;B\u0259li, Kaprara il\u0259 m\u00fcqavil\u0259miz q\u0131sam\u00fcdd\u0259tli idi v\u0259 ba\u015fa \u00e7at\u0131b. Ancaq onunla yeni m\u00fcqavil\u0259 ba\u011flan\u0131b-ba\u011flanmayaca\u011f\u0131 bar\u0259d\u0259 d\u0259qiq m\u0259lumat ver\u0259 bilm\u0259rik. Haz\u0131rda y\u0131\u011fma komandalar fasil\u0259d\u0259dir.<\/p>\n<p>Komandam\u0131z Avropan\u0131n ilk &#8220;10-lu\u011f&#8221;una d\u00fc\u015fd\u00fcy\u00fcnd\u0259n\u00a0yanvarda qit\u0259nin dig\u0259r yeddi komandas\u0131 il\u0259 Olimpiadaya v\u0259siq\u0259 \u00fc\u00e7\u00fcn bir yer u\u011frunda m\u00fcbariz\u0259 aparacaq. Bu s\u0259b\u0259bd\u0259n h\u0259min tarix\u0259 h\u0259l\u0259 \u00e7ox vaxt qald\u0131\u011f\u0131ndan\u00a0yeni ba\u015f m\u0259\u015fq\u00e7imizin kimliyi h\u0259l\u0259 aktual deyil&#8221;.<\/p>\n<p>Qeyd ed\u0259k ki, Covanni Kaprara millimizin ba\u015f\u0131na may ay\u0131nda ke\u00e7mi\u015fdi. T\u0259cr\u00fcb\u0259li m\u00fct\u0259x\u0259ssis Avropa Liqas\u0131nda, Braziliyada ke\u00e7iril\u0259n Olimpiya lisenziyal\u0131 turnird\u0259 v\u0259 Avropa \u00e7empionat\u0131nda komandaya ba\u015f m\u0259\u015fq\u00e7ilik edib. Komandam\u0131z ilk iki turnird\u0259 u\u011fursuz olsa da, qit\u0259 birinciliyind\u0259 1\/8 finalad\u0259k ir\u0259lil\u0259mi\u015fdi.oxu.az<\/p>\n","protected":false},"excerpt":{"rendered":"<p>Qad\u0131n voleybolu \u00fczr\u0259 millimiz ba\u015f m\u0259\u015fq\u00e7isiz qal\u0131b. ARANTV.AZ\u00a0x\u0259b\u0259r verir ki, italiyal\u0131 ba\u015f m\u0259\u015fq\u00e7i Covanni Kaprara m\u00fcqavil\u0259si ba\u015fa \u00e7atd\u0131\u011f\u0131ndan \u00f6lk\u0259sin\u0259 qay\u0131d\u0131b. Az\u0259rbaycan Voleybol Federasiyas\u0131ndan bu x\u0259b\u0259ri t\u0259sdiql\u0259yibl\u0259r: &#8220;B\u0259li, Kaprara il\u0259 m\u00fcqavil\u0259miz q\u0131sam\u00fcdd\u0259tli idi v\u0259 ba\u015fa \u00e7at\u0131b. Ancaq onunla yeni m\u00fcqavil\u0259 ba\u011flan\u0131b-ba\u011flanmayaca\u011f\u0131 bar\u0259d\u0259 d\u0259qiq m\u0259lumat ver\u0259 bilm\u0259rik. Haz\u0131rda y\u0131\u011fma komandalar fasil\u0259d\u0259dir. Komandam\u0131z Avropan\u0131n ilk &#8220;10-lu\u011f&#8221;una d\u00fc\u015fd\u00fcy\u00fcnd\u0259n\u00a0yanvarda qit\u0259nin dig\u0259r yeddi komandas\u0131 il\u0259 Olimpiadaya v\u0259siq\u0259 \u00fc\u00e7\u00fcn bir yer u\u011frunda m\u00fcbariz\u0259 aparacaq. Bu s\u0259b\u0259bd\u0259n h\u0259min tarix\u0259 h\u0259l\u0259 \u00e7ox vaxt qald\u0131\u011f\u0131ndan\u00a0yeni ba\u015f m\u0259\u015fq\u00e7imizin kimliyi h\u0259l\u0259 aktual deyil&#8221;. Qeyd ed\u0259k ki, Covanni Kaprara millimizin ba\u015f\u0131na may ay\u0131nda&hellip;<\/p>\n","protected":false},"author":2,"featured_media":77707,"comment_status":"closed","ping_status":"closed","sticky":false,"template":"","format":"standard","meta":{"om_disable_all_campaigns":false,"_monsterinsights_skip_tracking":false,"_monsterinsights_sitenote_active":false,"_monsterinsights_sitenote_note":"","_monsterinsights_sitenote_category":0},"categories":[6],"tags":[],"aioseo_notices":[],"gutentor_comment":0,"rttpg_featured_image_url":{"full":["https:\/\/arantv.az\/wp-content\/uploads\/2019\/09\/95d761704bbabd.jpg",620,413,false],"landscape":["https:\/\/arantv.az\/wp-content\/uploads\/2019\/09\/95d761704bbabd.jpg",620,413,false],"portraits":["https:\/\/arantv.az\/wp-content\/uploads\/2019\/09\/95d761704bbabd.jpg",620,413,false],"thumbnail":["https:\/\/arantv.az\/wp-content\/uploads\/2019\/09\/95d761704bbabd-150x150.jpg",150,150,true],"medium":["https:\/\/arantv.az\/wp-content\/uploads\/2019\/09\/95d761704bbabd-300x200.jpg",300,200,true],"large":["https:\/\/arantv.az\/wp-content\/uploads\/2019\/09\/95d761704bbabd.jpg",620,413,false],"1536x1536":["https:\/\/arantv.az\/wp-content\/uploads\/2019\/09\/95d761704bbabd.jpg",620,413,false],"2048x2048":["https:\/\/arantv.az\/wp-content\/uploads\/2019\/09\/95d761704bbabd.jpg",620,413,false],"post-thumbnail":["https:\/\/arantv.az\/wp-content\/uploads\/2019\/09\/95d761704bbabd-240x172.jpg",240,172,true],"advps-thumb-one":["https:\/\/arantv.az\/wp-content\/uploads\/2019\/09\/95d761704bbabd.jpg",620,413,false]},"rttpg_author":{"display_name":"V\u00fcsal Rafiqo\u011flu","author_link":"https:\/\/arantv.az\/?author=2"},"rttpg_comment":0,"rttpg_category":"<a href=\"https:\/\/arantv.az\/?cat=6\" rel=\"category\">\u0130dman<\/a>","rttpg_excerpt":"Qad\u0131n voleybolu \u00fczr\u0259 millimiz ba\u015f m\u0259\u015fq\u00e7isiz qal\u0131b. ARANTV.AZ\u00a0x\u0259b\u0259r verir ki, italiyal\u0131 ba\u015f m\u0259\u015fq\u00e7i Covanni Kaprara m\u00fcqavil\u0259si ba\u015fa \u00e7atd\u0131\u011f\u0131ndan \u00f6lk\u0259sin\u0259 qay\u0131d\u0131b. Az\u0259rbaycan Voleybol Federasiyas\u0131ndan bu x\u0259b\u0259ri t\u0259sdiql\u0259yibl\u0259r: &#8220;B\u0259li, Kaprara il\u0259 m\u00fcqavil\u0259miz q\u0131sam\u00fcdd\u0259tli idi v\u0259 ba\u015fa \u00e7at\u0131b. Ancaq onunla yeni m\u00fcqavil\u0259 ba\u011flan\u0131b-ba\u011flanmayaca\u011f\u0131 bar\u0259d\u0259 d\u0259qiq m\u0259lumat ver\u0259 bilm\u0259rik. Haz\u0131rda y\u0131\u011fma komandalar fasil\u0259d\u0259dir. Komandam\u0131z Avropan\u0131n ilk &#8220;10-lu\u011f&#8221;una d\u00fc\u015fd\u00fcy\u00fcnd\u0259n\u00a0yanvarda qit\u0259nin&hellip;","_links":{"self":[{"href":"https:\/\/arantv.az\/index.php?rest_route=\/wp\/v2\/posts\/77706"}],"collection":[{"href":"https:\/\/arantv.az\/index.php?rest_route=\/wp\/v2\/posts"}],"about":[{"href":"https:\/\/arantv.az\/index.php?rest_route=\/wp\/v2\/types\/post"}],"author":[{"embeddable":true,"href":"https:\/\/arantv.az\/index.php?rest_route=\/wp\/v2\/users\/2"}],"replies":[{"embeddable":true,"href":"https:\/\/arantv.az\/index.php?rest_route=%2Fwp%2Fv2%2Fcomments&post=77706"}],"version-history":[{"count":0,"href":"https:\/\/arantv.az\/index.php?rest_route=\/wp\/v2\/posts\/77706\/revisions"}],"wp:featuredmedia":[{"embeddable":true,"href":"https:\/\/arantv.az\/index.php?rest_route=\/wp\/v2\/media\/77707"}],"wp:attachment":[{"href":"https:\/\/arantv.az\/index.php?rest_route=%2Fwp%2Fv2%2Fmedia&parent=77706"}],"wp:term":[{"taxonomy":"category","embeddable":true,"href":"https:\/\/arantv.az\/index.php?rest_route=%2Fwp%2Fv2%2Fcategories&post=77706"},{"taxonomy":"post_tag","embeddable":true,"href":"https:\/\/arantv.az\/index.php?rest_route=%2Fwp%2Fv2%2Ftags&post=77706"}],"curies":[{"name":"wp","href":"https:\/\/api.w.org\/{rel}","templated":true}]}}