{"id":777061,"date":"2024-12-25T21:07:53","date_gmt":"2024-12-25T17:07:53","guid":{"rendered":"https:\/\/arantv.az\/?p=777061"},"modified":"2024-12-25T21:07:53","modified_gmt":"2024-12-25T17:07:53","slug":"emind%c9%99n-qizi-il%c9%99-s%c9%99mimi-foto","status":"publish","type":"post","link":"https:\/\/arantv.az\/?p=777061","title":{"rendered":"Emind\u0259n q\u0131z\u0131 il\u0259 s\u0259mimi FOTO"},"content":{"rendered":"<div class=\"entry-main-content\">\n<p><strong>Xalq artisti, i\u015f adam\u0131 Emin A\u011falarov q\u0131z\u0131 Afina il\u0259 ba\u011fl\u0131 payla\u015f\u0131m edib.<\/strong><\/p>\n<p>S\u0259n\u0259t\u00e7i \u00f6vlad\u0131n\u0131 \u00fcz\u00fcnd\u0259n \u00f6p\u0259n an \u00e7\u0259kil\u0259n fotonu instaqram s\u0259hif\u0259sind\u0259 izl\u0259yicil\u0259ri il\u0259 b\u00f6l\u00fc\u015f\u00fcb.<\/p>\n<p>Qeyd ed\u0259k ki, Afina Eminin h\u0259yat yolda\u015f\u0131, model Alyona Qavrilovadan d\u00fcnyaya g\u0259l\u0259n \u00f6vlad\u0131d\u0131r. A\u011falarovun \u018fmin\u0259 adl\u0131 daha bir q\u0131z\u0131 v\u0259 \u0259kiz Mikay\u0131l v\u0259 \u018fli adl\u0131 o\u011flan \u00f6vladlar\u0131 var.\u00a0 (olay)<\/p>\n<\/div>\n<p><img class=\"xfieldimage gallery\" src=\"https:\/\/olay.az\/uploads\/posts\/2024-12\/mycollages-60.webp\" alt=\"\" \/><\/p>\n","protected":false},"excerpt":{"rendered":"<p>Xalq artisti, i\u015f adam\u0131 Emin A\u011falarov q\u0131z\u0131 Afina il\u0259 ba\u011fl\u0131 payla\u015f\u0131m edib. S\u0259n\u0259t\u00e7i \u00f6vlad\u0131n\u0131 \u00fcz\u00fcnd\u0259n \u00f6p\u0259n an \u00e7\u0259kil\u0259n fotonu instaqram s\u0259hif\u0259sind\u0259 izl\u0259yicil\u0259ri il\u0259 b\u00f6l\u00fc\u015f\u00fcb. Qeyd ed\u0259k ki, Afina Eminin h\u0259yat yolda\u015f\u0131, model Alyona Qavrilovadan d\u00fcnyaya g\u0259l\u0259n \u00f6vlad\u0131d\u0131r. A\u011falarovun \u018fmin\u0259 adl\u0131 daha bir q\u0131z\u0131 v\u0259 \u0259kiz Mikay\u0131l v\u0259 \u018fli adl\u0131 o\u011flan \u00f6vladlar\u0131 var.\u00a0 (olay)<\/p>\n","protected":false},"author":2,"featured_media":777062,"comment_status":"closed","ping_status":"closed","sticky":false,"template":"","format":"standard","meta":{"om_disable_all_campaigns":false,"_monsterinsights_skip_tracking":false,"_monsterinsights_sitenote_active":false,"_monsterinsights_sitenote_note":"","_monsterinsights_sitenote_category":0},"categories":[20],"tags":[],"aioseo_notices":[],"gutentor_comment":0,"rttpg_featured_image_url":{"full":["https:\/\/arantv.az\/wp-content\/uploads\/2024\/12\/7badc80ebad8f356a4b0ab208b0e4c75.jpg",870,500,false],"landscape":["https:\/\/arantv.az\/wp-content\/uploads\/2024\/12\/7badc80ebad8f356a4b0ab208b0e4c75.jpg",870,500,false],"portraits":["https:\/\/arantv.az\/wp-content\/uploads\/2024\/12\/7badc80ebad8f356a4b0ab208b0e4c75.jpg",870,500,false],"thumbnail":["https:\/\/arantv.az\/wp-content\/uploads\/2024\/12\/7badc80ebad8f356a4b0ab208b0e4c75-500x280.jpg",500,280,true],"medium":["https:\/\/arantv.az\/wp-content\/uploads\/2024\/12\/7badc80ebad8f356a4b0ab208b0e4c75-635x365.jpg",635,365,true],"large":["https:\/\/arantv.az\/wp-content\/uploads\/2024\/12\/7badc80ebad8f356a4b0ab208b0e4c75-840x483.jpg",640,368,true],"1536x1536":["https:\/\/arantv.az\/wp-content\/uploads\/2024\/12\/7badc80ebad8f356a4b0ab208b0e4c75.jpg",870,500,false],"2048x2048":["https:\/\/arantv.az\/wp-content\/uploads\/2024\/12\/7badc80ebad8f356a4b0ab208b0e4c75.jpg",870,500,false],"post-thumbnail":["https:\/\/arantv.az\/wp-content\/uploads\/2024\/12\/7badc80ebad8f356a4b0ab208b0e4c75-240x172.jpg",240,172,true],"advps-thumb-one":["https:\/\/arantv.az\/wp-content\/uploads\/2024\/12\/7badc80ebad8f356a4b0ab208b0e4c75.jpg",870,500,false]},"rttpg_author":{"display_name":"V\u00fcsal Rafiqo\u011flu","author_link":"https:\/\/arantv.az\/?author=2"},"rttpg_comment":0,"rttpg_category":"<a href=\"https:\/\/arantv.az\/?cat=20\" rel=\"category\">\u015eou biznes<\/a>","rttpg_excerpt":"Xalq artisti, i\u015f adam\u0131 Emin A\u011falarov q\u0131z\u0131 Afina il\u0259 ba\u011fl\u0131 payla\u015f\u0131m edib. S\u0259n\u0259t\u00e7i \u00f6vlad\u0131n\u0131 \u00fcz\u00fcnd\u0259n \u00f6p\u0259n an \u00e7\u0259kil\u0259n fotonu instaqram s\u0259hif\u0259sind\u0259 izl\u0259yicil\u0259ri il\u0259 b\u00f6l\u00fc\u015f\u00fcb. Qeyd ed\u0259k ki, Afina Eminin h\u0259yat yolda\u015f\u0131, model Alyona Qavrilovadan d\u00fcnyaya g\u0259l\u0259n \u00f6vlad\u0131d\u0131r. A\u011falarovun \u018fmin\u0259 adl\u0131 daha bir q\u0131z\u0131 v\u0259 \u0259kiz Mikay\u0131l v\u0259 \u018fli adl\u0131 o\u011flan \u00f6vladlar\u0131 var.\u00a0 (olay)","_links":{"self":[{"href":"https:\/\/arantv.az\/index.php?rest_route=\/wp\/v2\/posts\/777061"}],"collection":[{"href":"https:\/\/arantv.az\/index.php?rest_route=\/wp\/v2\/posts"}],"about":[{"href":"https:\/\/arantv.az\/index.php?rest_route=\/wp\/v2\/types\/post"}],"author":[{"embeddable":true,"href":"https:\/\/arantv.az\/index.php?rest_route=\/wp\/v2\/users\/2"}],"replies":[{"embeddable":true,"href":"https:\/\/arantv.az\/index.php?rest_route=%2Fwp%2Fv2%2Fcomments&post=777061"}],"version-history":[{"count":1,"href":"https:\/\/arantv.az\/index.php?rest_route=\/wp\/v2\/posts\/777061\/revisions"}],"predecessor-version":[{"id":777063,"href":"https:\/\/arantv.az\/index.php?rest_route=\/wp\/v2\/posts\/777061\/revisions\/777063"}],"wp:featuredmedia":[{"embeddable":true,"href":"https:\/\/arantv.az\/index.php?rest_route=\/wp\/v2\/media\/777062"}],"wp:attachment":[{"href":"https:\/\/arantv.az\/index.php?rest_route=%2Fwp%2Fv2%2Fmedia&parent=777061"}],"wp:term":[{"taxonomy":"category","embeddable":true,"href":"https:\/\/arantv.az\/index.php?rest_route=%2Fwp%2Fv2%2Fcategories&post=777061"},{"taxonomy":"post_tag","embeddable":true,"href":"https:\/\/arantv.az\/index.php?rest_route=%2Fwp%2Fv2%2Ftags&post=777061"}],"curies":[{"name":"wp","href":"https:\/\/api.w.org\/{rel}","templated":true}]}}