{"id":777089,"date":"2024-12-26T07:04:47","date_gmt":"2024-12-26T03:04:47","guid":{"rendered":"https:\/\/arantv.az\/?p=777089"},"modified":"2024-12-26T07:04:47","modified_gmt":"2024-12-26T03:04:47","slug":"az%c9%99rbaycanda-bayraqlar-endirildi-video","status":"publish","type":"post","link":"https:\/\/arantv.az\/?p=777089","title":{"rendered":"Az\u0259rbaycanda bayraqlar endirildi &#8211; V\u0130DEO"},"content":{"rendered":"<p>X\u0259b\u0259r verdiyimiz kimi, Prezident \u0130lham \u018fliyevin imzalad\u0131\u011f\u0131 S\u0259r\u0259ncamla dekabr\u0131n 25-d\u0259 Bak\u0131-Qrozn\u0131 reysini yerin\u0259 yetir\u0259n \u201cEmbraer 190\u201d tipli s\u0259rni\u015fin t\u0259yyar\u0259sinin q\u0259zaya u\u011framas\u0131 n\u0259tic\u0259sind\u0259 \u00e7oxsayl\u0131 insan t\u0259l\u0259fat\u0131 il\u0259 \u0259laq\u0259dar dekabr\u0131n 26-da Az\u0259rbaycanda mat\u0259m elan edilib.<\/p>\n<p>APA x\u0259b\u0259r verir ki, mat\u0259ml\u0259 ba\u011fl\u0131 D\u00f6vl\u0259t Bayraq Meydan\u0131nda v\u0259 dig\u0259r r\u0259smi yerl\u0259rin \u00f6n\u00fcnd\u0259 bayraqlar endirilib.<\/p>\n","protected":false},"excerpt":{"rendered":"<p>X\u0259b\u0259r verdiyimiz kimi, Prezident \u0130lham \u018fliyevin imzalad\u0131\u011f\u0131 S\u0259r\u0259ncamla dekabr\u0131n 25-d\u0259 Bak\u0131-Qrozn\u0131 reysini yerin\u0259 yetir\u0259n \u201cEmbraer 190\u201d tipli s\u0259rni\u015fin t\u0259yyar\u0259sinin q\u0259zaya u\u011framas\u0131 n\u0259tic\u0259sind\u0259 \u00e7oxsayl\u0131 insan t\u0259l\u0259fat\u0131 il\u0259 \u0259laq\u0259dar dekabr\u0131n 26-da Az\u0259rbaycanda mat\u0259m elan edilib. APA x\u0259b\u0259r verir ki, mat\u0259ml\u0259 ba\u011fl\u0131 D\u00f6vl\u0259t Bayraq Meydan\u0131nda v\u0259 dig\u0259r r\u0259smi yerl\u0259rin \u00f6n\u00fcnd\u0259 bayraqlar endirilib.<\/p>\n","protected":false},"author":2,"featured_media":777090,"comment_status":"closed","ping_status":"closed","sticky":false,"template":"","format":"standard","meta":{"om_disable_all_campaigns":false,"_monsterinsights_skip_tracking":false,"_monsterinsights_sitenote_active":false,"_monsterinsights_sitenote_note":"","_monsterinsights_sitenote_category":0},"categories":[1],"tags":[],"aioseo_notices":[],"gutentor_comment":0,"rttpg_featured_image_url":{"full":["https:\/\/arantv.az\/wp-content\/uploads\/2024\/12\/5f2481f1945bd979f32dcbfdbda18a27.jpg",870,500,false],"landscape":["https:\/\/arantv.az\/wp-content\/uploads\/2024\/12\/5f2481f1945bd979f32dcbfdbda18a27.jpg",870,500,false],"portraits":["https:\/\/arantv.az\/wp-content\/uploads\/2024\/12\/5f2481f1945bd979f32dcbfdbda18a27.jpg",870,500,false],"thumbnail":["https:\/\/arantv.az\/wp-content\/uploads\/2024\/12\/5f2481f1945bd979f32dcbfdbda18a27-500x280.jpg",500,280,true],"medium":["https:\/\/arantv.az\/wp-content\/uploads\/2024\/12\/5f2481f1945bd979f32dcbfdbda18a27-635x365.jpg",635,365,true],"large":["https:\/\/arantv.az\/wp-content\/uploads\/2024\/12\/5f2481f1945bd979f32dcbfdbda18a27-840x483.jpg",640,368,true],"1536x1536":["https:\/\/arantv.az\/wp-content\/uploads\/2024\/12\/5f2481f1945bd979f32dcbfdbda18a27.jpg",870,500,false],"2048x2048":["https:\/\/arantv.az\/wp-content\/uploads\/2024\/12\/5f2481f1945bd979f32dcbfdbda18a27.jpg",870,500,false],"post-thumbnail":["https:\/\/arantv.az\/wp-content\/uploads\/2024\/12\/5f2481f1945bd979f32dcbfdbda18a27-240x172.jpg",240,172,true],"advps-thumb-one":["https:\/\/arantv.az\/wp-content\/uploads\/2024\/12\/5f2481f1945bd979f32dcbfdbda18a27.jpg",870,500,false]},"rttpg_author":{"display_name":"V\u00fcsal Rafiqo\u011flu","author_link":"https:\/\/arantv.az\/?author=2"},"rttpg_comment":0,"rttpg_category":"<a href=\"https:\/\/arantv.az\/?cat=1\" rel=\"category\">C\u0259miyy\u0259t<\/a>","rttpg_excerpt":"X\u0259b\u0259r verdiyimiz kimi, Prezident \u0130lham \u018fliyevin imzalad\u0131\u011f\u0131 S\u0259r\u0259ncamla dekabr\u0131n 25-d\u0259 Bak\u0131-Qrozn\u0131 reysini yerin\u0259 yetir\u0259n \u201cEmbraer 190\u201d tipli s\u0259rni\u015fin t\u0259yyar\u0259sinin q\u0259zaya u\u011framas\u0131 n\u0259tic\u0259sind\u0259 \u00e7oxsayl\u0131 insan t\u0259l\u0259fat\u0131 il\u0259 \u0259laq\u0259dar dekabr\u0131n 26-da Az\u0259rbaycanda mat\u0259m elan edilib. APA x\u0259b\u0259r verir ki, mat\u0259ml\u0259 ba\u011fl\u0131 D\u00f6vl\u0259t Bayraq Meydan\u0131nda v\u0259 dig\u0259r r\u0259smi yerl\u0259rin \u00f6n\u00fcnd\u0259 bayraqlar endirilib.","_links":{"self":[{"href":"https:\/\/arantv.az\/index.php?rest_route=\/wp\/v2\/posts\/777089"}],"collection":[{"href":"https:\/\/arantv.az\/index.php?rest_route=\/wp\/v2\/posts"}],"about":[{"href":"https:\/\/arantv.az\/index.php?rest_route=\/wp\/v2\/types\/post"}],"author":[{"embeddable":true,"href":"https:\/\/arantv.az\/index.php?rest_route=\/wp\/v2\/users\/2"}],"replies":[{"embeddable":true,"href":"https:\/\/arantv.az\/index.php?rest_route=%2Fwp%2Fv2%2Fcomments&post=777089"}],"version-history":[{"count":1,"href":"https:\/\/arantv.az\/index.php?rest_route=\/wp\/v2\/posts\/777089\/revisions"}],"predecessor-version":[{"id":777091,"href":"https:\/\/arantv.az\/index.php?rest_route=\/wp\/v2\/posts\/777089\/revisions\/777091"}],"wp:featuredmedia":[{"embeddable":true,"href":"https:\/\/arantv.az\/index.php?rest_route=\/wp\/v2\/media\/777090"}],"wp:attachment":[{"href":"https:\/\/arantv.az\/index.php?rest_route=%2Fwp%2Fv2%2Fmedia&parent=777089"}],"wp:term":[{"taxonomy":"category","embeddable":true,"href":"https:\/\/arantv.az\/index.php?rest_route=%2Fwp%2Fv2%2Fcategories&post=777089"},{"taxonomy":"post_tag","embeddable":true,"href":"https:\/\/arantv.az\/index.php?rest_route=%2Fwp%2Fv2%2Ftags&post=777089"}],"curies":[{"name":"wp","href":"https:\/\/api.w.org\/{rel}","templated":true}]}}