{"id":777098,"date":"2024-12-26T07:09:03","date_gmt":"2024-12-26T03:09:03","guid":{"rendered":"https:\/\/arantv.az\/?p=777098"},"modified":"2024-12-26T07:09:03","modified_gmt":"2024-12-26T03:09:03","slug":"q%c9%99zaya-ugrayan-t%c9%99yyar%c9%99nin-az%c9%99rbaycanli-s%c9%99rnisinl%c9%99rind%c9%99n-birinin-taleyi-nam%c9%99lum-olaraq-qalir","status":"publish","type":"post","link":"https:\/\/arantv.az\/?p=777098","title":{"rendered":"Q\u0259zaya u\u011frayan t\u0259yyar\u0259nin az\u0259rbaycanl\u0131 s\u0259rni\u015finl\u0259rind\u0259n birinin taleyi nam\u0259lum olaraq qal\u0131r"},"content":{"rendered":"<p>Qazax\u0131stan\u0131n Aktau \u015f\u0259h\u0259ri yax\u0131nl\u0131\u011f\u0131nda q\u0259zaya u\u011frayan &#8220;Az\u0259rbaycan Hava Yollar\u0131&#8221;na m\u0259xsus t\u0259yyar\u0259d\u0259ki s\u0259rni\u015finl\u0259rd\u0259n birinin C\u0259lilabad rayon sakini oldu\u011fu m\u0259lum olub.<\/p>\n<p>&#8220;Report&#8221;un Mu\u011fan b\u00fcrosunun m\u0259lumat\u0131na g\u00f6r\u0259, o, 1997-ci il t\u0259v\u0259ll\u00fcdl\u00fc Qo\u015fqar Firidun o\u011flu Sad\u0131qovdur.<\/p>\n<p>Q.Sad\u0131qov rayonun Mirz\u0259li k\u0259nd sakinidir. O, Qrozn\u0131da f\u0259hl\u0259 kimi \u00e7al\u0131\u015f\u0131rm\u0131\u015f.<\/p>\n<p>Onun yaralanmas\u0131 v\u0259 ya h\u0259lak olmas\u0131 il\u0259 ba\u011fl\u0131 h\u0259l\u0259lik m\u0259lumat yoxdur.<\/p>\n<p>Qeyd ed\u0259k ki, dekabr\u0131n 25-d\u0259 Bak\u0131dan Qrozn\u0131ya u\u00e7an AZAL-a m\u0259xsus &#8220;Embraer&#8221; t\u0259yyar\u0259si Qazax\u0131stan\u0131n Aktau \u015f\u0259h\u0259ri yax\u0131nl\u0131\u011f\u0131nda q\u0259zaya u\u011fray\u0131b. Q\u0259za n\u0259tic\u0259sind\u0259 38 n\u0259f\u0259r \u00f6l\u00fcb, 29 n\u0259f\u0259r yaralan\u0131b. Hadis\u0259 il\u0259 ba\u011fl\u0131 Az\u0259rbaycanda dekabr\u0131n 26-s\u0131 mat\u0259m g\u00fcn\u00fc elan edilib.<\/p>\n","protected":false},"excerpt":{"rendered":"<p>Qazax\u0131stan\u0131n Aktau \u015f\u0259h\u0259ri yax\u0131nl\u0131\u011f\u0131nda q\u0259zaya u\u011frayan &#8220;Az\u0259rbaycan Hava Yollar\u0131&#8221;na m\u0259xsus t\u0259yyar\u0259d\u0259ki s\u0259rni\u015finl\u0259rd\u0259n birinin C\u0259lilabad rayon sakini oldu\u011fu m\u0259lum olub. &#8220;Report&#8221;un Mu\u011fan b\u00fcrosunun m\u0259lumat\u0131na g\u00f6r\u0259, o, 1997-ci il t\u0259v\u0259ll\u00fcdl\u00fc Qo\u015fqar Firidun o\u011flu Sad\u0131qovdur. Q.Sad\u0131qov rayonun Mirz\u0259li k\u0259nd sakinidir. O, Qrozn\u0131da f\u0259hl\u0259 kimi \u00e7al\u0131\u015f\u0131rm\u0131\u015f. Onun yaralanmas\u0131 v\u0259 ya h\u0259lak olmas\u0131 il\u0259 ba\u011fl\u0131 h\u0259l\u0259lik m\u0259lumat yoxdur. Qeyd ed\u0259k ki, dekabr\u0131n 25-d\u0259 Bak\u0131dan Qrozn\u0131ya u\u00e7an AZAL-a m\u0259xsus &#8220;Embraer&#8221; t\u0259yyar\u0259si Qazax\u0131stan\u0131n Aktau \u015f\u0259h\u0259ri yax\u0131nl\u0131\u011f\u0131nda q\u0259zaya u\u011fray\u0131b. Q\u0259za n\u0259tic\u0259sind\u0259 38 n\u0259f\u0259r \u00f6l\u00fcb, 29 n\u0259f\u0259r yaralan\u0131b. Hadis\u0259 il\u0259 ba\u011fl\u0131 Az\u0259rbaycanda dekabr\u0131n 26-s\u0131 mat\u0259m g\u00fcn\u00fc elan edilib.<\/p>\n","protected":false},"author":2,"featured_media":777099,"comment_status":"closed","ping_status":"closed","sticky":false,"template":"","format":"standard","meta":{"om_disable_all_campaigns":false,"_monsterinsights_skip_tracking":false,"_monsterinsights_sitenote_active":false,"_monsterinsights_sitenote_note":"","_monsterinsights_sitenote_category":0},"categories":[1],"tags":[],"aioseo_notices":[],"gutentor_comment":0,"rttpg_featured_image_url":{"full":["https:\/\/arantv.az\/wp-content\/uploads\/2024\/12\/0706892ac63044ad418c7ed6d4bb3bd9.png",576,374,false],"landscape":["https:\/\/arantv.az\/wp-content\/uploads\/2024\/12\/0706892ac63044ad418c7ed6d4bb3bd9.png",576,374,false],"portraits":["https:\/\/arantv.az\/wp-content\/uploads\/2024\/12\/0706892ac63044ad418c7ed6d4bb3bd9.png",576,374,false],"thumbnail":["https:\/\/arantv.az\/wp-content\/uploads\/2024\/12\/0706892ac63044ad418c7ed6d4bb3bd9-500x280.png",500,280,true],"medium":["https:\/\/arantv.az\/wp-content\/uploads\/2024\/12\/0706892ac63044ad418c7ed6d4bb3bd9-562x365.png",562,365,true],"large":["https:\/\/arantv.az\/wp-content\/uploads\/2024\/12\/0706892ac63044ad418c7ed6d4bb3bd9.png",576,374,false],"1536x1536":["https:\/\/arantv.az\/wp-content\/uploads\/2024\/12\/0706892ac63044ad418c7ed6d4bb3bd9.png",576,374,false],"2048x2048":["https:\/\/arantv.az\/wp-content\/uploads\/2024\/12\/0706892ac63044ad418c7ed6d4bb3bd9.png",576,374,false],"post-thumbnail":["https:\/\/arantv.az\/wp-content\/uploads\/2024\/12\/0706892ac63044ad418c7ed6d4bb3bd9-240x172.png",240,172,true],"advps-thumb-one":["https:\/\/arantv.az\/wp-content\/uploads\/2024\/12\/0706892ac63044ad418c7ed6d4bb3bd9.png",576,374,false]},"rttpg_author":{"display_name":"V\u00fcsal Rafiqo\u011flu","author_link":"https:\/\/arantv.az\/?author=2"},"rttpg_comment":0,"rttpg_category":"<a href=\"https:\/\/arantv.az\/?cat=1\" rel=\"category\">C\u0259miyy\u0259t<\/a>","rttpg_excerpt":"Qazax\u0131stan\u0131n Aktau \u015f\u0259h\u0259ri yax\u0131nl\u0131\u011f\u0131nda q\u0259zaya u\u011frayan &#8220;Az\u0259rbaycan Hava Yollar\u0131&#8221;na m\u0259xsus t\u0259yyar\u0259d\u0259ki s\u0259rni\u015finl\u0259rd\u0259n birinin C\u0259lilabad rayon sakini oldu\u011fu m\u0259lum olub. &#8220;Report&#8221;un Mu\u011fan b\u00fcrosunun m\u0259lumat\u0131na g\u00f6r\u0259, o, 1997-ci il t\u0259v\u0259ll\u00fcdl\u00fc Qo\u015fqar Firidun o\u011flu Sad\u0131qovdur. Q.Sad\u0131qov rayonun Mirz\u0259li k\u0259nd sakinidir. O, Qrozn\u0131da f\u0259hl\u0259 kimi \u00e7al\u0131\u015f\u0131rm\u0131\u015f. Onun yaralanmas\u0131 v\u0259 ya h\u0259lak olmas\u0131 il\u0259 ba\u011fl\u0131 h\u0259l\u0259lik m\u0259lumat yoxdur. Qeyd ed\u0259k&hellip;","_links":{"self":[{"href":"https:\/\/arantv.az\/index.php?rest_route=\/wp\/v2\/posts\/777098"}],"collection":[{"href":"https:\/\/arantv.az\/index.php?rest_route=\/wp\/v2\/posts"}],"about":[{"href":"https:\/\/arantv.az\/index.php?rest_route=\/wp\/v2\/types\/post"}],"author":[{"embeddable":true,"href":"https:\/\/arantv.az\/index.php?rest_route=\/wp\/v2\/users\/2"}],"replies":[{"embeddable":true,"href":"https:\/\/arantv.az\/index.php?rest_route=%2Fwp%2Fv2%2Fcomments&post=777098"}],"version-history":[{"count":1,"href":"https:\/\/arantv.az\/index.php?rest_route=\/wp\/v2\/posts\/777098\/revisions"}],"predecessor-version":[{"id":777100,"href":"https:\/\/arantv.az\/index.php?rest_route=\/wp\/v2\/posts\/777098\/revisions\/777100"}],"wp:featuredmedia":[{"embeddable":true,"href":"https:\/\/arantv.az\/index.php?rest_route=\/wp\/v2\/media\/777099"}],"wp:attachment":[{"href":"https:\/\/arantv.az\/index.php?rest_route=%2Fwp%2Fv2%2Fmedia&parent=777098"}],"wp:term":[{"taxonomy":"category","embeddable":true,"href":"https:\/\/arantv.az\/index.php?rest_route=%2Fwp%2Fv2%2Fcategories&post=777098"},{"taxonomy":"post_tag","embeddable":true,"href":"https:\/\/arantv.az\/index.php?rest_route=%2Fwp%2Fv2%2Ftags&post=777098"}],"curies":[{"name":"wp","href":"https:\/\/api.w.org\/{rel}","templated":true}]}}