{"id":77710,"date":"2019-09-09T13:35:28","date_gmt":"2019-09-09T10:35:28","guid":{"rendered":"http:\/\/arantv.az\/?p=77710"},"modified":"2019-09-09T13:35:28","modified_gmt":"2019-09-09T10:35:28","slug":"az%c9%99rbaycanda-unun-z%c9%99nginl%c9%99sdirilm%c9%99si-il%c9%99-bagli-qanun-q%c9%99bul-edil%c9%99c%c9%99k","status":"publish","type":"post","link":"https:\/\/arantv.az\/?p=77710","title":{"rendered":"Az\u0259rbaycanda unun z\u0259nginl\u0259\u015fdirilm\u0259si il\u0259 ba\u011fl\u0131 qanun q\u0259bul edil\u0259c\u0259k"},"content":{"rendered":"<p>Az\u0259rbaycan h\u00f6kum\u0259ti v\u0259 UN\u0130CEF-l\u0259\u00a0birg\u0259 \u00f6lk\u0259mizd\u0259 unun z\u0259nginl\u0259\u015fdirilm\u0259sil\u0259 ba\u011fl\u0131 qanun q\u0259bul edil\u0259c\u0259k.<\/p>\n<p><strong>ARANTV.AZ<\/strong>-\u0131n m\u0259lumat\u0131na g\u00f6r\u0259, bunu Avropa v\u0259 M\u0259rk\u0259zi Asiyada mikronutriyentl\u0259rin \u00e7at\u0131\u015fmazl\u0131\u011f\u0131n\u0131n qar\u015f\u0131s\u0131n\u0131 almaq \u00fc\u00e7\u00fcn unun z\u0259nginl\u0259\u015fdirilm\u0259si i\u015finin planla\u015fd\u0131r\u0131lmas\u0131, icras\u0131 v\u0259 monitorinqi \u00fczr\u0259 regional seminarda \u00e7\u0131x\u0131\u015f\u0131 zaman\u0131 Milli M\u0259clisin S\u0259hiyy\u0259 Komit\u0259sinin s\u0259dr m\u00fcavini Musa Quliyev bildirib.<\/p>\n<p>Onun s\u00f6zl\u0259rin\u0259 g\u00f6r\u0259, anemiya v\u0259 dig\u0259r mikroelementl\u0259rin \u00e7at\u0131\u015fmazl\u0131\u011f\u0131 art\u0131q d\u00fcnyan\u0131n bir \u00e7ox \u00f6lk\u0259l\u0259rinin problemidir:<\/p>\n<div id=\"AdviadNativeVideo0\" class=\"AdviadNativeVideo\"><\/div>\n<p>&#8220;Bu m\u0259s\u0259l\u0259nin qanunvericilik v\u0259 ya h\u00f6kum\u0259tin q\u0259rarlar\u0131 vasit\u0259sil\u0259 h\u0259llini qar\u015f\u0131lar\u0131na m\u0259qs\u0259d qoyan \u00f6lk\u0259l\u0259r art\u0131q m\u00fc\u0259yy\u0259n u\u011furlar \u0259ld\u0259 edibl\u0259r. Az\u0259rbaycanda da bu sah\u0259d\u0259 laz\u0131mi i\u015fl\u0259r g\u00f6r\u00fcl\u00fcr. Anemiya v\u0259 buna b\u0259nz\u0259r x\u0259st\u0259likl\u0259rin aradan qald\u0131r\u0131lmas\u0131 \u00fc\u00e7\u00fcn \u0259haliy\u0259 t\u0259sir ed\u0259 bil\u0259c\u0259k qanunvericiliyin q\u0259bul edilm\u0259si z\u0259ruridir&#8221;.<\/p>\n<p>O deyib ki, h\u00f6kum\u0259t v\u0259 UN\u0130CEF-l\u0259\u00a0birg\u0259 Az\u0259rbaycanda unun z\u0259nginl\u0259\u015fdirilm\u0259sil\u0259 ba\u011fl\u0131 qanun q\u0259bul olunacaq.<\/p>\n<p>&#8220;Milli M\u0259clisin pay\u0131z sessiyas\u0131nda S\u0259hiyy\u0259 Komit\u0259sind\u0259 bu m\u0259s\u0259l\u0259 il\u0259 ba\u011fl\u0131 dinl\u0259m\u0259 ed\u0259c\u0259yik. Yax\u0131n bir il \u0259rzind\u0259 Az\u0259rbaycanda bel\u0259 bir qanun q\u0259bul edil\u0259c\u0259k&#8221;, &#8211; dey\u0259 M.Quliyev qeyd edib.oxu.az<\/p>\n","protected":false},"excerpt":{"rendered":"<p>Az\u0259rbaycan h\u00f6kum\u0259ti v\u0259 UN\u0130CEF-l\u0259\u00a0birg\u0259 \u00f6lk\u0259mizd\u0259 unun z\u0259nginl\u0259\u015fdirilm\u0259sil\u0259 ba\u011fl\u0131 qanun q\u0259bul edil\u0259c\u0259k. ARANTV.AZ-\u0131n m\u0259lumat\u0131na g\u00f6r\u0259, bunu Avropa v\u0259 M\u0259rk\u0259zi Asiyada mikronutriyentl\u0259rin \u00e7at\u0131\u015fmazl\u0131\u011f\u0131n\u0131n qar\u015f\u0131s\u0131n\u0131 almaq \u00fc\u00e7\u00fcn unun z\u0259nginl\u0259\u015fdirilm\u0259si i\u015finin planla\u015fd\u0131r\u0131lmas\u0131, icras\u0131 v\u0259 monitorinqi \u00fczr\u0259 regional seminarda \u00e7\u0131x\u0131\u015f\u0131 zaman\u0131 Milli M\u0259clisin S\u0259hiyy\u0259 Komit\u0259sinin s\u0259dr m\u00fcavini Musa Quliyev bildirib. Onun s\u00f6zl\u0259rin\u0259 g\u00f6r\u0259, anemiya v\u0259 dig\u0259r mikroelementl\u0259rin \u00e7at\u0131\u015fmazl\u0131\u011f\u0131 art\u0131q d\u00fcnyan\u0131n bir \u00e7ox \u00f6lk\u0259l\u0259rinin problemidir: &#8220;Bu m\u0259s\u0259l\u0259nin qanunvericilik v\u0259 ya h\u00f6kum\u0259tin q\u0259rarlar\u0131 vasit\u0259sil\u0259 h\u0259llini qar\u015f\u0131lar\u0131na m\u0259qs\u0259d qoyan \u00f6lk\u0259l\u0259r art\u0131q m\u00fc\u0259yy\u0259n u\u011furlar \u0259ld\u0259 edibl\u0259r. Az\u0259rbaycanda da bu sah\u0259d\u0259 laz\u0131mi i\u015fl\u0259r g\u00f6r\u00fcl\u00fcr. Anemiya v\u0259 buna b\u0259nz\u0259r x\u0259st\u0259likl\u0259rin aradan&hellip;<\/p>\n","protected":false},"author":2,"featured_media":77712,"comment_status":"closed","ping_status":"closed","sticky":false,"template":"","format":"standard","meta":{"om_disable_all_campaigns":false,"_monsterinsights_skip_tracking":false,"_monsterinsights_sitenote_active":false,"_monsterinsights_sitenote_note":"","_monsterinsights_sitenote_category":0},"categories":[1],"tags":[],"aioseo_notices":[],"gutentor_comment":0,"rttpg_featured_image_url":{"full":["https:\/\/arantv.az\/wp-content\/uploads\/2019\/09\/69680901_371886213483076_1188695811928621056_n.jpg",620,465,false],"landscape":["https:\/\/arantv.az\/wp-content\/uploads\/2019\/09\/69680901_371886213483076_1188695811928621056_n.jpg",620,465,false],"portraits":["https:\/\/arantv.az\/wp-content\/uploads\/2019\/09\/69680901_371886213483076_1188695811928621056_n.jpg",620,465,false],"thumbnail":["https:\/\/arantv.az\/wp-content\/uploads\/2019\/09\/69680901_371886213483076_1188695811928621056_n-150x150.jpg",150,150,true],"medium":["https:\/\/arantv.az\/wp-content\/uploads\/2019\/09\/69680901_371886213483076_1188695811928621056_n-300x225.jpg",300,225,true],"large":["https:\/\/arantv.az\/wp-content\/uploads\/2019\/09\/69680901_371886213483076_1188695811928621056_n.jpg",620,465,false],"1536x1536":["https:\/\/arantv.az\/wp-content\/uploads\/2019\/09\/69680901_371886213483076_1188695811928621056_n.jpg",620,465,false],"2048x2048":["https:\/\/arantv.az\/wp-content\/uploads\/2019\/09\/69680901_371886213483076_1188695811928621056_n.jpg",620,465,false],"post-thumbnail":["https:\/\/arantv.az\/wp-content\/uploads\/2019\/09\/69680901_371886213483076_1188695811928621056_n-240x172.jpg",240,172,true],"advps-thumb-one":["https:\/\/arantv.az\/wp-content\/uploads\/2019\/09\/69680901_371886213483076_1188695811928621056_n.jpg",620,465,false]},"rttpg_author":{"display_name":"V\u00fcsal Rafiqo\u011flu","author_link":"https:\/\/arantv.az\/?author=2"},"rttpg_comment":0,"rttpg_category":"<a href=\"https:\/\/arantv.az\/?cat=1\" rel=\"category\">C\u0259miyy\u0259t<\/a>","rttpg_excerpt":"Az\u0259rbaycan h\u00f6kum\u0259ti v\u0259 UN\u0130CEF-l\u0259\u00a0birg\u0259 \u00f6lk\u0259mizd\u0259 unun z\u0259nginl\u0259\u015fdirilm\u0259sil\u0259 ba\u011fl\u0131 qanun q\u0259bul edil\u0259c\u0259k. ARANTV.AZ-\u0131n m\u0259lumat\u0131na g\u00f6r\u0259, bunu Avropa v\u0259 M\u0259rk\u0259zi Asiyada mikronutriyentl\u0259rin \u00e7at\u0131\u015fmazl\u0131\u011f\u0131n\u0131n qar\u015f\u0131s\u0131n\u0131 almaq \u00fc\u00e7\u00fcn unun z\u0259nginl\u0259\u015fdirilm\u0259si i\u015finin planla\u015fd\u0131r\u0131lmas\u0131, icras\u0131 v\u0259 monitorinqi \u00fczr\u0259 regional seminarda \u00e7\u0131x\u0131\u015f\u0131 zaman\u0131 Milli M\u0259clisin S\u0259hiyy\u0259 Komit\u0259sinin s\u0259dr m\u00fcavini Musa Quliyev bildirib. Onun s\u00f6zl\u0259rin\u0259 g\u00f6r\u0259, anemiya v\u0259 dig\u0259r mikroelementl\u0259rin \u00e7at\u0131\u015fmazl\u0131\u011f\u0131 art\u0131q d\u00fcnyan\u0131n&hellip;","_links":{"self":[{"href":"https:\/\/arantv.az\/index.php?rest_route=\/wp\/v2\/posts\/77710"}],"collection":[{"href":"https:\/\/arantv.az\/index.php?rest_route=\/wp\/v2\/posts"}],"about":[{"href":"https:\/\/arantv.az\/index.php?rest_route=\/wp\/v2\/types\/post"}],"author":[{"embeddable":true,"href":"https:\/\/arantv.az\/index.php?rest_route=\/wp\/v2\/users\/2"}],"replies":[{"embeddable":true,"href":"https:\/\/arantv.az\/index.php?rest_route=%2Fwp%2Fv2%2Fcomments&post=77710"}],"version-history":[{"count":0,"href":"https:\/\/arantv.az\/index.php?rest_route=\/wp\/v2\/posts\/77710\/revisions"}],"wp:featuredmedia":[{"embeddable":true,"href":"https:\/\/arantv.az\/index.php?rest_route=\/wp\/v2\/media\/77712"}],"wp:attachment":[{"href":"https:\/\/arantv.az\/index.php?rest_route=%2Fwp%2Fv2%2Fmedia&parent=77710"}],"wp:term":[{"taxonomy":"category","embeddable":true,"href":"https:\/\/arantv.az\/index.php?rest_route=%2Fwp%2Fv2%2Fcategories&post=77710"},{"taxonomy":"post_tag","embeddable":true,"href":"https:\/\/arantv.az\/index.php?rest_route=%2Fwp%2Fv2%2Ftags&post=77710"}],"curies":[{"name":"wp","href":"https:\/\/api.w.org\/{rel}","templated":true}]}}