{"id":777101,"date":"2024-12-26T07:10:13","date_gmt":"2024-12-26T03:10:13","guid":{"rendered":"https:\/\/arantv.az\/?p=777101"},"modified":"2024-12-26T07:10:13","modified_gmt":"2024-12-26T03:10:13","slug":"sosial-yardim-n%c9%99-q%c9%99d%c9%99r-artacaq","status":"publish","type":"post","link":"https:\/\/arantv.az\/?p=777101","title":{"rendered":"Sosial yard\u0131m n\u0259 q\u0259d\u0259r artacaq?"},"content":{"rendered":"<div class=\"text-content\" data-id=\"\" data-url=\"\">\n<p><em><strong>G\u0259l\u0259n ild\u0259n \u00fcnvanl\u0131 sosial yard\u0131m artacaq.<\/strong><\/em><\/p>\n<p>Xezerxeber.az-\u0131n m\u0259lumat\u0131na g\u00f6r\u0259, Milli M\u0259clisin \u0130qtisadi siyas\u0259t s\u0259naye v\u0259 sahibkarl\u0131q komit\u0259sinin \u00fczv\u00fc mill\u0259t v\u0259kili V\u00fcqar Bayramov deyib ki, Prezident \u0130lham \u018fliyev 2024-c\u00fc il \u00fc\u00e7\u00fcn ehtiyac meyar\u0131 h\u0259ddini t\u0259sdiq edib. G\u0259l\u0259n ild\u0259n etibar\u0259n ehtiyac meyar\u0131 270 manatdan 285 manata \u00e7atd\u0131r\u0131lacaq.<\/p>\n<p>Eyni zamanda, ehtiyac meyar\u0131 art\u0131r\u0131ld\u0131\u011f\u0131 \u00fc\u00e7\u00fcn daha \u00e7ox ail\u0259 \u00fcnvanl\u0131 sosial yard\u0131ma m\u00fcraci\u0259t ed\u0259 bil\u0259c\u0259k.<\/p>\n<p>Deputat bildirib ki, bu art\u0131m sosial qay\u011f\u0131ya ehtiyac\u0131 olan ail\u0259l\u0259rin daha yax\u0131ndan d\u0259st\u0259kl\u0259nm\u0259sin\u0259 xidm\u0259t edir.<\/p>\n<p><iframe title=\"Sosial yard\u0131m n\u0259 q\u0259d\u0259r artacaq? - A\u00c7IQLAMA\" src=\"https:\/\/www.youtube.com\/embed\/2sFqoj8G91s\" frameborder=\"0\" allowfullscreen=\"allowfullscreen\" data-mce-fragment=\"1\"><\/iframe><\/p>\n<\/div>\n<div><\/div>\n<div><\/div>\n<div class=\"inner-social-box\">\n<div class=\"subs-in-social subs-whatsapp\"><\/div>\n<\/div>\n","protected":false},"excerpt":{"rendered":"<p>G\u0259l\u0259n ild\u0259n \u00fcnvanl\u0131 sosial yard\u0131m artacaq. Xezerxeber.az-\u0131n m\u0259lumat\u0131na g\u00f6r\u0259, Milli M\u0259clisin \u0130qtisadi siyas\u0259t s\u0259naye v\u0259 sahibkarl\u0131q komit\u0259sinin \u00fczv\u00fc mill\u0259t v\u0259kili V\u00fcqar Bayramov deyib ki, Prezident \u0130lham \u018fliyev 2024-c\u00fc il \u00fc\u00e7\u00fcn ehtiyac meyar\u0131 h\u0259ddini t\u0259sdiq edib. G\u0259l\u0259n ild\u0259n etibar\u0259n ehtiyac meyar\u0131 270 manatdan 285 manata \u00e7atd\u0131r\u0131lacaq. Eyni zamanda, ehtiyac meyar\u0131 art\u0131r\u0131ld\u0131\u011f\u0131 \u00fc\u00e7\u00fcn daha \u00e7ox ail\u0259 \u00fcnvanl\u0131 sosial yard\u0131ma m\u00fcraci\u0259t ed\u0259 bil\u0259c\u0259k. Deputat bildirib ki, bu art\u0131m sosial qay\u011f\u0131ya ehtiyac\u0131 olan ail\u0259l\u0259rin daha yax\u0131ndan d\u0259st\u0259kl\u0259nm\u0259sin\u0259 xidm\u0259t edir.<\/p>\n","protected":false},"author":2,"featured_media":777102,"comment_status":"closed","ping_status":"closed","sticky":false,"template":"","format":"standard","meta":{"om_disable_all_campaigns":false,"_monsterinsights_skip_tracking":false,"_monsterinsights_sitenote_active":false,"_monsterinsights_sitenote_note":"","_monsterinsights_sitenote_category":0},"categories":[1],"tags":[],"aioseo_notices":[],"gutentor_comment":0,"rttpg_featured_image_url":{"full":["https:\/\/arantv.az\/wp-content\/uploads\/2024\/12\/1c6e92108e82d3037e8d54fb37d2a80d.png",574,372,false],"landscape":["https:\/\/arantv.az\/wp-content\/uploads\/2024\/12\/1c6e92108e82d3037e8d54fb37d2a80d.png",574,372,false],"portraits":["https:\/\/arantv.az\/wp-content\/uploads\/2024\/12\/1c6e92108e82d3037e8d54fb37d2a80d.png",574,372,false],"thumbnail":["https:\/\/arantv.az\/wp-content\/uploads\/2024\/12\/1c6e92108e82d3037e8d54fb37d2a80d-500x280.png",500,280,true],"medium":["https:\/\/arantv.az\/wp-content\/uploads\/2024\/12\/1c6e92108e82d3037e8d54fb37d2a80d-563x365.png",563,365,true],"large":["https:\/\/arantv.az\/wp-content\/uploads\/2024\/12\/1c6e92108e82d3037e8d54fb37d2a80d.png",574,372,false],"1536x1536":["https:\/\/arantv.az\/wp-content\/uploads\/2024\/12\/1c6e92108e82d3037e8d54fb37d2a80d.png",574,372,false],"2048x2048":["https:\/\/arantv.az\/wp-content\/uploads\/2024\/12\/1c6e92108e82d3037e8d54fb37d2a80d.png",574,372,false],"post-thumbnail":["https:\/\/arantv.az\/wp-content\/uploads\/2024\/12\/1c6e92108e82d3037e8d54fb37d2a80d-240x172.png",240,172,true],"advps-thumb-one":["https:\/\/arantv.az\/wp-content\/uploads\/2024\/12\/1c6e92108e82d3037e8d54fb37d2a80d.png",574,372,false]},"rttpg_author":{"display_name":"V\u00fcsal Rafiqo\u011flu","author_link":"https:\/\/arantv.az\/?author=2"},"rttpg_comment":0,"rttpg_category":"<a href=\"https:\/\/arantv.az\/?cat=1\" rel=\"category\">C\u0259miyy\u0259t<\/a>","rttpg_excerpt":"G\u0259l\u0259n ild\u0259n \u00fcnvanl\u0131 sosial yard\u0131m artacaq. Xezerxeber.az-\u0131n m\u0259lumat\u0131na g\u00f6r\u0259, Milli M\u0259clisin \u0130qtisadi siyas\u0259t s\u0259naye v\u0259 sahibkarl\u0131q komit\u0259sinin \u00fczv\u00fc mill\u0259t v\u0259kili V\u00fcqar Bayramov deyib ki, Prezident \u0130lham \u018fliyev 2024-c\u00fc il \u00fc\u00e7\u00fcn ehtiyac meyar\u0131 h\u0259ddini t\u0259sdiq edib. G\u0259l\u0259n ild\u0259n etibar\u0259n ehtiyac meyar\u0131 270 manatdan 285 manata \u00e7atd\u0131r\u0131lacaq. Eyni zamanda, ehtiyac meyar\u0131 art\u0131r\u0131ld\u0131\u011f\u0131 \u00fc\u00e7\u00fcn daha \u00e7ox ail\u0259 \u00fcnvanl\u0131&hellip;","_links":{"self":[{"href":"https:\/\/arantv.az\/index.php?rest_route=\/wp\/v2\/posts\/777101"}],"collection":[{"href":"https:\/\/arantv.az\/index.php?rest_route=\/wp\/v2\/posts"}],"about":[{"href":"https:\/\/arantv.az\/index.php?rest_route=\/wp\/v2\/types\/post"}],"author":[{"embeddable":true,"href":"https:\/\/arantv.az\/index.php?rest_route=\/wp\/v2\/users\/2"}],"replies":[{"embeddable":true,"href":"https:\/\/arantv.az\/index.php?rest_route=%2Fwp%2Fv2%2Fcomments&post=777101"}],"version-history":[{"count":1,"href":"https:\/\/arantv.az\/index.php?rest_route=\/wp\/v2\/posts\/777101\/revisions"}],"predecessor-version":[{"id":777103,"href":"https:\/\/arantv.az\/index.php?rest_route=\/wp\/v2\/posts\/777101\/revisions\/777103"}],"wp:featuredmedia":[{"embeddable":true,"href":"https:\/\/arantv.az\/index.php?rest_route=\/wp\/v2\/media\/777102"}],"wp:attachment":[{"href":"https:\/\/arantv.az\/index.php?rest_route=%2Fwp%2Fv2%2Fmedia&parent=777101"}],"wp:term":[{"taxonomy":"category","embeddable":true,"href":"https:\/\/arantv.az\/index.php?rest_route=%2Fwp%2Fv2%2Fcategories&post=777101"},{"taxonomy":"post_tag","embeddable":true,"href":"https:\/\/arantv.az\/index.php?rest_route=%2Fwp%2Fv2%2Ftags&post=777101"}],"curies":[{"name":"wp","href":"https:\/\/api.w.org\/{rel}","templated":true}]}}