{"id":777111,"date":"2024-12-26T07:13:19","date_gmt":"2024-12-26T03:13:19","guid":{"rendered":"https:\/\/arantv.az\/?p=777111"},"modified":"2024-12-26T07:13:19","modified_gmt":"2024-12-26T03:13:19","slug":"r%c9%99sad-n%c9%99biyev-t%c9%99yyar%c9%99nin-qara-qutusundan-danisdi","status":"publish","type":"post","link":"https:\/\/arantv.az\/?p=777111","title":{"rendered":"R\u0259\u015fad N\u0259biyev t\u0259yyar\u0259nin qara qutusundan dan\u0131\u015fd\u0131"},"content":{"rendered":"<p>Qazax\u0131stan\u0131n Aktau \u015f\u0259h\u0259ri yax\u0131nl\u0131\u011f\u0131nda q\u0259zaya u\u011frayan \u201cAZAL\u201da m\u0259xsus \u201cEmbraer\u201d t\u0259yyar\u0259sinin qara qutular\u0131 a\u015fkarlan\u0131b.<\/p>\n<p>\u201cReport\u201d x\u0259b\u0259r verir ki, bu bar\u0259d\u0259 r\u0259q\u0259msal inki\u015faf v\u0259 n\u0259qliyyat naziri R\u0259\u015fad N\u0259biyev bildirib.<\/p>\n<p>Onun s\u00f6zl\u0259rin\u0259 g\u00f6r\u0259, qara qutular\u0131n oxunmas\u0131 qanunvericiliy\u0259 uy\u011fun h\u0259yata ke\u00e7iril\u0259c\u0259k.<\/p>\n<p>Qeyd ed\u0259k ki, r\u0259q\u0259msal inki\u015faf v\u0259 n\u0259qliyyat naziri R\u0259\u015fad N\u0259biyev v\u0259 f\u00f6vq\u0259lad\u0259 hallar naziri K\u0259mal\u0259ddin Heyd\u0259rov Qazax\u0131standa q\u0259zaya u\u011frayan t\u0259yyar\u0259d\u0259n sa\u011f \u00e7\u0131xan v\u0259 yaralanan Az\u0259rbaycan v\u0259t\u0259nda\u015flar\u0131na ba\u015f \u00e7\u0259kibl\u0259r. Nazirl\u0259r Qazax\u0131stan x\u0259st\u0259xanalar\u0131nda m\u00fcalic\u0259 alan yaral\u0131lar\u0131n s\u0259hh\u0259ti il\u0259 maraqlan\u0131blar.<\/p>\n<p>Az\u0259rbaycan r\u0259smil\u0259ri s\u0259rni\u015finl\u0259rd\u0259n t\u0259yyar\u0259d\u0259 yaranm\u0131\u015f f\u00f6vq\u0259lad\u0259 v\u0259ziyy\u0259t v\u0259 q\u0259zan\u0131n s\u0259b\u0259bl\u0259ri il\u0259 ba\u011fl\u0131 suallar soru\u015fub, onlar\u0131n ifad\u0259l\u0259rini dinl\u0259yib.<\/p>\n","protected":false},"excerpt":{"rendered":"<p>Qazax\u0131stan\u0131n Aktau \u015f\u0259h\u0259ri yax\u0131nl\u0131\u011f\u0131nda q\u0259zaya u\u011frayan \u201cAZAL\u201da m\u0259xsus \u201cEmbraer\u201d t\u0259yyar\u0259sinin qara qutular\u0131 a\u015fkarlan\u0131b. \u201cReport\u201d x\u0259b\u0259r verir ki, bu bar\u0259d\u0259 r\u0259q\u0259msal inki\u015faf v\u0259 n\u0259qliyyat naziri R\u0259\u015fad N\u0259biyev bildirib. Onun s\u00f6zl\u0259rin\u0259 g\u00f6r\u0259, qara qutular\u0131n oxunmas\u0131 qanunvericiliy\u0259 uy\u011fun h\u0259yata ke\u00e7iril\u0259c\u0259k. Qeyd ed\u0259k ki, r\u0259q\u0259msal inki\u015faf v\u0259 n\u0259qliyyat naziri R\u0259\u015fad N\u0259biyev v\u0259 f\u00f6vq\u0259lad\u0259 hallar naziri K\u0259mal\u0259ddin Heyd\u0259rov Qazax\u0131standa q\u0259zaya u\u011frayan t\u0259yyar\u0259d\u0259n sa\u011f \u00e7\u0131xan v\u0259 yaralanan Az\u0259rbaycan v\u0259t\u0259nda\u015flar\u0131na ba\u015f \u00e7\u0259kibl\u0259r. Nazirl\u0259r Qazax\u0131stan x\u0259st\u0259xanalar\u0131nda m\u00fcalic\u0259 alan yaral\u0131lar\u0131n s\u0259hh\u0259ti il\u0259 maraqlan\u0131blar. Az\u0259rbaycan r\u0259smil\u0259ri s\u0259rni\u015finl\u0259rd\u0259n t\u0259yyar\u0259d\u0259 yaranm\u0131\u015f f\u00f6vq\u0259lad\u0259 v\u0259ziyy\u0259t v\u0259 q\u0259zan\u0131n s\u0259b\u0259bl\u0259ri il\u0259 ba\u011fl\u0131 suallar soru\u015fub, onlar\u0131n ifad\u0259l\u0259rini&hellip;<\/p>\n","protected":false},"author":2,"featured_media":777112,"comment_status":"closed","ping_status":"closed","sticky":false,"template":"","format":"standard","meta":{"om_disable_all_campaigns":false,"_monsterinsights_skip_tracking":false,"_monsterinsights_sitenote_active":false,"_monsterinsights_sitenote_note":"","_monsterinsights_sitenote_category":0},"categories":[1],"tags":[],"aioseo_notices":[],"gutentor_comment":0,"rttpg_featured_image_url":{"full":["https:\/\/arantv.az\/wp-content\/uploads\/2024\/12\/7bc409f041346f6a7cf6487a57c367b6.png",800,500,false],"landscape":["https:\/\/arantv.az\/wp-content\/uploads\/2024\/12\/7bc409f041346f6a7cf6487a57c367b6.png",800,500,false],"portraits":["https:\/\/arantv.az\/wp-content\/uploads\/2024\/12\/7bc409f041346f6a7cf6487a57c367b6.png",800,500,false],"thumbnail":["https:\/\/arantv.az\/wp-content\/uploads\/2024\/12\/7bc409f041346f6a7cf6487a57c367b6-500x280.png",500,280,true],"medium":["https:\/\/arantv.az\/wp-content\/uploads\/2024\/12\/7bc409f041346f6a7cf6487a57c367b6-584x365.png",584,365,true],"large":["https:\/\/arantv.az\/wp-content\/uploads\/2024\/12\/7bc409f041346f6a7cf6487a57c367b6.png",640,400,false],"1536x1536":["https:\/\/arantv.az\/wp-content\/uploads\/2024\/12\/7bc409f041346f6a7cf6487a57c367b6.png",800,500,false],"2048x2048":["https:\/\/arantv.az\/wp-content\/uploads\/2024\/12\/7bc409f041346f6a7cf6487a57c367b6.png",800,500,false],"post-thumbnail":["https:\/\/arantv.az\/wp-content\/uploads\/2024\/12\/7bc409f041346f6a7cf6487a57c367b6-240x172.png",240,172,true],"advps-thumb-one":["https:\/\/arantv.az\/wp-content\/uploads\/2024\/12\/7bc409f041346f6a7cf6487a57c367b6.png",800,500,false]},"rttpg_author":{"display_name":"V\u00fcsal Rafiqo\u011flu","author_link":"https:\/\/arantv.az\/?author=2"},"rttpg_comment":0,"rttpg_category":"<a href=\"https:\/\/arantv.az\/?cat=1\" rel=\"category\">C\u0259miyy\u0259t<\/a>","rttpg_excerpt":"Qazax\u0131stan\u0131n Aktau \u015f\u0259h\u0259ri yax\u0131nl\u0131\u011f\u0131nda q\u0259zaya u\u011frayan \u201cAZAL\u201da m\u0259xsus \u201cEmbraer\u201d t\u0259yyar\u0259sinin qara qutular\u0131 a\u015fkarlan\u0131b. \u201cReport\u201d x\u0259b\u0259r verir ki, bu bar\u0259d\u0259 r\u0259q\u0259msal inki\u015faf v\u0259 n\u0259qliyyat naziri R\u0259\u015fad N\u0259biyev bildirib. Onun s\u00f6zl\u0259rin\u0259 g\u00f6r\u0259, qara qutular\u0131n oxunmas\u0131 qanunvericiliy\u0259 uy\u011fun h\u0259yata ke\u00e7iril\u0259c\u0259k. Qeyd ed\u0259k ki, r\u0259q\u0259msal inki\u015faf v\u0259 n\u0259qliyyat naziri R\u0259\u015fad N\u0259biyev v\u0259 f\u00f6vq\u0259lad\u0259 hallar naziri K\u0259mal\u0259ddin Heyd\u0259rov Qazax\u0131standa q\u0259zaya&hellip;","_links":{"self":[{"href":"https:\/\/arantv.az\/index.php?rest_route=\/wp\/v2\/posts\/777111"}],"collection":[{"href":"https:\/\/arantv.az\/index.php?rest_route=\/wp\/v2\/posts"}],"about":[{"href":"https:\/\/arantv.az\/index.php?rest_route=\/wp\/v2\/types\/post"}],"author":[{"embeddable":true,"href":"https:\/\/arantv.az\/index.php?rest_route=\/wp\/v2\/users\/2"}],"replies":[{"embeddable":true,"href":"https:\/\/arantv.az\/index.php?rest_route=%2Fwp%2Fv2%2Fcomments&post=777111"}],"version-history":[{"count":1,"href":"https:\/\/arantv.az\/index.php?rest_route=\/wp\/v2\/posts\/777111\/revisions"}],"predecessor-version":[{"id":777113,"href":"https:\/\/arantv.az\/index.php?rest_route=\/wp\/v2\/posts\/777111\/revisions\/777113"}],"wp:featuredmedia":[{"embeddable":true,"href":"https:\/\/arantv.az\/index.php?rest_route=\/wp\/v2\/media\/777112"}],"wp:attachment":[{"href":"https:\/\/arantv.az\/index.php?rest_route=%2Fwp%2Fv2%2Fmedia&parent=777111"}],"wp:term":[{"taxonomy":"category","embeddable":true,"href":"https:\/\/arantv.az\/index.php?rest_route=%2Fwp%2Fv2%2Fcategories&post=777111"},{"taxonomy":"post_tag","embeddable":true,"href":"https:\/\/arantv.az\/index.php?rest_route=%2Fwp%2Fv2%2Ftags&post=777111"}],"curies":[{"name":"wp","href":"https:\/\/api.w.org\/{rel}","templated":true}]}}