{"id":777155,"date":"2024-12-26T07:26:31","date_gmt":"2024-12-26T03:26:31","guid":{"rendered":"https:\/\/arantv.az\/?p=777155"},"modified":"2024-12-26T07:26:31","modified_gmt":"2024-12-26T03:26:31","slug":"t%c9%99yyar%c9%99-q%c9%99zasinda-sag-qalan-l%c9%99nk%c9%99ranlinin-ail%c9%99si-h%c9%99r-seyi-danisdi-reportaj-foto","status":"publish","type":"post","link":"https:\/\/arantv.az\/?p=777155","title":{"rendered":"T\u0259yyar\u0259 q\u0259zas\u0131nda sa\u011f qalan l\u0259nk\u0259ranl\u0131n\u0131n ail\u0259si H\u018fR \u015eEY\u0130 dan\u0131\u015fd\u0131 &#8211; REPORTAJ, FOTO"},"content":{"rendered":"<div class=\"text-content\" data-id=\"\" data-url=\"\">\n<p><em><strong>Bu g\u00fcn t\u0259yyar\u0259 q\u0259zas\u0131nda sa\u011f qalanlardan biri d\u0259 L\u0259nk\u0259ran rayon L\u00fcv\u0259s\u0259r k\u0259nd sakini 2004-c\u00fc il t\u0259v\u0259ll\u00fcdl\u00fc Ayhan Z\u0259f\u0259r o\u011flu Bayramzad\u0259dir.<\/strong><\/em><\/p>\n<p>APA-n\u0131n verdiyi x\u0259b\u0259r\u0259 g\u00f6r\u0259 atas\u0131 Z\u0259f\u0259r ki\u015fi deyib ki, evin t\u0259k o\u011flu olan Ayhan \u0259misinin yan\u0131na i\u015fl\u0259m\u0259y\u0259 gedirdi.<\/p>\n<p>&#8220;D\u00fcn\u0259n bibisi il\u0259 Sumqay\u0131t \u015f\u0259h\u0259rin\u0259 getdi. Bu g\u00fcn s\u0259h\u0259r t\u0259yyar\u0259 il\u0259 Rusiyaya \u0259misinin yan\u0131na \u00f6z\u00fcn\u0259 i\u015f qurma\u011fa getdi. Saat 11-12 d\u0259 onlardan bir x\u0259b\u0259r \u00e7\u0131xmad\u0131. Qarda\u015f\u0131ma z\u0259ng etdim Ayhandan n\u0259 x\u0259b\u0259r var. Qarda\u015f\u0131m a\u011flad\u0131 dedi evimiz y\u0131x\u0131l\u0131b. Ayhan\u0131n oldu\u011fu t\u0259yyar\u0259 Qazax\u0131standa q\u0259zaya d\u00fc\u015f\u00fcb, amma sa\u011f qalanlar var. \u00dcmid ed\u0259k ki, Ayhan da sa\u011f qalanlar\u0131n siyah\u0131s\u0131ndad\u0131r. Yolda\u015f\u0131ma bir s\u00f6z dem\u0259dim. Televizora baxd\u0131m g\u00f6rd\u00fcm F\u00f6vq\u0259lad\u0259 Hallar Naziri K\u0259mal\u0259ddin Heyd\u0259rov o\u011flumla dan\u0131\u015f\u0131r, s\u0259hh\u0259ti il\u0259 maraqlan\u0131r. Ondan sonra yolda\u015f\u0131ma x\u0259b\u0259ri verdim. Sa\u011f olsun d\u00f6vl\u0259t ba\u015f\u00e7\u0131s\u0131 hadis\u0259 il\u0259 ba\u011fl\u0131 operativ qrup yaratd\u0131. \u00d6z\u00fc d\u0259 iclasdan d\u00f6n\u00fcb xalq\u0131n yan\u0131nda oldu\u011funu g\u00f6st\u0259rdi&#8221;.<\/p>\n<p>Ayhan\u0131n anas\u0131 Aynur Bayramova bildirib ki, t\u0259yyar\u0259 q\u0259zas\u0131n\u0131 yolda\u015f\u0131ndan e\u015fidib. &#8220;Yolda\u015f\u0131m m\u0259n\u0259 x\u0259b\u0259ri \u00e7atd\u0131randa \u00f6l\u0259nl\u0259r haqq\u0131nda e\u015fid\u0259nd\u0259 \u00e7ox pis oldum v\u0259 sevindim ki, o\u011flum sa\u011fd\u0131r. Televizorda o\u011flumu g\u00f6rd\u00fcm \u00f6z\u00fc il\u0259 q\u0131sa da olsa telefonla dan\u0131\u015fd\u0131q \u00fcr\u0259yim rahat oldu. Dedi ana h\u0259r \u015fey yax\u015f\u0131d\u0131r tezlikl\u0259 ev\u0259 qay\u0131daram&#8221;.<\/p>\n<p>Qeyd ed\u0259k ki, Ayhan Bayramzad\u0259 ail\u0259d\u0259 bir bac\u0131 bir qarda\u015fd\u0131r.<\/p>\n<\/div>\n<div>\n<div class=\"form-group\"><img class=\"img-responsive\" src=\"https:\/\/cdn.musavat.com\/news\/images\/Gulnar\/nevv\/tt\/yyy\/photo_2024-12-25_22-42-03%20%282%29.jpg\" \/><\/div>\n<div class=\"form-group\"><img class=\"img-responsive\" src=\"https:\/\/cdn.musavat.com\/news\/images\/Gulnar\/nevv\/tt\/yyy\/photo_2024-12-25_22-42-03.jpg\" \/><\/div>\n<div class=\"form-group\"><img class=\"img-responsive\" src=\"https:\/\/cdn.musavat.com\/news\/images\/Gulnar\/nevv\/tt\/yyy\/photo_2024-12-25_22-42-04.jpg\" \/><\/div>\n<\/div>\n<div><\/div>\n<div class=\"inner-social-box\">\n<div class=\"subs-in-social subs-whatsapp\"><\/div>\n<\/div>\n","protected":false},"excerpt":{"rendered":"<p>Bu g\u00fcn t\u0259yyar\u0259 q\u0259zas\u0131nda sa\u011f qalanlardan biri d\u0259 L\u0259nk\u0259ran rayon L\u00fcv\u0259s\u0259r k\u0259nd sakini 2004-c\u00fc il t\u0259v\u0259ll\u00fcdl\u00fc Ayhan Z\u0259f\u0259r o\u011flu Bayramzad\u0259dir. APA-n\u0131n verdiyi x\u0259b\u0259r\u0259 g\u00f6r\u0259 atas\u0131 Z\u0259f\u0259r ki\u015fi deyib ki, evin t\u0259k o\u011flu olan Ayhan \u0259misinin yan\u0131na i\u015fl\u0259m\u0259y\u0259 gedirdi. &#8220;D\u00fcn\u0259n bibisi il\u0259 Sumqay\u0131t \u015f\u0259h\u0259rin\u0259 getdi. Bu g\u00fcn s\u0259h\u0259r t\u0259yyar\u0259 il\u0259 Rusiyaya \u0259misinin yan\u0131na \u00f6z\u00fcn\u0259 i\u015f qurma\u011fa getdi. Saat 11-12 d\u0259 onlardan bir x\u0259b\u0259r \u00e7\u0131xmad\u0131. Qarda\u015f\u0131ma z\u0259ng etdim Ayhandan n\u0259 x\u0259b\u0259r var. Qarda\u015f\u0131m a\u011flad\u0131 dedi evimiz y\u0131x\u0131l\u0131b. Ayhan\u0131n oldu\u011fu t\u0259yyar\u0259 Qazax\u0131standa q\u0259zaya d\u00fc\u015f\u00fcb, amma sa\u011f qalanlar var. \u00dcmid ed\u0259k ki, Ayhan da&hellip;<\/p>\n","protected":false},"author":2,"featured_media":777156,"comment_status":"closed","ping_status":"closed","sticky":false,"template":"","format":"standard","meta":{"om_disable_all_campaigns":false,"_monsterinsights_skip_tracking":false,"_monsterinsights_sitenote_active":false,"_monsterinsights_sitenote_note":"","_monsterinsights_sitenote_category":0},"categories":[1],"tags":[],"aioseo_notices":[],"gutentor_comment":0,"rttpg_featured_image_url":{"full":["https:\/\/arantv.az\/wp-content\/uploads\/2024\/12\/360508a14fe9c8aa6d587a6468347719.jpg",870,500,false],"landscape":["https:\/\/arantv.az\/wp-content\/uploads\/2024\/12\/360508a14fe9c8aa6d587a6468347719.jpg",870,500,false],"portraits":["https:\/\/arantv.az\/wp-content\/uploads\/2024\/12\/360508a14fe9c8aa6d587a6468347719.jpg",870,500,false],"thumbnail":["https:\/\/arantv.az\/wp-content\/uploads\/2024\/12\/360508a14fe9c8aa6d587a6468347719-500x280.jpg",500,280,true],"medium":["https:\/\/arantv.az\/wp-content\/uploads\/2024\/12\/360508a14fe9c8aa6d587a6468347719-635x365.jpg",635,365,true],"large":["https:\/\/arantv.az\/wp-content\/uploads\/2024\/12\/360508a14fe9c8aa6d587a6468347719-840x483.jpg",640,368,true],"1536x1536":["https:\/\/arantv.az\/wp-content\/uploads\/2024\/12\/360508a14fe9c8aa6d587a6468347719.jpg",870,500,false],"2048x2048":["https:\/\/arantv.az\/wp-content\/uploads\/2024\/12\/360508a14fe9c8aa6d587a6468347719.jpg",870,500,false],"post-thumbnail":["https:\/\/arantv.az\/wp-content\/uploads\/2024\/12\/360508a14fe9c8aa6d587a6468347719-240x172.jpg",240,172,true],"advps-thumb-one":["https:\/\/arantv.az\/wp-content\/uploads\/2024\/12\/360508a14fe9c8aa6d587a6468347719.jpg",870,500,false]},"rttpg_author":{"display_name":"V\u00fcsal Rafiqo\u011flu","author_link":"https:\/\/arantv.az\/?author=2"},"rttpg_comment":0,"rttpg_category":"<a href=\"https:\/\/arantv.az\/?cat=1\" rel=\"category\">C\u0259miyy\u0259t<\/a>","rttpg_excerpt":"Bu g\u00fcn t\u0259yyar\u0259 q\u0259zas\u0131nda sa\u011f qalanlardan biri d\u0259 L\u0259nk\u0259ran rayon L\u00fcv\u0259s\u0259r k\u0259nd sakini 2004-c\u00fc il t\u0259v\u0259ll\u00fcdl\u00fc Ayhan Z\u0259f\u0259r o\u011flu Bayramzad\u0259dir. APA-n\u0131n verdiyi x\u0259b\u0259r\u0259 g\u00f6r\u0259 atas\u0131 Z\u0259f\u0259r ki\u015fi deyib ki, evin t\u0259k o\u011flu olan Ayhan \u0259misinin yan\u0131na i\u015fl\u0259m\u0259y\u0259 gedirdi. &#8220;D\u00fcn\u0259n bibisi il\u0259 Sumqay\u0131t \u015f\u0259h\u0259rin\u0259 getdi. Bu g\u00fcn s\u0259h\u0259r t\u0259yyar\u0259 il\u0259 Rusiyaya \u0259misinin yan\u0131na \u00f6z\u00fcn\u0259 i\u015f qurma\u011fa&hellip;","_links":{"self":[{"href":"https:\/\/arantv.az\/index.php?rest_route=\/wp\/v2\/posts\/777155"}],"collection":[{"href":"https:\/\/arantv.az\/index.php?rest_route=\/wp\/v2\/posts"}],"about":[{"href":"https:\/\/arantv.az\/index.php?rest_route=\/wp\/v2\/types\/post"}],"author":[{"embeddable":true,"href":"https:\/\/arantv.az\/index.php?rest_route=\/wp\/v2\/users\/2"}],"replies":[{"embeddable":true,"href":"https:\/\/arantv.az\/index.php?rest_route=%2Fwp%2Fv2%2Fcomments&post=777155"}],"version-history":[{"count":1,"href":"https:\/\/arantv.az\/index.php?rest_route=\/wp\/v2\/posts\/777155\/revisions"}],"predecessor-version":[{"id":777157,"href":"https:\/\/arantv.az\/index.php?rest_route=\/wp\/v2\/posts\/777155\/revisions\/777157"}],"wp:featuredmedia":[{"embeddable":true,"href":"https:\/\/arantv.az\/index.php?rest_route=\/wp\/v2\/media\/777156"}],"wp:attachment":[{"href":"https:\/\/arantv.az\/index.php?rest_route=%2Fwp%2Fv2%2Fmedia&parent=777155"}],"wp:term":[{"taxonomy":"category","embeddable":true,"href":"https:\/\/arantv.az\/index.php?rest_route=%2Fwp%2Fv2%2Fcategories&post=777155"},{"taxonomy":"post_tag","embeddable":true,"href":"https:\/\/arantv.az\/index.php?rest_route=%2Fwp%2Fv2%2Ftags&post=777155"}],"curies":[{"name":"wp","href":"https:\/\/api.w.org\/{rel}","templated":true}]}}