{"id":777158,"date":"2024-12-26T07:27:44","date_gmt":"2024-12-26T03:27:44","guid":{"rendered":"https:\/\/arantv.az\/?p=777158"},"modified":"2024-12-26T07:27:44","modified_gmt":"2024-12-26T03:27:44","slug":"2024-cu-il-boyuk-qayidis-proqraminin-icrasina-muhum-tohf%c9%99l%c9%99rini-verdi","status":"publish","type":"post","link":"https:\/\/arantv.az\/?p=777158","title":{"rendered":"2024-c\u00fc il B\u00f6y\u00fck Qay\u0131d\u0131\u015f Proqram\u0131n\u0131n icras\u0131na m\u00fch\u00fcm t\u00f6hf\u0259l\u0259rini verdi"},"content":{"rendered":"<p><em><strong>D\u00f6vl\u0259t ba\u015f\u00e7\u0131s\u0131 \u0130lham \u018fliyevin cari ild\u0259 azad edilmi\u015f \u0259razil\u0259r\u0259 s\u0259f\u0259rl\u0259rinin h\u0259r biri soyda\u015flar\u0131m\u0131z\u0131n bu torpaqlara qay\u0131d\u0131\u015f\u0131na geni\u015f imkanlar yaradan add\u0131mlar\u0131n at\u0131lmas\u0131, ke\u00e7mi\u015f m\u0259cburi k\u00f6\u00e7k\u00fcnl\u0259rin do\u011fma yurd-yuvalar\u0131na qovu\u015fmas\u0131 il\u0259 yadda qald\u0131<\/strong><\/em><\/p>\n<p>Son 4 ilin m\u00fch\u00fcm reall\u0131qlar\u0131ndan biri B\u00f6y\u00fck Qay\u0131d\u0131\u015f Proqram\u0131n\u0131n u\u011furlu icras\u0131, soyda\u015flar\u0131m\u0131z\u0131n m\u0259rh\u0259l\u0259li \u015f\u0259kild\u0259 do\u011fma yurd-yuvalar\u0131na qay\u0131tmas\u0131d\u0131r. 30 il xalq\u0131m\u0131z bu g\u00fcnl\u0259ri b\u00f6y\u00fck s\u0259birsizlikl\u0259 g\u00f6zl\u0259di. 44 g\u00fcnl\u00fck \u0130kinci Qaraba\u011f m\u00fcharib\u0259sind\u0259 tarixi Z\u0259f\u0259rimiz, onun ard\u0131nca \u00f6t\u0259n ilin sentyabr\u0131nda h\u0259yata ke\u00e7iril\u0259n bir g\u00fcnl\u00fck antiterror t\u0259dbirl\u0259ri n\u0259tic\u0259sind\u0259 suverenliyimizin tam b\u0259rpa edilm\u0259si bu torpaqlara qay\u0131d\u0131\u015f\u0131m\u0131za inam\u0131 art\u0131rd\u0131 v\u0259 art\u0131q bu reall\u0131qlar\u0131n \u015fahidiyik.<\/p>\n<p>Ba\u015fa vurma\u011fa haz\u0131rla\u015fd\u0131\u011f\u0131m\u0131z 2024-c\u00fc ilin ke\u00e7mi\u015f m\u0259cburi k\u00f6\u00e7k\u00fcnl\u0259rin qay\u0131d\u0131\u015f\u0131na hans\u0131 \u0259lav\u0259l\u0259ri etdiyi haz\u0131rda \u0259sas diqq\u0259t g\u00f6st\u0259ril\u0259n m\u0259s\u0259l\u0259l\u0259r s\u0131ras\u0131ndad\u0131r. Prezident \u0130lham \u018fliyev ilin \u0259vv\u0259lind\u0259 yerli televiziya kanallar\u0131na m\u00fcsahib\u0259sind\u0259 h\u0259d\u0259fl\u0259ri a\u00e7\u0131qlayark\u0259n bildirdi ki, bu il sakinl\u0259rin\u0259 qovu\u015facaq \u015f\u0259h\u0259rl\u0259rimizin s\u0131ras\u0131na n\u00f6vb\u0259ti 5 \u015f\u0259h\u0259r qat\u0131lacaq. \u015eu\u015fa, Xocal\u0131, C\u0259bray\u0131l, Xank\u0259ndi v\u0259 K\u0259lb\u0259c\u0259r\u0259 ke\u00e7mi\u015f m\u0259cburi k\u00f6\u00e7k\u00fcnl\u0259r qay\u0131dacaq.<\/p>\n<p>Art\u0131q \u015eu\u015fa, Xocal\u0131 v\u0259 C\u0259bray\u0131l \u015f\u0259h\u0259rl\u0259ri bu sevinci ya\u015fay\u0131b. \u015eu\u015fa sakinl\u0259ri bu ilin 10 may tarixind\u0259 \u00dcmummilli Lider Heyd\u0259r \u018fliyevin andan olmas\u0131n\u0131n 101-ci ild\u00f6n\u00fcm\u00fcnd\u0259, xocal\u0131lar 28 may-M\u00fcst\u0259qillik G\u00fcn\u00fcnd\u0259, c\u0259bray\u0131ll\u0131lar 4 oktyabr- C\u0259bray\u0131l \u015e\u0259h\u0259ri G\u00fcn\u00fcnd\u0259 do\u011fma yurd-yuvalar\u0131na qay\u0131td\u0131lar.<\/p>\n<p>\u00dcmumilikd\u0259 Prezident \u0130lham \u018fliyev Qaraba\u011fa v\u0259 \u015e\u0259rqi Z\u0259ng\u0259zura m\u00fct\u0259madi s\u0259f\u0259rl\u0259ri zaman\u0131 b\u0259rpa-quruculuq i\u015fl\u0259ri il\u0259 tan\u0131\u015f olur, ya\u015fay\u0131\u015f m\u0259nt\u0259q\u0259l\u0259rinin, vacib infrastruktur obyektl\u0259rinin a\u00e7\u0131l\u0131\u015flar\u0131nda, t\u0259m\u0259lqoyma m\u0259rasiml\u0259rind\u0259 i\u015ftirak edir. D\u00f6vl\u0259timizin ba\u015f\u00e7\u0131s\u0131 i\u015f\u011faldan azad olunmu\u015f \u0259razil\u0259r\u0259 2024-c\u00fc ild\u0259 ilk s\u0259f\u0259rini fevral\u0131n 26-da Xocal\u0131 \u015f\u0259h\u0259rin\u0259 etdi. \u00d6t\u0259n ilin sentyabr\u0131nda suverenliyimizin tam b\u0259rpas\u0131ndan sonra Xocal\u0131 \u015f\u0259h\u0259rind\u0259 q\u0131sa m\u00fcdd\u0259td\u0259 g\u00f6r\u00fcl\u0259n i\u015fl\u0259r xocal\u0131l\u0131lar\u0131n qay\u0131d\u0131\u015f\u0131nda \u00f6z\u00fcn\u00fcn ayd\u0131n ifad\u0259sini tap\u0131r. Prezident \u0130lham \u018fliyev Xocal\u0131da rayon ictimaiyy\u0259tinin n\u00fcmay\u0259nd\u0259l\u0259ri il\u0259 g\u00f6r\u00fc\u015fd\u00fc, sonra Xocal\u0131 \u015f\u0259h\u0259rind\u0259 Xocal\u0131 Soyq\u0131r\u0131m\u0131 Memorial\u0131n\u0131n t\u0259m\u0259lini qoydu, sakinl\u0259rl\u0259 birlikd\u0259 \u015f\u0259h\u0259rd\u0259 apar\u0131lan tikinti i\u015fl\u0259rinin gedi\u015fi il\u0259 tan\u0131\u015f oldu. \u00abXocal\u0131 qurbanlar\u0131n\u0131n xatir\u0259sini \u0259b\u0259dil\u0259\u015fdirm\u0259k \u00fc\u00e7\u00fcn bu g\u00fcn burada &#8211; 26 fevral g\u00fcn\u00fcnd\u0259 memorial kompleksin t\u0259m\u0259li qoyulacaq. Onu bildirm\u0259liy\u0259m ki, bu layih\u0259 \u00e7oxdan haz\u0131r idi, yer d\u0259 se\u00e7ilmi\u015fdi, Bak\u0131 \u015f\u0259h\u0259rind\u0259 Xocal\u0131 soyq\u0131r\u0131m\u0131 abid\u0259sinin yan\u0131nda yer se\u00e7ilmi\u015fdir. Ancaq memorial kompleksin tikintisi il\u0259 ba\u011fl\u0131 h\u0259r il m\u0259n m\u00fc\u0259yy\u0259n t\u0259r\u0259dd\u00fcdl\u0259r ke\u00e7ir\u0259r\u0259k o hadis\u0259ni, o layih\u0259ni t\u0259xir\u0259 sal\u0131rd\u0131m. Ona g\u00f6r\u0259 ki, sizin kimi m\u0259n d\u0259 inan\u0131rd\u0131m v\u0259 bilirdim, biz buraya qay\u0131daca\u011f\u0131q, Xocal\u0131ya qay\u0131daca\u011f\u0131q v\u0259 burada g\u00fcnahs\u0131z qurbanlar\u0131n xatir\u0259sini \u0259b\u0259dil\u0259\u015fdirm\u0259k \u00fc\u00e7\u00fcn memorial kompleks yarad\u0131lacaq\u00bb s\u00f6yl\u0259y\u0259r\u0259k onu da \u0259lav\u0259 etdi ki, otuz iki ild\u0259n sonra qay\u0131tm\u0131s\u0131n\u0131z. Otuz iki ild\u0259n, o qanl\u0131 faci\u0259d\u0259n sonra Az\u0259rbaycan\u0131n h\u0259r bir gu\u015f\u0259sind\u0259, Qaraba\u011f\u0131n h\u0259r bir yerind\u0259 sahib kimi, bu V\u0259t\u0259nin \u00f6vladlar\u0131 kimi ya\u015fay\u0131r\u0131q, qururuq, b\u0259rpa edirik. Azad edilmi\u015f b\u00fct\u00fcn torpaqlarda geni\u015f quruculuq i\u015fl\u0259ri gedir.<\/p>\n<p>Prezident \u0130lham \u018fliyev v\u0259 Az\u0259rbaycana s\u0259f\u0259r\u0259 g\u0259l\u0259n Qazax\u0131stan Prezidenti Kas\u0131m&#8211;Jomart Tokayev bu ilin mart ay\u0131nda F\u00fczuli rayonunda oldular. F\u00fczuli \u015f\u0259h\u0259rinin Ba\u015f plan\u0131 il\u0259 tan\u0131\u015f olan d\u00f6vl\u0259t ba\u015f\u00e7\u0131lar\u0131na m\u0259lumat verildi ki, 2040-c\u0131 il\u0259d\u0259k F\u00fczuli \u015f\u0259h\u0259rinin inzibati \u0259razisinin 1943 hektara, \u0259halisinin 50 min n\u0259f\u0259r\u0259 \u00e7atd\u0131r\u0131lmas\u0131 n\u0259z\u0259rd\u0259 tutulur. Az\u0259rbaycan v\u0259 Qazax\u0131stan prezidentl\u0259ri F\u00fczuli \u015f\u0259h\u0259rind\u0259 in\u015fa olunan Kurmanqaz\u0131 ad\u0131na U\u015faq Yarad\u0131c\u0131l\u0131q M\u0259rk\u0259zinin a\u00e7\u0131l\u0131\u015f m\u0259rasimind\u0259 i\u015ftirak etdil\u0259r.<\/p>\n<p>Az\u0259rbaycan\u0131n i\u015f\u011faldan azad edilmi\u015f \u0259razil\u0259rinin yenid\u0259n qurulmas\u0131 i\u015fin\u0259 \u00d6zb\u0259kistan v\u0259 Qazax\u0131stanla yana\u015f\u0131, Q\u0131r\u011f\u0131z\u0131stan da f\u0259al \u015f\u0259kild\u0259 qo\u015fuldu. Bu ilin aprel ay\u0131nda prezidentl\u0259r \u0130lham \u018fliyev v\u0259 Sad\u0131r -Japarov A\u011fdam\u0131n X\u0131d\u0131rl\u0131 k\u0259nd tam orta m\u0259kt\u0259bin t\u0259m\u0259lini qoydular. Bu m\u0259kt\u0259b Q\u0131r\u011f\u0131z\u0131stan Prezidentinin t\u0259\u015f\u0259bb\u00fcs\u00fc il\u0259 in\u015fa olunur.<\/p>\n<p>May\u0131n 10-da, Ulu \u00d6nd\u0259r Heyd\u0259r \u018fliyevin anadan olmas\u0131n\u0131n 101-ci ild\u00f6n\u00fcm\u00fcnd\u0259 Prezident \u0130lham \u018fliyev i\u015f\u011faldan azad olunmu\u015f torpaqlar\u0131m\u0131za s\u0259f\u0259r etdi. Bu s\u0259f\u0259ri daha \u0259lam\u0259tdar ed\u0259n hadis\u0259 is\u0259 \u015eu\u015fada birinci ya\u015fay\u0131\u015f kompleksinin a\u00e7\u0131l\u0131\u015f\u0131 v\u0259 \u015f\u0259h\u0259r\u0259 k\u00f6\u00e7m\u00fc\u015f ilk sakinl\u0259rl\u0259 g\u00f6r\u00fc\u015f oldu. \u015eu\u015faya ilk k\u00f6\u00e7 ed\u0259n ail\u0259l\u0259rl\u0259 g\u00f6r\u00fc\u015f\u00fcb m\u0259nzill\u0259rin a\u00e7arlar\u0131n\u0131 sakinl\u0259r\u0259 t\u0259qdim etdikd\u0259n sonra d\u00f6vl\u0259timizin ba\u015f\u00e7\u0131s\u0131 \u0130lham \u018fliyev \u00e7\u0131x\u0131\u015f\u0131nda bildirdi ki, Qaraba\u011f v\u0259 \u015e\u0259rqi Z\u0259ng\u0259zur b\u00f6lg\u0259l\u0259ri n\u0259inki Az\u0259rbaycan\u0131n, Qafqaz\u0131n, d\u00fcnyan\u0131n \u0259n g\u00f6z\u0259l yerl\u0259rind\u0259n biri olacaq. Buran\u0131n t\u0259bi\u0259ti, g\u00f6z\u0259l m\u0259nz\u0259r\u0259l\u0259ri, ya\u015f\u0131ll\u0131qlar, bulaqlar m\u00fcasir v\u0259 eyni zamanda, \u0259n\u0259n\u0259vi \u00fcslubda in\u015fa edil\u0259n binalarla tamamlan\u0131r. El\u0259 bir g\u00f6z\u0259l \u015f\u0259h\u0259r yarad\u0131l\u0131r ki, h\u0259r birimiz, h\u0259r bir az\u0259rbaycanl\u0131 bununla f\u0259xr ed\u0259c\u0259k\u201d. Sonra c\u0259nab \u0130lham \u018fliyev La\u00e7\u0131n rayonunun Sus k\u0259ndind\u0259 g\u00f6r\u00fclm\u00fc\u015f i\u015fl\u0259rl\u0259 tan\u0131\u015f oldu, k\u0259nd\u0259 k\u00f6\u00e7m\u00fc\u015f sakinl\u0259rl\u0259 g\u00f6r\u00fc\u015fd\u00fc. D\u00f6vl\u0259timizin ba\u015f\u00e7\u0131s\u0131 La\u00e7\u0131n rayonunda Zabux\u201d v\u0259 \u00abQar\u0131q\u0131\u015flaq\u00bb Ki\u00e7ik Su Elektrik stansiyalar\u0131n\u0131n a\u00e7\u0131l\u0131\u015flar\u0131n\u0131 etdi. Qeyd ed\u0259k ki, B\u00f6y\u00fck Qay\u0131d\u0131\u015fa dair I D\u00f6vl\u0259t Proqram\u0131na uy\u011fun olaraq indiy\u0259d\u0259k La\u00e7\u0131n \u015f\u0259h\u0259rind\u0259 552 ail\u0259 m\u0259skunla\u015f\u0131b v\u0259 2031 la\u00e7\u0131nl\u0131n\u0131n yurd h\u0259sr\u0259ti sona \u00e7at\u0131b. H\u0259m\u00e7inin D\u00f6vl\u0259t Proqram\u0131na \u0259sas\u0259n rayonun Sus k\u0259ndin\u0259 59 ail\u0259nin 214 sakinin k\u00f6\u00e7\u00fcr\u00fclm\u0259si t\u0259min olunub.<\/p>\n<p>Prezident \u0130lham \u018fliyev 28 May-M\u00fcst\u0259qillik G\u00fcn\u00fcnd\u0259 Xocal\u0131 \u015f\u0259h\u0259rind\u0259 oldu, bura ilk k\u00f6\u00e7\u0259n sakinl\u0259rl\u0259 g\u00f6r\u00fc\u015fd\u00fc. D\u00f6vl\u0259timizin ba\u015f\u00e7\u0131s\u0131 h\u0259min g\u00f6r\u00fc\u015fd\u0259 bildirdi ki, bu qay\u0131d\u0131\u015f\u0131n M\u00fcst\u0259qillik G\u00fcn\u00fcn\u0259 t\u0259sad\u00fcf etm\u0259si t\u0259sad\u00fcfi deyil. \u00c7\u00fcnki ke\u00e7\u0259n il M\u00fcst\u0259qillik G\u00fcn\u00fcnd\u0259 La\u00e7\u0131n \u015f\u0259h\u0259rind\u0259 la\u00e7\u0131nl\u0131lara evl\u0259rinin a\u00e7arlar\u0131 t\u0259qdim edildi. \u0130ki il bundan \u0259vv\u0259l M\u00fcst\u0259qillik G\u00fcn\u00fc \u0259r\u0259f\u0259sind\u0259 &#8211; may\u0131n 27-d\u0259 A\u011fal\u0131 sakinl\u0259ri il\u0259 g\u00f6r\u00fc\u015f oldu. Onlar da m\u0259hz o g\u00fcnd\u0259 k\u00f6\u00e7m\u00fc\u015fd\u00fcl\u0259r. Bu g\u00fcn is\u0259 xocal\u0131l\u0131lar qay\u0131d\u0131rlar. Bu, g\u00f6z\u0259l tarixi hadis\u0259dir. B\u00f6y\u00fck Qay\u0131d\u0131\u015f Proqram\u0131n\u0131n Xocal\u0131 s\u0259hif\u0259si yaz\u0131ld\u0131.<\/p>\n<p>\u00dcmumiyy\u0259tl\u0259, ilin el\u0259 bir ay\u0131 yoxdur ki, d\u00f6vl\u0259t ba\u015f\u00e7\u0131s\u0131 \u0130lham \u018fliyevin i\u015f\u011faldan azad edilmi\u015f \u0259razil\u0259r\u0259 s\u0259f\u0259ri olmas\u0131n. Bu s\u0259f\u0259rl\u0259r m\u00fch\u00fcm sosial obyektl\u0259rin a\u00e7\u0131l\u0131\u015f\u0131 v\u0259 t\u0259m\u0259lqoyma m\u0259rasiml\u0259rinin ke\u00e7irilm\u0259si il\u0259 yadda qal\u0131r.<\/p>\n<p>4 oktyabr tarixi d\u0259 B\u00f6y\u00fck Qay\u0131d\u0131\u015f Proqram\u0131na n\u00f6vb\u0259ti k\u00f6\u00e7 s\u0259hif\u0259sini yazd\u0131. Bel\u0259 ki, C\u0259bray\u0131l \u015e\u0259h\u0259ri G\u00fcn\u00fcnd\u0259 Prezident \u0130lham \u018fliyev rayon m\u0259rk\u0259zind\u0259 in\u015fa olunmu\u015f ya\u015fay\u0131\u015f kompleksinin a\u00e7\u0131l\u0131\u015f\u0131nda i\u015ftirak etdi v\u0259 yeni evl\u0259r\u0259 k\u00f6\u00e7\u0259n sakinl\u0259r\u0259 m\u0259nzill\u0259rin a\u00e7arlar\u0131 t\u0259qdim olundu. Qeyd ed\u0259k ki, \u00fcmumi sah\u0259si 7,9 hektar olan bu kompleksd\u0259 tikilmi\u015f be\u015fm\u0259rt\u0259b\u0259li v\u0259 d\u00f6rdm\u0259rt\u0259b\u0259li 33 ya\u015fay\u0131\u015f binas\u0131nda 712 m\u0259nzil var.<\/p>\n<p>Haz\u0131rda i\u015f\u011faldan azad edilmi\u015f \u0259razil\u0259rd\u0259 \u015f\u0259h\u0259rl\u0259rin v\u0259 k\u0259ndl\u0259rin b\u0259rpas\u0131 s\u00fcr\u0259tl\u0259 davam etdirilir. B\u00fct\u00fcn i\u015fl\u0259ri \u00f6z daxili imkanlar\u0131 hesab\u0131na h\u0259yata ke\u00e7ir\u0259n Az\u0259rbaycan\u0131n \u0259sas h\u0259d\u0259fi B\u00f6y\u00fck Qay\u0131d\u0131\u015f Proqram\u0131n\u0131n icras\u0131n\u0131n birinci m\u0259rh\u0259l\u0259si ba\u015fa \u00e7atanad\u0259k 140 min ke\u00e7mi\u015f m\u0259cburi k\u00f6\u00e7k\u00fcn\u00fcn qay\u0131d\u0131\u015f\u0131na nail olmaqd\u0131r. Bu fakt \u00f6lk\u0259mizin ild\u0259n-il\u0259 artan iqtisadi g\u00fcc\u00fcn\u00fcn daha bir g\u00f6st\u0259ricisidir. Haz\u0131rda Qaraba\u011fda v\u0259 \u015e\u0259rqi Z\u0259ng\u0259zurda ora k\u00f6\u00e7\u00fcr\u00fcl\u0259n ke\u00e7mi\u015f m\u0259cburi k\u00f6\u00e7k\u00fcnl\u0259rl\u0259 yana\u015f\u0131, bu b\u00f6lg\u0259l\u0259rd\u0259 realla\u015fd\u0131r\u0131lan layih\u0259l\u0259rin icras\u0131nda \u00e7al\u0131\u015fan, h\u0259m\u00e7inin ayr\u0131-ayr\u0131 d\u00f6vl\u0259t qurumlar\u0131n\u0131n yerli b\u00f6lm\u0259l\u0259rind\u0259 xidm\u0259ti v\u0259zif\u0259l\u0259rini yerin\u0259 yetir\u0259n, yenid\u0259n f\u0259aliyy\u0259t\u0259 ba\u015flam\u0131\u015f s\u0259hiyy\u0259, t\u0259hsil, m\u0259d\u0259niyy\u0259t, turizm, s\u0259naye, energetika m\u00fc\u0259ssis\u0259l\u0259rind\u0259 i\u015fl\u0259y\u0259n, \u00fcmumilikd\u0259, 30 min\u0259 yax\u0131n insan ya\u015fay\u0131r.<\/p>\n<p>B\u00f6y\u00fck Qay\u0131d\u0131\u015fdan b\u0259hs ed\u0259rk\u0259n bu m\u00fch\u00fcm m\u0259qam\u0131 x\u00fcsusi qeyd etm\u0259liyik ki, bu qay\u0131d\u0131\u015f Cocuq M\u0259rcanl\u0131dan ba\u015flad\u0131. M\u0259hz Ulu \u00d6nd\u0259r Heyd\u0259r \u018fliyevin q\u0259tiyy\u0259ti v\u0259 siyasi irad\u0259si say\u0259sind\u0259 1993-c\u00fc ilin dekabr\u0131ndan 1994-c\u00fc ilin yanvar\u0131na q\u0259d\u0259r davam ed\u0259n v\u0259 Az\u0259rbaycan\u0131n h\u0259rb tarixin\u0259 q\u0131z\u0131l h\u0259rfl\u0259rl\u0259 yaz\u0131lm\u0131\u015f u\u011furlu Horadiz \u0259m\u0259liyyat\u0131 n\u0259tic\u0259sind\u0259 F\u00fczuli rayonunun bu q\u0259s\u0259b\u0259si il\u0259 yana\u015f\u0131, 20 k\u0259ndi, h\u0259m\u00e7inin C\u0259bray\u0131l rayonunun Cocuq M\u0259rcanl\u0131 k\u0259ndi i\u015f\u011faldan azad edildi. Lakin t\u0259hl\u00fck\u0259sizlik bax\u0131m\u0131ndan uzun m\u00fcdd\u0259t m\u0259skunla\u015fman\u0131n qeyri-m\u00fcmk\u00fcn oldu\u011fu bu k\u0259nd 2016-c\u0131 ild\u0259 Prezident \u0130lham \u018fliyevin tarixi xidm\u0259tl\u0259ri say\u0259sind\u0259 ikinci h\u0259yat\u0131n\u0131 ya\u015fama\u011fa ba\u015flad\u0131. Buna 2016-c\u0131 ilin aprelind\u0259 q\u0259hr\u0259man Az\u0259rbaycan Ordusunun d\u00fc\u015fm\u0259nin t\u0259xribat\u0131na layiqli cavab verm\u0259si v\u0259 strateji \u0259h\u0259miyy\u0259tli L\u0259l\u0259t\u0259p\u0259 y\u00fcks\u0259kliyini azad etm\u0259si n\u0259tic\u0259sind\u0259 nail olundu. A\u011fd\u0259r\u0259nin, C\u0259bray\u0131l\u0131n, F\u00fczulinin i\u015f\u011faldan azad olunmu\u015f \u0259razil\u0259rind\u0259 Az\u0259rbaycan Bayra\u011f\u0131 dal\u011faland\u0131. Aprel d\u00f6y\u00fc\u015fl\u0259rind\u0259 qazan\u0131lan q\u0259l\u0259b\u0259d\u0259n sonra Cocuq M\u0259rcanl\u0131 k\u0259ndind\u0259 t\u0259hl\u00fck\u0259siz ya\u015fay\u0131\u015f\u0131n b\u0259rpa edilm\u0259sin\u0259, m\u0259cburi k\u00f6\u00e7k\u00fcnl\u0259rin \u00f6z ata-baba yurdlar\u0131na qaytar\u0131lmas\u0131na \u0259lveri\u015fli \u015f\u0259rait yarand\u0131. C\u0259nab \u0130lham \u018fliyev 2017-ci ild\u0259 \u00abC\u0259bray\u0131l rayonunun i\u015f\u011faldan azad edilmi\u015f Cocuq M\u0259rcanl\u0131 k\u0259ndinin b\u0259rpas\u0131 haqq\u0131nda\u00bb S\u0259r\u0259ncam imzalad\u0131. \u018frazinin minalardan t\u0259mizl\u0259nm\u0259sind\u0259n sonra bu k\u0259ndd\u0259 b\u00f6y\u00fck quruculuq i\u015fl\u0259rin\u0259 ba\u015fland\u0131. D\u00f6vl\u0259timizin ba\u015f\u00e7\u0131s\u0131n\u0131n x\u00fcsusi diqq\u0259t v\u0259 qay\u011f\u0131s\u0131 say\u0259sind\u0259 h\u0259yata ke\u00e7iril\u0259n b\u0259rpa i\u015fl\u0259ri u\u011furla ba\u015fa \u00e7atd\u0131 v\u0259 Cocuq M\u0259rcanl\u0131 \u00f6z sakinl\u0259rini qar\u015f\u0131lad\u0131.<\/p>\n<p>Art\u0131q d\u00f6rd ildir B\u00f6y\u00fck Qay\u0131d\u0131\u015fdan q\u00fcrurla b\u0259hs edirik. H\u0259d\u0259f\u0259 do\u011fru at\u0131lan add\u0131mlar\u0131n u\u011furlu n\u0259tic\u0259si g\u00f6z \u00f6n\u00fcnd\u0259dir. Bu \u0259razil\u0259rin b\u0259rpas\u0131, yenid\u0259n qurulmas\u0131 m\u00fcasir t\u0259l\u0259bl\u0259r s\u0259viyy\u0259sind\u0259 h\u0259yata ke\u00e7irili, soyda\u015flar\u0131m\u0131z\u0131n g\u0259l\u0259c\u0259kd\u0259 burada y\u00fcks\u0259k rifah \u015f\u0259raitind\u0259 ya\u015fay\u0131\u015f\u0131 \u00fc\u00e7\u00fcn b\u00fct\u00fcn z\u0259ruri add\u0131mlar at\u0131l\u0131r. D\u00f6vl\u0259t ba\u015f\u00e7\u0131s\u0131 \u0130lham \u018fliyev bu g\u00fcnl\u0259rd\u0259 2024-c\u00fc ilin idman yekunlar\u0131na h\u0259sr olunan m\u0259rasimd\u0259 d\u0259 diqq\u0259t g\u00f6st\u0259rdiyi \u0259sas m\u0259s\u0259l\u0259l\u0259rd\u0259n biri m\u0259hz azad edilmi\u015f torpaqlar\u0131m\u0131z\u0131n b\u0259rpas\u0131 oldu. C\u0259nab \u0130lham \u018fliyev bildirdi ki, bu \u0259razil\u0259rd\u0259 idman infrastrukturu da yarad\u0131l\u0131r. B\u0259zil\u0259ri hesab ed\u0259 bil\u0259r ki, bu, bir az tezdir. Amma bu, m\u00fctl\u0259q olmal\u0131d\u0131r. \u00c7\u00fcnki bu idman obyektl\u0259rinin h\u0259m r\u0259mzi m\u0259nas\u0131, h\u0259m d\u0259 funksional t\u0259r\u0259fi var. D\u00f6vl\u0259timizin ba\u015f\u00e7\u0131s\u0131 onu da qeyd etdi ki, Qaraba\u011f v\u0259 \u015e\u0259rqi Z\u0259ng\u0259zur b\u00f6lg\u0259l\u0259rin\u0259 idman\u00e7\u0131lar\u0131m\u0131z m\u00fcnt\u0259z\u0259m olaraq s\u0259f\u0259rl\u0259r edirl\u0259r. Art\u0131q orada 10 min insan yerl\u0259\u015fib. Onlar\u0131n b\u00f6y\u00fck hiss\u0259si u\u015faqlard\u0131r, g\u0259ncl\u0259rdir. O yerl\u0259ri he\u00e7 vaxt g\u00f6rm\u0259y\u0259n u\u015faqlar, g\u0259ncl\u0259r b\u00f6y\u00fck h\u0259v\u0259sl\u0259 oraya qay\u0131d\u0131rlar. \u018flb\u0259tt\u0259 ki, Az\u0259rbaycan\u0131n g\u00f6rk\u0259mli idman\u00e7\u0131lar\u0131n\u0131n azad edilmi\u015f torpaqlara m\u00fcnt\u0259z\u0259m s\u0259f\u0259rl\u0259ri g\u0259ncl\u0259r, u\u015faqlar \u00fc\u00e7\u00fcn d\u0259 b\u00f6y\u00fck hadis\u0259 olacaq. \u0130dman yar\u0131\u015flar\u0131 \u00f6z yerind\u0259, amma, eyni zamanda, indi m\u00fcxt\u0259lif t\u0259dbirl\u0259r \u00e7\u0259r\u00e7iv\u0259sind\u0259 Az\u0259rbaycan idman\u00e7\u0131lar\u0131, c\u0259miyy\u0259timizin dig\u0259r tan\u0131nm\u0131\u015f simalar\u0131, ziyal\u0131lar o b\u00f6lg\u0259l\u0259r\u0259 n\u0259 q\u0259d\u0259r \u00e7ox s\u0259f\u0259r ets\u0259l\u0259r, o q\u0259d\u0259r d\u0259 yax\u015f\u0131 olacaq. \u00c7\u00fcnki orada h\u0259yat yenid\u0259n, s\u0131f\u0131rdan qurulur: \u00abBizim icra etdiyimiz layih\u0259l\u0259rin d\u00fcnyada misli-b\u0259rab\u0259ri yoxdur v\u0259 b\u0259lk\u0259 d\u0259 olmayacaq. B\u00f6y\u00fck co\u011frafiyada, 15-16 min kvadratkilometr \u0259razid\u0259, &#8211; hans\u0131 ki, Erm\u0259nistan onu tamamil\u0259 yerl\u0259-yeksan edib, &#8211; yeni h\u0259yat qurulur, \u00f6z\u00fc d\u0259 m\u00fcasir, g\u00f6z\u0259l, rahat. Ona g\u00f6r\u0259 m\u0259nim idman\u00e7\u0131lara, idman ictimaiyy\u0259tinin n\u00fcmay\u0259nd\u0259l\u0259rin\u0259 t\u00f6vsiy\u0259m odur ki, o b\u00f6lg\u0259l\u0259r\u0259 v\u0259 b\u00fct\u00f6vl\u00fckd\u0259 dig\u0259r b\u00f6lg\u0259l\u0259r\u0259 d\u0259 tez-tez getsinl\u0259r, orada h\u0259m g\u00f6r\u00fc\u015fl\u0259r ke\u00e7irsinl\u0259r, h\u0259m d\u0259 ki, g\u0259nc idman istedadlar\u0131n\u0131 se\u00e7sinl\u0259r. \u00c7\u00fcnki seleksiya i\u015fi, &#8211; indi idman m\u00fct\u0259x\u0259ssisl\u0259ri bunu yax\u015f\u0131 bilirl\u0259r, &#8211; \u0259sas amildir.\u00bb<\/p>\n<p>Prezident \u0130lham \u018fliyev i\u015f\u011faldan azad edilmi\u015f \u0259razil\u0259r\u0259 B\u00f6y\u00fck Qay\u0131d\u0131\u015f\u0131n realla\u015fmas\u0131 \u00fc\u00e7\u00fcn y\u00fcks\u0259k q\u0259tiyy\u0259t v\u0259 \u0259zmkarl\u0131q g\u00f6st\u0259rir. Bu g\u00fcn\u0259d\u0259k i\u015f\u011faldan azad olunmu\u015f \u0259razil\u0259rimiz\u0259 9 min\u0259 yax\u0131n ke\u00e7mi\u015f m\u0259cburi k\u00f6\u00e7k\u00fcn k\u00f6\u00e7\u00fcr\u00fcl\u00fcb. Prezident \u0130lham \u018fliyev Az\u0259rbaycan a\u015f\u0131q s\u0259n\u0259tinin g\u00f6rk\u0259mli n\u00fcmay\u0259nd\u0259si A\u015f\u0131q \u018fl\u0259sg\u0259rin abid\u0259sinin a\u00e7\u0131l\u0131\u015f m\u0259rasimind\u0259 \u00e7\u0131x\u0131\u015f\u0131 zaman\u0131 xalq\u0131m\u0131z\u0131n \u0259yilm\u0259z ruhunu bel\u0259 ifad\u0259 etmi\u015fdir: \u00abBu g\u00fcn biz Az\u0259rbaycan xalq\u0131n\u0131n \u0259yilm\u0259z ruhunu Qaraba\u011fa v\u0259 \u015e\u0259rqi Z\u0259ng\u0259zura qay\u0131dan soyda\u015flar\u0131m\u0131z\u0131n timsal\u0131nda g\u00f6r\u00fcr\u00fck. O torpaqlar\u0131 he\u00e7 vaxt g\u00f6rm\u0259y\u0259n Qaraba\u011fdan, \u015e\u0259rqi Z\u0259ng\u0259zurdan olan soyda\u015flar\u0131m\u0131z h\u0259v\u0259sl\u0259, s\u0259birsizlikl\u0259 o qay\u0131d\u0131\u015f g\u00fcn\u00fcn\u00fc g\u00f6zl\u0259yirl\u0259r, B\u00f6y\u00fck Qay\u0131d\u0131\u015f proqram\u0131n\u0131n icras\u0131n\u0131 s\u0259birsizlikl\u0259 g\u00f6zl\u0259yirl\u0259r. \u018fslind\u0259, bu proqram art\u0131q icra edilir. He\u00e7 vaxt o torpaqlarda ya\u015famam\u0131\u015f, amma o torpaqlara qay\u0131tmaq e\u015fqi il\u0259 ya\u015fam\u0131\u015f qaraba\u011fl\u0131lar bu g\u00fcn Qaraba\u011fa qay\u0131d\u0131rlar.\u00bb<\/p>\n<p><strong>Yegan\u0259 \u018fliyeva, \u00ab\u0130ki sahil\u00bb<\/strong><\/p>\n","protected":false},"excerpt":{"rendered":"<p>D\u00f6vl\u0259t ba\u015f\u00e7\u0131s\u0131 \u0130lham \u018fliyevin cari ild\u0259 azad edilmi\u015f \u0259razil\u0259r\u0259 s\u0259f\u0259rl\u0259rinin h\u0259r biri soyda\u015flar\u0131m\u0131z\u0131n bu torpaqlara qay\u0131d\u0131\u015f\u0131na geni\u015f imkanlar yaradan add\u0131mlar\u0131n at\u0131lmas\u0131, ke\u00e7mi\u015f m\u0259cburi k\u00f6\u00e7k\u00fcnl\u0259rin do\u011fma yurd-yuvalar\u0131na qovu\u015fmas\u0131 il\u0259 yadda qald\u0131 Son 4 ilin m\u00fch\u00fcm reall\u0131qlar\u0131ndan biri B\u00f6y\u00fck Qay\u0131d\u0131\u015f Proqram\u0131n\u0131n u\u011furlu icras\u0131, soyda\u015flar\u0131m\u0131z\u0131n m\u0259rh\u0259l\u0259li \u015f\u0259kild\u0259 do\u011fma yurd-yuvalar\u0131na qay\u0131tmas\u0131d\u0131r. 30 il xalq\u0131m\u0131z bu g\u00fcnl\u0259ri b\u00f6y\u00fck s\u0259birsizlikl\u0259 g\u00f6zl\u0259di. 44 g\u00fcnl\u00fck \u0130kinci Qaraba\u011f m\u00fcharib\u0259sind\u0259 tarixi Z\u0259f\u0259rimiz, onun ard\u0131nca \u00f6t\u0259n ilin sentyabr\u0131nda h\u0259yata ke\u00e7iril\u0259n bir g\u00fcnl\u00fck antiterror t\u0259dbirl\u0259ri n\u0259tic\u0259sind\u0259 suverenliyimizin tam b\u0259rpa edilm\u0259si bu torpaqlara qay\u0131d\u0131\u015f\u0131m\u0131za inam\u0131 art\u0131rd\u0131 v\u0259 art\u0131q bu reall\u0131qlar\u0131n \u015fahidiyik. Ba\u015fa vurma\u011fa&hellip;<\/p>\n","protected":false},"author":2,"featured_media":777159,"comment_status":"closed","ping_status":"closed","sticky":false,"template":"","format":"standard","meta":{"om_disable_all_campaigns":false,"_monsterinsights_skip_tracking":false,"_monsterinsights_sitenote_active":false,"_monsterinsights_sitenote_note":"","_monsterinsights_sitenote_category":0},"categories":[8],"tags":[],"aioseo_notices":[],"gutentor_comment":0,"rttpg_featured_image_url":{"full":["https:\/\/arantv.az\/wp-content\/uploads\/2024\/12\/30ee748d173502661080584268210148753.jpg",975,540,false],"landscape":["https:\/\/arantv.az\/wp-content\/uploads\/2024\/12\/30ee748d173502661080584268210148753.jpg",975,540,false],"portraits":["https:\/\/arantv.az\/wp-content\/uploads\/2024\/12\/30ee748d173502661080584268210148753.jpg",975,540,false],"thumbnail":["https:\/\/arantv.az\/wp-content\/uploads\/2024\/12\/30ee748d173502661080584268210148753-500x280.jpg",500,280,true],"medium":["https:\/\/arantv.az\/wp-content\/uploads\/2024\/12\/30ee748d173502661080584268210148753-660x365.jpg",660,365,true],"large":["https:\/\/arantv.az\/wp-content\/uploads\/2024\/12\/30ee748d173502661080584268210148753-840x465.jpg",640,354,true],"1536x1536":["https:\/\/arantv.az\/wp-content\/uploads\/2024\/12\/30ee748d173502661080584268210148753.jpg",975,540,false],"2048x2048":["https:\/\/arantv.az\/wp-content\/uploads\/2024\/12\/30ee748d173502661080584268210148753.jpg",975,540,false],"post-thumbnail":["https:\/\/arantv.az\/wp-content\/uploads\/2024\/12\/30ee748d173502661080584268210148753-240x172.jpg",240,172,true],"advps-thumb-one":["https:\/\/arantv.az\/wp-content\/uploads\/2024\/12\/30ee748d173502661080584268210148753.jpg",975,540,false]},"rttpg_author":{"display_name":"V\u00fcsal Rafiqo\u011flu","author_link":"https:\/\/arantv.az\/?author=2"},"rttpg_comment":0,"rttpg_category":"<a href=\"https:\/\/arantv.az\/?cat=8\" rel=\"category\">\u018fsas s\u0259hif\u0259<\/a>","rttpg_excerpt":"D\u00f6vl\u0259t ba\u015f\u00e7\u0131s\u0131 \u0130lham \u018fliyevin cari ild\u0259 azad edilmi\u015f \u0259razil\u0259r\u0259 s\u0259f\u0259rl\u0259rinin h\u0259r biri soyda\u015flar\u0131m\u0131z\u0131n bu torpaqlara qay\u0131d\u0131\u015f\u0131na geni\u015f imkanlar yaradan add\u0131mlar\u0131n at\u0131lmas\u0131, ke\u00e7mi\u015f m\u0259cburi k\u00f6\u00e7k\u00fcnl\u0259rin do\u011fma yurd-yuvalar\u0131na qovu\u015fmas\u0131 il\u0259 yadda qald\u0131 Son 4 ilin m\u00fch\u00fcm reall\u0131qlar\u0131ndan biri B\u00f6y\u00fck Qay\u0131d\u0131\u015f Proqram\u0131n\u0131n u\u011furlu icras\u0131, soyda\u015flar\u0131m\u0131z\u0131n m\u0259rh\u0259l\u0259li \u015f\u0259kild\u0259 do\u011fma yurd-yuvalar\u0131na qay\u0131tmas\u0131d\u0131r. 30 il xalq\u0131m\u0131z bu g\u00fcnl\u0259ri b\u00f6y\u00fck s\u0259birsizlikl\u0259 g\u00f6zl\u0259di.&hellip;","_links":{"self":[{"href":"https:\/\/arantv.az\/index.php?rest_route=\/wp\/v2\/posts\/777158"}],"collection":[{"href":"https:\/\/arantv.az\/index.php?rest_route=\/wp\/v2\/posts"}],"about":[{"href":"https:\/\/arantv.az\/index.php?rest_route=\/wp\/v2\/types\/post"}],"author":[{"embeddable":true,"href":"https:\/\/arantv.az\/index.php?rest_route=\/wp\/v2\/users\/2"}],"replies":[{"embeddable":true,"href":"https:\/\/arantv.az\/index.php?rest_route=%2Fwp%2Fv2%2Fcomments&post=777158"}],"version-history":[{"count":1,"href":"https:\/\/arantv.az\/index.php?rest_route=\/wp\/v2\/posts\/777158\/revisions"}],"predecessor-version":[{"id":777160,"href":"https:\/\/arantv.az\/index.php?rest_route=\/wp\/v2\/posts\/777158\/revisions\/777160"}],"wp:featuredmedia":[{"embeddable":true,"href":"https:\/\/arantv.az\/index.php?rest_route=\/wp\/v2\/media\/777159"}],"wp:attachment":[{"href":"https:\/\/arantv.az\/index.php?rest_route=%2Fwp%2Fv2%2Fmedia&parent=777158"}],"wp:term":[{"taxonomy":"category","embeddable":true,"href":"https:\/\/arantv.az\/index.php?rest_route=%2Fwp%2Fv2%2Fcategories&post=777158"},{"taxonomy":"post_tag","embeddable":true,"href":"https:\/\/arantv.az\/index.php?rest_route=%2Fwp%2Fv2%2Ftags&post=777158"}],"curies":[{"name":"wp","href":"https:\/\/api.w.org\/{rel}","templated":true}]}}