{"id":777161,"date":"2024-12-26T07:28:23","date_gmt":"2024-12-26T03:28:23","guid":{"rendered":"https:\/\/arantv.az\/?p=777161"},"modified":"2024-12-26T07:28:23","modified_gmt":"2024-12-26T03:28:23","slug":"dinamik-v%c9%99-davamli-sosial-siyas%c9%99t-yeni-dovr-novb%c9%99ti-h%c9%99d%c9%99fl%c9%99r","status":"publish","type":"post","link":"https:\/\/arantv.az\/?p=777161","title":{"rendered":"Dinamik v\u0259 davaml\u0131 sosial siyas\u0259t: Yeni d\u00f6vr, n\u00f6vb\u0259ti h\u0259d\u0259fl\u0259r"},"content":{"rendered":"<p><em><strong>\u018fhalinin sosial rifah\u0131n\u0131n yax\u015f\u0131la\u015fd\u0131r\u0131lmas\u0131 Az\u0259rbaycanda d\u00f6vl\u0259t siyas\u0259tinin \u0259sas prioritetl\u0259rind\u0259n biridir. Prezident \u0130lham \u018fliyevin r\u0259hb\u0259rliyi il\u0259 h\u0259yata ke\u00e7iril\u0259n ard\u0131c\u0131l sosial islahatlar v\u0259 q\u0259bul edil\u0259n m\u00fch\u00fcm q\u0259rarlar bu istiqam\u0259td\u0259 \u0259ld\u0259 olunan nailiyy\u0259tl\u0259ri daha da m\u00f6hk\u0259ml\u0259ndirir.<\/strong><\/em><\/p>\n<p>Prezident \u0130lham \u018fliyevin \u201c\u018fhalinin sosial rifah\u0131n\u0131n yax\u015f\u0131la\u015fd\u0131r\u0131lmas\u0131 sah\u0259sind\u0259 t\u0259dbirl\u0259rin davam etdirilm\u0259si haqq\u0131nda\u201d 23 dekabr 2024-c\u00fc il tarixli S\u0259r\u0259ncam\u0131 sosial siyas\u0259tin ard\u0131c\u0131l v\u0259 v\u0259t\u0259nda\u015f y\u00f6n\u00fcml\u00fc oldu\u011funu bir daha t\u0259sdiql\u0259yir. Yeni S\u0259r\u0259ncama \u0259sas\u0259n, 2025-ci il yanvar\u0131n 1-d\u0259n \u00f6lk\u0259mizd\u0259 minimum ayl\u0131q \u0259m\u0259khaqq\u0131n\u0131n m\u0259bl\u0259\u011fi 345 manatdan 16 faiz art\u0131mla 400 manata, 2025-ci il fevral\u0131n 1-d\u0259n \u0259m\u0259k pensiyas\u0131n\u0131n minimum m\u0259bl\u0259\u011fi 280 manatdan 14,3 faiz art\u0131mla 320 manata \u00e7atd\u0131r\u0131lacaq. Bu art\u0131mlarla birg\u0259 art\u0131q 2018-ci ilin \u0259vv\u0259lind\u0259n minimum ayl\u0131q \u0259m\u0259khaqq\u0131nda 3,1 d\u0259f\u0259, minimum pensiyada 3 d\u0259f\u0259y\u0259d\u0259k art\u0131ma nail olunub. Bu art\u0131mlar d\u00f6vl\u0259tin v\u0259t\u0259nda\u015flar\u0131n sosial t\u0259minat\u0131na x\u00fcsusi \u00f6n\u0259m verdiyini v\u0259 iqtisadi resurslar\u0131 sosial rifah \u00fc\u00e7\u00fcn istifad\u0259 etm\u0259kd\u0259 q\u0259tiyy\u0259tli oldu\u011funu g\u00f6st\u0259rir.<\/p>\n<p>Yeni sosial islahat paketind\u0259 m\u00fcavin\u0259t v\u0259 t\u0259qa\u00fcdl\u0259rin art\u0131r\u0131lmas\u0131 da yer al\u0131b. Bu, \u0259halinin geni\u015f t\u0259b\u0259q\u0259l\u0259rinin rifah\u0131n\u0131 yax\u015f\u0131la\u015fd\u0131rmaq m\u0259qs\u0259dil\u0259 h\u0259yata ke\u00e7iril\u0259n add\u0131mlar\u0131n davam\u0131d\u0131r. D\u00f6vl\u0259t b\u00fcdc\u0259sind\u0259n maliyy\u0259l\u0259\u015fdiril\u0259n sah\u0259l\u0259rd\u0259 ayl\u0131q tarif (v\u0259zif\u0259) maa\u015flar\u0131n\u0131n minimum ayl\u0131q \u0259m\u0259khaqq\u0131n\u0131n art\u0131r\u0131lm\u0131\u015f yeni m\u0259bl\u0259\u011fin\u0259 uy\u011funla\u015fd\u0131r\u0131lmas\u0131 t\u0259min edil\u0259c\u0259k. Bu da h\u0259min sah\u0259l\u0259r (sosial, elm, t\u0259hsil, s\u0259hiyy\u0259, m\u0259d\u0259niyy\u0259t, g\u0259ncl\u0259r, idman, k\u0259nd t\u0259s\u0259rr\u00fcfat\u0131, ekologiya, \u0259traf m\u00fchitin m\u00fchafiz\u0259si, m\u0259nzil-kommunal, n\u0259qliyyat, rabit\u0259, meliorasiya, su t\u0259s\u0259rr\u00fcfat\u0131 v\u0259 s.) \u00fczr\u0259 19 pill\u0259d\u0259n ibar\u0259t Vahid Tarif C\u0259dv\u0259linin ilk pill\u0259sind\u0259ki maa\u015f\u0131n 400 manata \u00e7atd\u0131r\u0131lmaqla, dig\u0259r pill\u0259l\u0259r \u00fczr\u0259 maa\u015flarda da buna uy\u011fun art\u0131mlar\u0131n ba\u015f verm\u0259sin\u0259\u00a0 imkan yaradacaq. Yeni sosial paket \u00e7\u0259r\u00e7iv\u0259sind\u0259 pensiyalar\u0131n indeksl\u0259\u015fdiril\u0259r\u0259k art\u0131r\u0131lmas\u0131 da n\u0259z\u0259rd\u0259 tutulur ki, bu da \u00fcmumilikd\u0259 3 milyon insana y\u00f6n\u0259l\u0259n \u0259m\u0259khaqq\u0131, pensiya, m\u00fcavin\u0259t v\u0259 t\u0259qa\u00fcdl\u0259rin artmas\u0131n\u0131 t\u0259min ed\u0259c\u0259k. Bunun \u00fc\u00e7\u00fcn ayr\u0131lan 1,4 milyard manatl\u0131q \u0259lav\u0259 v\u0259sait d\u00f6vl\u0259tin sosial sah\u0259y\u0259 olan diqq\u0259t v\u0259 qay\u011f\u0131s\u0131n\u0131 bir daha t\u0259sdiql\u0259yir. Bu islahatlar c\u0259miyy\u0259tin sosial t\u0259minat\u0131n\u0131 g\u00fccl\u0259ndirm\u0259kl\u0259 yana\u015f\u0131, \u00fcmumi iqtisadi sabitliy\u0259 d\u0259 m\u00fcsb\u0259t t\u0259sir g\u00f6st\u0259r\u0259c\u0259k.<\/p>\n<p>D\u00f6vl\u0259t b\u00fcdc\u0259sind\u0259 sosialy\u00f6n\u00fcml\u00fc x\u0259rcl\u0259rin ard\u0131c\u0131l v\u0259 ciddi art\u0131m\u0131 sosial d\u00f6vl\u0259tin \u0259sas prinsipl\u0259rind\u0259n biri olaraq diqq\u0259ti c\u0259lb edir. 2024-c\u00fc ild\u0259 15,5 mlrd. olan bu x\u0259rcl\u0259rin 2025-ci ilin b\u00fcdc\u0259 layih\u0259sind\u0259 16,9 mlrd. manat n\u0259z\u0259rd\u0259 tutulmas\u0131 d\u00f6vl\u0259tin sosial sah\u0259y\u0259 ayr\u0131lan v\u0259saitl\u0259ri art\u0131rma\u011fa y\u00f6n\u0259lmi\u015f irad\u0259sini g\u00f6st\u0259rir. Bu r\u0259q\u0259ml\u0259r sosial siyas\u0259tin \u00f6lk\u0259 b\u00fcdc\u0259sinin prioritet istiqam\u0259tl\u0259rind\u0259n birin\u0259 \u00e7evrildiyini n\u00fcmayi\u015f etdirir. Sosialy\u00f6n\u00fcml\u00fc x\u0259rcl\u0259rin b\u00fcdc\u0259nin 41 faizini t\u0259\u015fkil etm\u0259si sosial rifah\u0131n art\u0131r\u0131lmas\u0131n\u0131n d\u00f6vl\u0259tin \u0259sas m\u0259qs\u0259di oldu\u011funu bir daha t\u0259sdiql\u0259yir. Bu, \u00f6lk\u0259 \u0259halisinin sosial t\u0259minat\u0131na y\u00f6n\u0259lmi\u015f ciddi d\u00f6vl\u0259t d\u0259st\u0259yinin g\u00f6st\u0259ricisidir.<\/p>\n<p>\u018flilliyi olan \u015f\u0259xsl\u0259r\u0259 y\u00f6n\u0259l\u0259n sosial \u00f6d\u0259ni\u015fl\u0259r d\u0259 bu islahatlar\u0131n vacib t\u0259rkib hiss\u0259sidir. Bu kateqoriyadan olan \u015f\u0259xsl\u0259r\u0259 \u0259lilliy\u0259 g\u00f6r\u0259 ayl\u0131q pensiya, m\u00fcavin\u0259t, t\u0259qa\u00fcd \u00f6d\u0259nilir. 2018-2024-c\u00fc ill\u0259rd\u0259 \u00f6lk\u0259d\u0259 minimum pensiyada 2,5 d\u0259f\u0259,\u00a0 orta ayl\u0131q pensiyada 2,4 d\u0259f\u0259, m\u00fcavin\u0259t v\u0259 t\u0259qa\u00fcd \u00f6d\u0259ni\u015fl\u0259rind\u0259 5 d\u0259f\u0259 art\u0131m ba\u015f verib. H\u0259m\u00e7inin \u0259lilliy\u0259 g\u00f6r\u0259 sosial \u00f6d\u0259ni\u015fl\u0259r\u0259 ayr\u0131lan illik v\u0259saitd\u0259 2,1 d\u0259f\u0259 v\u0259 ya 1,3 mlrd. manat art\u0131m \u00f6z\u00fcn\u00fc g\u00f6st\u0259rib. H\u0259min v\u0259sait 2018-ci ild\u0259 1,2 mlrd. manat t\u0259\u015fkil edirdis\u0259, haz\u0131rda 2,5 mlrd. manata yax\u0131nd\u0131r. Bu r\u0259q\u0259ml\u0259r \u0259lilliyi olan \u015f\u0259xsl\u0259rin h\u0259yat s\u0259viyy\u0259sinin y\u00fcks\u0259ldilm\u0259si m\u0259qs\u0259dil\u0259 n\u0259z\u0259rd\u0259 tutulmu\u015f t\u0259dbirl\u0259rin geni\u015fl\u0259ndirildiyini g\u00f6st\u0259rir. \u00a0\u018flilliyi olan \u015f\u0259xsl\u0259r \u00fc\u00e7\u00fcn d\u00f6vl\u0259t b\u00fcdc\u0259si hesab\u0131na veril\u0259n reabilitasiya vasit\u0259l\u0259rinin say\u0131n\u0131n 4 d\u0259f\u0259y\u0259 yax\u0131n art\u0131r\u0131lmas\u0131 bu sah\u0259d\u0259 h\u0259yata ke\u00e7iril\u0259n infrastruktur v\u0259 sosial d\u0259st\u0259k proqramlar\u0131n\u0131n effektivliyini art\u0131r\u0131r. 34-d\u0259n 130-a q\u0259d\u0259r artan reabilitasiya vasit\u0259l\u0259ri \u0259lilliyi olan \u015f\u0259xsl\u0259rin h\u0259yat keyfiyy\u0259tinin yax\u015f\u0131la\u015fd\u0131r\u0131lmas\u0131 v\u0259 onlar\u0131n c\u0259miyy\u0259t\u0259 inteqrasiyas\u0131n\u0131 t\u0259min etm\u0259k m\u0259qs\u0259din\u0259 xidm\u0259t edir.<\/p>\n<p>\u00d6z\u00fcn\u00fcm\u0259\u015f\u011fulluq proqram\u0131 is\u0259 x\u00fcsusi \u0259h\u0259miyy\u0259t k\u0259sb edir. \u00c7\u00fcnki bu proqram i\u015fsiz v\u0259 i\u015faxtaran \u015f\u0259xsl\u0259r\u0259 ki\u00e7ik biznes\u0259 ba\u015flamaq v\u0259 \u00f6z i\u015fl\u0259rini qurmaq imkan\u0131 yarad\u0131r. D\u00f6vl\u0259t ba\u015f\u00e7\u0131s\u0131n\u0131n tap\u015f\u0131r\u0131\u011f\u0131 il\u0259 h\u0259yata ke\u00e7iril\u0259n bu proqram i\u015fsizl\u0259rin iqtisadi m\u00fcst\u0259qillik \u0259ld\u0259 etm\u0259sin\u0259 d\u0259st\u0259k verir v\u0259 sosial rifah\u0131 art\u0131r\u0131r.\u00a0 Haz\u0131rda 93 min \u015f\u0259xs \u00f6z\u00fcn\u00fcm\u0259\u015f\u011fulluq proqram\u0131na c\u0259lb edil\u0259r\u0259k m\u00fcxt\u0259lif sah\u0259l\u0259rd\u0259 f\u0259aliyy\u0259t\u0259 ba\u015flay\u0131b. Bu proqram\u0131n n\u00f6vb\u0259ti m\u0259rh\u0259l\u0259sind\u0259 is\u0259 100 mind\u0259n \u00e7ox insan\u0131n bu imkanlardan faydalanaca\u011f\u0131 g\u00f6zl\u0259nilir ki, bu da \u00f6lk\u0259 iqtisadiyyat\u0131 \u00fc\u00e7\u00fcn m\u00fcsb\u0259t bir g\u00f6st\u0259ricidir. \u00d6z\u00fcn\u00fcm\u0259\u015f\u011fulluq proqram\u0131 yaln\u0131z m\u0259\u015f\u011fullu\u011fu art\u0131rmaqla qalm\u0131r, h\u0259m d\u0259 sahibkarl\u0131q f\u0259aliyy\u0259tini t\u0259\u015fviq edir v\u0259 iqtisadi m\u00fcst\u0259qilliyin formala\u015fmas\u0131na yard\u0131m\u00e7\u0131 olur. Bu add\u0131mlar iqtisadi y\u00fcks\u0259li\u015f v\u0259 sosial rifah\u0131n art\u0131r\u0131lmas\u0131na y\u00f6n\u0259lmi\u015f davaml\u0131\u00a0 inki\u015faf strategiyas\u0131n\u0131n g\u00f6st\u0259ricisidir.<\/p>\n<p>\u018fhalinin m\u0259\u015f\u011fullu\u011funun t\u0259min edilm\u0259si v\u0259 \u00f6z\u00fcn\u00fcm\u0259\u015f\u011fulluq proqramlar\u0131 il\u0259 \u00f6lk\u0259d\u0259 iqtisadi m\u00fcst\u0259qilliyin v\u0259 sosial rifah\u0131n art\u0131r\u0131lmas\u0131na nail olundu\u011fu bir \u015f\u0259raitd\u0259 \u015f\u0259hid ail\u0259l\u0259ri v\u0259 m\u00fcharib\u0259 i\u015ftirak\u00e7\u0131lar\u0131na g\u00f6st\u0259ril\u0259n d\u0259st\u0259k bu siyas\u0259tin humanist y\u00f6n\u00fcn\u00fc \u0259ks etdirir. V\u0259t\u0259n m\u00fcharib\u0259sind\u0259n sonra \u018fm\u0259k v\u0259 \u018fhalinin Sosial M\u00fcdafi\u0259si Nazirliyi t\u0259r\u0259find\u0259n \u015f\u0259hid ail\u0259l\u0259ri \u00fczvl\u0259ri v\u0259 m\u00fcharib\u0259 i\u015ftirak\u00e7\u0131lar\u0131 il\u0259 ba\u011fl\u0131 icra olunan sosial d\u0259st\u0259k paketi \u00e7\u0259r\u00e7iv\u0259sind\u0259 onlar\u0131n m\u0259nzil v\u0259 f\u0259rdi evl\u0259 t\u0259minat\u0131 i\u015fl\u0259ri d\u0259 apar\u0131l\u0131r. Prezident \u0130lham \u018fliyevin tap\u015f\u0131r\u0131\u011f\u0131 il\u0259 bu proqram, postm\u00fcharib\u0259 d\u00f6vr\u00fcnd\u0259 5 d\u0259f\u0259 geni\u015fl\u0259n\u0259r\u0259k daha \u00e7ox insan\u0131 \u0259hat\u0259 etm\u0259y\u0259 ba\u015flad\u0131.<\/p>\n<p>Bu sosial d\u0259st\u0259k t\u0259dbirl\u0259ri d\u00f6vl\u0259tin h\u0259r bir v\u0259t\u0259nda\u015f\u0131n rifah\u0131n\u0131 t\u0259min etm\u0259k m\u0259qs\u0259dil\u0259 h\u0259yata ke\u00e7irdiyi geni\u015fmiqyasl\u0131 sosial islahatlar\u0131n bir hiss\u0259sidir. Bu islahatlar\u0131n t\u0259rkibind\u0259 innovativ yana\u015fmalar\u0131 il\u0259 se\u00e7il\u0259n DOST Konsepsiyas\u0131 is\u0259 v\u0259t\u0259nda\u015flara daha \u015f\u0259ffaf, \u00e7evik v\u0259 \u0259l\u00e7atan xidm\u0259tl\u0259r t\u0259qdim etm\u0259kl\u0259 sosial siyas\u0259tin u\u011furla realla\u015fd\u0131r\u0131lmas\u0131nda m\u00fch\u00fcm rol oynay\u0131r. 2019-cu ild\u0259n etibar\u0259n f\u0259aliyy\u0259t\u0259 ba\u015flayan DOST Agentliyi v\u0259 onun m\u0259rk\u0259zl\u0259ri, v\u0259t\u0259nda\u015flara 160 sosial xidm\u0259tin bir p\u0259nc\u0259r\u0259 prinsipi il\u0259 \u015f\u0259ffaf v\u0259 operativ t\u0259qdim olunmas\u0131na imkan yarad\u0131b. DOST Konsepsiyas\u0131, h\u0259m\u00e7inin beyn\u0259lxalq al\u0259md\u0259 y\u00fcks\u0259k qiym\u0259tl\u0259ndiril\u0259r\u0259k 60-dan \u00e7ox m\u00fckafata layiq g\u00f6r\u00fcl\u00fcb, o c\u00fcml\u0259d\u0259n 12 \u201cAvropa \u00fc\u00e7\u00fcn yax\u015f\u0131 t\u0259cr\u00fcb\u0259 m\u00fckafat\u0131\u201dna sahib olub.<\/p>\n<p>DOST Konsepsiyas\u0131n\u0131n davam\u0131 olaraq d\u00f6vl\u0259t sosial xidm\u0259tl\u0259rinin elektronla\u015fd\u0131r\u0131lmas\u0131 da b\u00f6y\u00fck ir\u0259lil\u0259yi\u015fl\u0259r \u0259ld\u0259 edib. Nazirliyin 160 xidm\u0259tind\u0259n 145-i art\u0131q r\u0259q\u0259msal platforma \u00fcz\u0259rind\u0259n t\u0259qdim edilir, o c\u00fcml\u0259d\u0259n 30-dan \u00e7ox e-aray\u0131\u015f xidm\u0259ti v\u0259 50-d\u0259n \u00e7ox proaktiv t\u0259yinat mexanizmi i\u015fl\u0259yir. Bu yana\u015fma v\u0259t\u0259nda\u015flar\u0131n daha s\u00fcr\u0259tli v\u0259 rahat \u015f\u0259kild\u0259 xidm\u0259tl\u0259r\u0259 \u00e7\u0131x\u0131\u015f\u0131na imkan yarad\u0131r, d\u00f6vl\u0259tin sosial xidm\u0259tl\u0259rini daha \u015f\u0259ffaf v\u0259 \u00e7evik edir.<\/p>\n<p>G\u00f6r\u00fcnd\u00fcy\u00fc kimi, Prezident \u0130lham \u018fliyevin r\u0259hb\u0259rliyi il\u0259 h\u0259yata ke\u00e7iril\u0259n sosial islahatlar, d\u00f6vl\u0259tin v\u0259t\u0259nda\u015flara qar\u015f\u0131 m\u0259suliyy\u0259tini v\u0259 onlar\u0131n sosial rifah\u0131n\u0131 t\u0259min etm\u0259kd\u0259ki q\u0259tiyy\u0259tini bir daha t\u0259sdiql\u0259yir. Bu islahatlar h\u0259m iqtisadi m\u00fcst\u0259qilliyi t\u0259\u015fviq edir, h\u0259m d\u0259 c\u0259miyy\u0259tin m\u00fcxt\u0259lif t\u0259b\u0259q\u0259l\u0259rin\u0259 y\u00f6n\u0259l\u0259n sosial d\u0259st\u0259k t\u0259dbirl\u0259rini g\u00fccl\u0259ndir\u0259r\u0259k \u00f6lk\u0259 \u0259halisinin h\u0259yat s\u0259viyy\u0259sini y\u00fcks\u0259ldir.<\/p>\n<p><strong>Nigar Orucova, \u201c\u0130ki sahil\u201d<\/strong><\/p>\n","protected":false},"excerpt":{"rendered":"<p>\u018fhalinin sosial rifah\u0131n\u0131n yax\u015f\u0131la\u015fd\u0131r\u0131lmas\u0131 Az\u0259rbaycanda d\u00f6vl\u0259t siyas\u0259tinin \u0259sas prioritetl\u0259rind\u0259n biridir. Prezident \u0130lham \u018fliyevin r\u0259hb\u0259rliyi il\u0259 h\u0259yata ke\u00e7iril\u0259n ard\u0131c\u0131l sosial islahatlar v\u0259 q\u0259bul edil\u0259n m\u00fch\u00fcm q\u0259rarlar bu istiqam\u0259td\u0259 \u0259ld\u0259 olunan nailiyy\u0259tl\u0259ri daha da m\u00f6hk\u0259ml\u0259ndirir. Prezident \u0130lham \u018fliyevin \u201c\u018fhalinin sosial rifah\u0131n\u0131n yax\u015f\u0131la\u015fd\u0131r\u0131lmas\u0131 sah\u0259sind\u0259 t\u0259dbirl\u0259rin davam etdirilm\u0259si haqq\u0131nda\u201d 23 dekabr 2024-c\u00fc il tarixli S\u0259r\u0259ncam\u0131 sosial siyas\u0259tin ard\u0131c\u0131l v\u0259 v\u0259t\u0259nda\u015f y\u00f6n\u00fcml\u00fc oldu\u011funu bir daha t\u0259sdiql\u0259yir. Yeni S\u0259r\u0259ncama \u0259sas\u0259n, 2025-ci il yanvar\u0131n 1-d\u0259n \u00f6lk\u0259mizd\u0259 minimum ayl\u0131q \u0259m\u0259khaqq\u0131n\u0131n m\u0259bl\u0259\u011fi 345 manatdan 16 faiz art\u0131mla 400 manata, 2025-ci il fevral\u0131n 1-d\u0259n \u0259m\u0259k pensiyas\u0131n\u0131n minimum m\u0259bl\u0259\u011fi 280 manatdan&hellip;<\/p>\n","protected":false},"author":2,"featured_media":777162,"comment_status":"closed","ping_status":"closed","sticky":false,"template":"","format":"standard","meta":{"om_disable_all_campaigns":false,"_monsterinsights_skip_tracking":false,"_monsterinsights_sitenote_active":false,"_monsterinsights_sitenote_note":"","_monsterinsights_sitenote_category":0},"categories":[19],"tags":[],"aioseo_notices":[],"gutentor_comment":0,"rttpg_featured_image_url":{"full":["https:\/\/arantv.az\/wp-content\/uploads\/2024\/12\/e92d74cc165521879634804798910846272.jpg",975,540,false],"landscape":["https:\/\/arantv.az\/wp-content\/uploads\/2024\/12\/e92d74cc165521879634804798910846272.jpg",975,540,false],"portraits":["https:\/\/arantv.az\/wp-content\/uploads\/2024\/12\/e92d74cc165521879634804798910846272.jpg",975,540,false],"thumbnail":["https:\/\/arantv.az\/wp-content\/uploads\/2024\/12\/e92d74cc165521879634804798910846272-500x280.jpg",500,280,true],"medium":["https:\/\/arantv.az\/wp-content\/uploads\/2024\/12\/e92d74cc165521879634804798910846272-660x365.jpg",660,365,true],"large":["https:\/\/arantv.az\/wp-content\/uploads\/2024\/12\/e92d74cc165521879634804798910846272-840x465.jpg",640,354,true],"1536x1536":["https:\/\/arantv.az\/wp-content\/uploads\/2024\/12\/e92d74cc165521879634804798910846272.jpg",975,540,false],"2048x2048":["https:\/\/arantv.az\/wp-content\/uploads\/2024\/12\/e92d74cc165521879634804798910846272.jpg",975,540,false],"post-thumbnail":["https:\/\/arantv.az\/wp-content\/uploads\/2024\/12\/e92d74cc165521879634804798910846272-240x172.jpg",240,172,true],"advps-thumb-one":["https:\/\/arantv.az\/wp-content\/uploads\/2024\/12\/e92d74cc165521879634804798910846272.jpg",975,540,false]},"rttpg_author":{"display_name":"V\u00fcsal Rafiqo\u011flu","author_link":"https:\/\/arantv.az\/?author=2"},"rttpg_comment":0,"rttpg_category":"<a href=\"https:\/\/arantv.az\/?cat=19\" rel=\"category\">G\u00fcnd\u0259m<\/a>","rttpg_excerpt":"\u018fhalinin sosial rifah\u0131n\u0131n yax\u015f\u0131la\u015fd\u0131r\u0131lmas\u0131 Az\u0259rbaycanda d\u00f6vl\u0259t siyas\u0259tinin \u0259sas prioritetl\u0259rind\u0259n biridir. Prezident \u0130lham \u018fliyevin r\u0259hb\u0259rliyi il\u0259 h\u0259yata ke\u00e7iril\u0259n ard\u0131c\u0131l sosial islahatlar v\u0259 q\u0259bul edil\u0259n m\u00fch\u00fcm q\u0259rarlar bu istiqam\u0259td\u0259 \u0259ld\u0259 olunan nailiyy\u0259tl\u0259ri daha da m\u00f6hk\u0259ml\u0259ndirir. Prezident \u0130lham \u018fliyevin \u201c\u018fhalinin sosial rifah\u0131n\u0131n yax\u015f\u0131la\u015fd\u0131r\u0131lmas\u0131 sah\u0259sind\u0259 t\u0259dbirl\u0259rin davam etdirilm\u0259si haqq\u0131nda\u201d 23 dekabr 2024-c\u00fc il tarixli S\u0259r\u0259ncam\u0131 sosial siyas\u0259tin ard\u0131c\u0131l v\u0259&hellip;","_links":{"self":[{"href":"https:\/\/arantv.az\/index.php?rest_route=\/wp\/v2\/posts\/777161"}],"collection":[{"href":"https:\/\/arantv.az\/index.php?rest_route=\/wp\/v2\/posts"}],"about":[{"href":"https:\/\/arantv.az\/index.php?rest_route=\/wp\/v2\/types\/post"}],"author":[{"embeddable":true,"href":"https:\/\/arantv.az\/index.php?rest_route=\/wp\/v2\/users\/2"}],"replies":[{"embeddable":true,"href":"https:\/\/arantv.az\/index.php?rest_route=%2Fwp%2Fv2%2Fcomments&post=777161"}],"version-history":[{"count":1,"href":"https:\/\/arantv.az\/index.php?rest_route=\/wp\/v2\/posts\/777161\/revisions"}],"predecessor-version":[{"id":777163,"href":"https:\/\/arantv.az\/index.php?rest_route=\/wp\/v2\/posts\/777161\/revisions\/777163"}],"wp:featuredmedia":[{"embeddable":true,"href":"https:\/\/arantv.az\/index.php?rest_route=\/wp\/v2\/media\/777162"}],"wp:attachment":[{"href":"https:\/\/arantv.az\/index.php?rest_route=%2Fwp%2Fv2%2Fmedia&parent=777161"}],"wp:term":[{"taxonomy":"category","embeddable":true,"href":"https:\/\/arantv.az\/index.php?rest_route=%2Fwp%2Fv2%2Fcategories&post=777161"},{"taxonomy":"post_tag","embeddable":true,"href":"https:\/\/arantv.az\/index.php?rest_route=%2Fwp%2Fv2%2Ftags&post=777161"}],"curies":[{"name":"wp","href":"https:\/\/api.w.org\/{rel}","templated":true}]}}