{"id":77717,"date":"2019-09-09T13:39:02","date_gmt":"2019-09-09T10:39:02","guid":{"rendered":"http:\/\/arantv.az\/?p=77717"},"modified":"2019-09-09T13:39:02","modified_gmt":"2019-09-09T10:39:02","slug":"meksikada-dasqin-zamani-g%c9%99nc-qizin-olum-ani-anbaan-video","status":"publish","type":"post","link":"https:\/\/arantv.az\/?p=77717","title":{"rendered":"Meksikada da\u015fq\u0131n zaman\u0131 g\u0259nc q\u0131z\u0131n \u00f6l\u00fcm an\u0131 &#8211; ANBAAN V\u0130DEO"},"content":{"rendered":"<article class=\"news\">\n<div class=\"news-inner\">\n<p>Sosial \u015f\u0259b\u0259k\u0259l\u0259rd\u0259 Meksikan\u0131n Sinaloa \u015ftat\u0131n\u0131n Kulyakan \u015f\u0259h\u0259rind\u0259 ba\u015f ver\u0259n faci\u0259nin g\u00f6r\u00fcnt\u00fcl\u0259ri yay\u0131l\u0131b.<\/p>\n<p>5 sentyabr tarixind\u0259 ba\u015f ver\u0259n da\u015fq\u0131n zaman\u0131 g\u0259nc q\u0131z sulara\u00a0<a href=\"https:\/\/www.vesti.ru\/m\/doc.html?id=3186667&amp;fbclid=IwAR2rW59mOZafK5RpK8wRj9hrJZTp_NLti6enOYRiwGbxhc--jcVPVszD5Dk\" target=\"_blank\" rel=\"noopener\">q\u0259rq olub<\/a>.<\/p>\n<div id=\"AdviadNativeVideo0\" class=\"AdviadNativeVideo\"><\/div>\n<p>Ba\u015f ver\u0259n faci\u0259 m\u00fc\u015fahid\u0259 kameralar\u0131 t\u0259r\u0259find\u0259n qeyd\u0259 al\u0131n\u0131b.<\/p>\n<p>G\u00fccl\u00fc ya\u011f\u0131\u015flardan sonra \u015f\u0259h\u0259r k\u00fc\u00e7\u0259sind\u0259 da\u015fq\u0131n meydana g\u0259lib. Bir ne\u00e7\u0259 n\u0259f\u0259r is\u0259 ax\u0131na qar\u015f\u0131 m\u00fcbariz\u0259 apar\u0131r. Kadrlardan da g\u00f6r\u00fcn\u00fcr ki, q\u0131z suda qalan ma\u015f\u0131ndan tutan qad\u0131na yax\u0131nla\u015fmaq ist\u0259yir. Amma q\u0259fl\u0259t\u0259n istiqam\u0259tini d\u0259yi\u015fir v\u0259 bir ne\u00e7\u0259 saniy\u0259 sonra kollektora d\u00fc\u015f\u0259r\u0259k bat\u0131r.<\/p>\n<p>Meksika m\u0259tbuat\u0131n\u0131n\u00a0x\u0259b\u0259rin\u0259 \u0259sas\u0259n, q\u0131z\u0131n meyiti bir g\u00fcn sonra tap\u0131l\u0131b.<\/p>\n<div><iframe loading=\"lazy\" src=\"https:\/\/www.youtube.com\/embed\/8L-xaKwMUno\" width=\"560\" height=\"315\" frameborder=\"0\" allowfullscreen=\"allowfullscreen\" data-mce-fragment=\"1\"><\/iframe><\/div>\n<\/div>\n<\/article>\n<h2 class=\"news-share-title\"><\/h2>\n","protected":false},"excerpt":{"rendered":"<p>Sosial \u015f\u0259b\u0259k\u0259l\u0259rd\u0259 Meksikan\u0131n Sinaloa \u015ftat\u0131n\u0131n Kulyakan \u015f\u0259h\u0259rind\u0259 ba\u015f ver\u0259n faci\u0259nin g\u00f6r\u00fcnt\u00fcl\u0259ri yay\u0131l\u0131b. 5 sentyabr tarixind\u0259 ba\u015f ver\u0259n da\u015fq\u0131n zaman\u0131 g\u0259nc q\u0131z sulara\u00a0q\u0259rq olub. Ba\u015f ver\u0259n faci\u0259 m\u00fc\u015fahid\u0259 kameralar\u0131 t\u0259r\u0259find\u0259n qeyd\u0259 al\u0131n\u0131b. G\u00fccl\u00fc ya\u011f\u0131\u015flardan sonra \u015f\u0259h\u0259r k\u00fc\u00e7\u0259sind\u0259 da\u015fq\u0131n meydana g\u0259lib. Bir ne\u00e7\u0259 n\u0259f\u0259r is\u0259 ax\u0131na qar\u015f\u0131 m\u00fcbariz\u0259 apar\u0131r. Kadrlardan da g\u00f6r\u00fcn\u00fcr ki, q\u0131z suda qalan ma\u015f\u0131ndan tutan qad\u0131na yax\u0131nla\u015fmaq ist\u0259yir. Amma q\u0259fl\u0259t\u0259n istiqam\u0259tini d\u0259yi\u015fir v\u0259 bir ne\u00e7\u0259 saniy\u0259 sonra kollektora d\u00fc\u015f\u0259r\u0259k bat\u0131r. Meksika m\u0259tbuat\u0131n\u0131n\u00a0x\u0259b\u0259rin\u0259 \u0259sas\u0259n, q\u0131z\u0131n meyiti bir g\u00fcn sonra tap\u0131l\u0131b.<\/p>\n","protected":false},"author":2,"featured_media":77718,"comment_status":"closed","ping_status":"closed","sticky":false,"template":"","format":"standard","meta":{"om_disable_all_campaigns":false,"_monsterinsights_skip_tracking":false,"_monsterinsights_sitenote_active":false,"_monsterinsights_sitenote_note":"","_monsterinsights_sitenote_category":0},"categories":[7],"tags":[],"aioseo_notices":[],"gutentor_comment":0,"rttpg_featured_image_url":{"full":["https:\/\/arantv.az\/wp-content\/uploads\/2019\/09\/70263667_1174199509447522_8498464682087022592_n.jpg",620,388,false],"landscape":["https:\/\/arantv.az\/wp-content\/uploads\/2019\/09\/70263667_1174199509447522_8498464682087022592_n.jpg",620,388,false],"portraits":["https:\/\/arantv.az\/wp-content\/uploads\/2019\/09\/70263667_1174199509447522_8498464682087022592_n.jpg",620,388,false],"thumbnail":["https:\/\/arantv.az\/wp-content\/uploads\/2019\/09\/70263667_1174199509447522_8498464682087022592_n-150x150.jpg",150,150,true],"medium":["https:\/\/arantv.az\/wp-content\/uploads\/2019\/09\/70263667_1174199509447522_8498464682087022592_n-300x188.jpg",300,188,true],"large":["https:\/\/arantv.az\/wp-content\/uploads\/2019\/09\/70263667_1174199509447522_8498464682087022592_n.jpg",620,388,false],"1536x1536":["https:\/\/arantv.az\/wp-content\/uploads\/2019\/09\/70263667_1174199509447522_8498464682087022592_n.jpg",620,388,false],"2048x2048":["https:\/\/arantv.az\/wp-content\/uploads\/2019\/09\/70263667_1174199509447522_8498464682087022592_n.jpg",620,388,false],"post-thumbnail":["https:\/\/arantv.az\/wp-content\/uploads\/2019\/09\/70263667_1174199509447522_8498464682087022592_n-240x172.jpg",240,172,true],"advps-thumb-one":["https:\/\/arantv.az\/wp-content\/uploads\/2019\/09\/70263667_1174199509447522_8498464682087022592_n.jpg",620,388,false]},"rttpg_author":{"display_name":"V\u00fcsal Rafiqo\u011flu","author_link":"https:\/\/arantv.az\/?author=2"},"rttpg_comment":0,"rttpg_category":"<a href=\"https:\/\/arantv.az\/?cat=7\" rel=\"category\">D\u00fcnya<\/a>","rttpg_excerpt":"Sosial \u015f\u0259b\u0259k\u0259l\u0259rd\u0259 Meksikan\u0131n Sinaloa \u015ftat\u0131n\u0131n Kulyakan \u015f\u0259h\u0259rind\u0259 ba\u015f ver\u0259n faci\u0259nin g\u00f6r\u00fcnt\u00fcl\u0259ri yay\u0131l\u0131b. 5 sentyabr tarixind\u0259 ba\u015f ver\u0259n da\u015fq\u0131n zaman\u0131 g\u0259nc q\u0131z sulara\u00a0q\u0259rq olub. Ba\u015f ver\u0259n faci\u0259 m\u00fc\u015fahid\u0259 kameralar\u0131 t\u0259r\u0259find\u0259n qeyd\u0259 al\u0131n\u0131b. G\u00fccl\u00fc ya\u011f\u0131\u015flardan sonra \u015f\u0259h\u0259r k\u00fc\u00e7\u0259sind\u0259 da\u015fq\u0131n meydana g\u0259lib. Bir ne\u00e7\u0259 n\u0259f\u0259r is\u0259 ax\u0131na qar\u015f\u0131 m\u00fcbariz\u0259 apar\u0131r. Kadrlardan da g\u00f6r\u00fcn\u00fcr ki, q\u0131z suda qalan ma\u015f\u0131ndan&hellip;","_links":{"self":[{"href":"https:\/\/arantv.az\/index.php?rest_route=\/wp\/v2\/posts\/77717"}],"collection":[{"href":"https:\/\/arantv.az\/index.php?rest_route=\/wp\/v2\/posts"}],"about":[{"href":"https:\/\/arantv.az\/index.php?rest_route=\/wp\/v2\/types\/post"}],"author":[{"embeddable":true,"href":"https:\/\/arantv.az\/index.php?rest_route=\/wp\/v2\/users\/2"}],"replies":[{"embeddable":true,"href":"https:\/\/arantv.az\/index.php?rest_route=%2Fwp%2Fv2%2Fcomments&post=77717"}],"version-history":[{"count":0,"href":"https:\/\/arantv.az\/index.php?rest_route=\/wp\/v2\/posts\/77717\/revisions"}],"wp:featuredmedia":[{"embeddable":true,"href":"https:\/\/arantv.az\/index.php?rest_route=\/wp\/v2\/media\/77718"}],"wp:attachment":[{"href":"https:\/\/arantv.az\/index.php?rest_route=%2Fwp%2Fv2%2Fmedia&parent=77717"}],"wp:term":[{"taxonomy":"category","embeddable":true,"href":"https:\/\/arantv.az\/index.php?rest_route=%2Fwp%2Fv2%2Fcategories&post=77717"},{"taxonomy":"post_tag","embeddable":true,"href":"https:\/\/arantv.az\/index.php?rest_route=%2Fwp%2Fv2%2Ftags&post=77717"}],"curies":[{"name":"wp","href":"https:\/\/api.w.org\/{rel}","templated":true}]}}