{"id":777245,"date":"2024-12-26T10:31:34","date_gmt":"2024-12-26T06:31:34","guid":{"rendered":"https:\/\/arantv.az\/?p=777245"},"modified":"2024-12-26T10:31:34","modified_gmt":"2024-12-26T06:31:34","slug":"qusarli-baci-qardas-da-t%c9%99yyar%c9%99-q%c9%99zasinda-h%c9%99lak-olublar","status":"publish","type":"post","link":"https:\/\/arantv.az\/?p=777245","title":{"rendered":"Qusarl\u0131 bac\u0131-qarda\u015f da t\u0259yyar\u0259 q\u0259zas\u0131nda h\u0259lak olublar"},"content":{"rendered":"<p><strong>AZAL-\u0131n t\u0259yyar\u0259sinin dekabr\u0131n 25-d\u0259 Qazax\u0131standa q\u0259zaya u\u011framas\u0131 n\u0259tic\u0259sind\u0259 h\u0259lak olanlardan ikisinin Qusar rayonundan oldu\u011fu m\u0259lum olub.<\/strong><\/p>\n<p>Faci\u0259li \u015f\u0259kild\u0259 h\u0259lak olan v\u0259t\u0259nda\u015flar\u0131m\u0131zdan ikisi Qusar rayonunun Suduroba k\u0259ndini sakinidir.<\/p>\n<p>Bac\u0131-qarda\u015f, 22 ya\u015fl\u0131 \u018fli v\u0259 19 ya\u015fl\u0131 X\u0259dic\u0259 \u018flimirz\u0259yevl\u0259r faci\u0259nin qurban\u0131 olublar.<\/p>\n<p>Fakt\u0131 Qusar rayon \u0130cra Hakimiyy\u0259tind\u0259n t\u0259sdiq edibl\u0259r.\/\/APA<\/p>\n","protected":false},"excerpt":{"rendered":"<p>AZAL-\u0131n t\u0259yyar\u0259sinin dekabr\u0131n 25-d\u0259 Qazax\u0131standa q\u0259zaya u\u011framas\u0131 n\u0259tic\u0259sind\u0259 h\u0259lak olanlardan ikisinin Qusar rayonundan oldu\u011fu m\u0259lum olub. Faci\u0259li \u015f\u0259kild\u0259 h\u0259lak olan v\u0259t\u0259nda\u015flar\u0131m\u0131zdan ikisi Qusar rayonunun Suduroba k\u0259ndini sakinidir. Bac\u0131-qarda\u015f, 22 ya\u015fl\u0131 \u018fli v\u0259 19 ya\u015fl\u0131 X\u0259dic\u0259 \u018flimirz\u0259yevl\u0259r faci\u0259nin qurban\u0131 olublar. Fakt\u0131 Qusar rayon \u0130cra Hakimiyy\u0259tind\u0259n t\u0259sdiq edibl\u0259r.\/\/APA<\/p>\n","protected":false},"author":2,"featured_media":777246,"comment_status":"closed","ping_status":"closed","sticky":false,"template":"","format":"standard","meta":{"om_disable_all_campaigns":false,"_monsterinsights_skip_tracking":false,"_monsterinsights_sitenote_active":false,"_monsterinsights_sitenote_note":"","_monsterinsights_sitenote_category":0},"categories":[19],"tags":[],"aioseo_notices":[],"gutentor_comment":0,"rttpg_featured_image_url":{"full":["https:\/\/arantv.az\/wp-content\/uploads\/2024\/12\/4f5e5ee2af0a85f13b3f57741d343bfc.jpg",500,281,false],"landscape":["https:\/\/arantv.az\/wp-content\/uploads\/2024\/12\/4f5e5ee2af0a85f13b3f57741d343bfc.jpg",500,281,false],"portraits":["https:\/\/arantv.az\/wp-content\/uploads\/2024\/12\/4f5e5ee2af0a85f13b3f57741d343bfc.jpg",500,281,false],"thumbnail":["https:\/\/arantv.az\/wp-content\/uploads\/2024\/12\/4f5e5ee2af0a85f13b3f57741d343bfc.jpg",498,280,false],"medium":["https:\/\/arantv.az\/wp-content\/uploads\/2024\/12\/4f5e5ee2af0a85f13b3f57741d343bfc.jpg",500,281,false],"large":["https:\/\/arantv.az\/wp-content\/uploads\/2024\/12\/4f5e5ee2af0a85f13b3f57741d343bfc.jpg",500,281,false],"1536x1536":["https:\/\/arantv.az\/wp-content\/uploads\/2024\/12\/4f5e5ee2af0a85f13b3f57741d343bfc.jpg",500,281,false],"2048x2048":["https:\/\/arantv.az\/wp-content\/uploads\/2024\/12\/4f5e5ee2af0a85f13b3f57741d343bfc.jpg",500,281,false],"post-thumbnail":["https:\/\/arantv.az\/wp-content\/uploads\/2024\/12\/4f5e5ee2af0a85f13b3f57741d343bfc-240x172.jpg",240,172,true],"advps-thumb-one":["https:\/\/arantv.az\/wp-content\/uploads\/2024\/12\/4f5e5ee2af0a85f13b3f57741d343bfc.jpg",500,281,false]},"rttpg_author":{"display_name":"V\u00fcsal Rafiqo\u011flu","author_link":"https:\/\/arantv.az\/?author=2"},"rttpg_comment":0,"rttpg_category":"<a href=\"https:\/\/arantv.az\/?cat=19\" rel=\"category\">G\u00fcnd\u0259m<\/a>","rttpg_excerpt":"AZAL-\u0131n t\u0259yyar\u0259sinin dekabr\u0131n 25-d\u0259 Qazax\u0131standa q\u0259zaya u\u011framas\u0131 n\u0259tic\u0259sind\u0259 h\u0259lak olanlardan ikisinin Qusar rayonundan oldu\u011fu m\u0259lum olub. Faci\u0259li \u015f\u0259kild\u0259 h\u0259lak olan v\u0259t\u0259nda\u015flar\u0131m\u0131zdan ikisi Qusar rayonunun Suduroba k\u0259ndini sakinidir. Bac\u0131-qarda\u015f, 22 ya\u015fl\u0131 \u018fli v\u0259 19 ya\u015fl\u0131 X\u0259dic\u0259 \u018flimirz\u0259yevl\u0259r faci\u0259nin qurban\u0131 olublar. Fakt\u0131 Qusar rayon \u0130cra Hakimiyy\u0259tind\u0259n t\u0259sdiq edibl\u0259r.\/\/APA","_links":{"self":[{"href":"https:\/\/arantv.az\/index.php?rest_route=\/wp\/v2\/posts\/777245"}],"collection":[{"href":"https:\/\/arantv.az\/index.php?rest_route=\/wp\/v2\/posts"}],"about":[{"href":"https:\/\/arantv.az\/index.php?rest_route=\/wp\/v2\/types\/post"}],"author":[{"embeddable":true,"href":"https:\/\/arantv.az\/index.php?rest_route=\/wp\/v2\/users\/2"}],"replies":[{"embeddable":true,"href":"https:\/\/arantv.az\/index.php?rest_route=%2Fwp%2Fv2%2Fcomments&post=777245"}],"version-history":[{"count":2,"href":"https:\/\/arantv.az\/index.php?rest_route=\/wp\/v2\/posts\/777245\/revisions"}],"predecessor-version":[{"id":777248,"href":"https:\/\/arantv.az\/index.php?rest_route=\/wp\/v2\/posts\/777245\/revisions\/777248"}],"wp:featuredmedia":[{"embeddable":true,"href":"https:\/\/arantv.az\/index.php?rest_route=\/wp\/v2\/media\/777246"}],"wp:attachment":[{"href":"https:\/\/arantv.az\/index.php?rest_route=%2Fwp%2Fv2%2Fmedia&parent=777245"}],"wp:term":[{"taxonomy":"category","embeddable":true,"href":"https:\/\/arantv.az\/index.php?rest_route=%2Fwp%2Fv2%2Fcategories&post=777245"},{"taxonomy":"post_tag","embeddable":true,"href":"https:\/\/arantv.az\/index.php?rest_route=%2Fwp%2Fv2%2Ftags&post=777245"}],"curies":[{"name":"wp","href":"https:\/\/api.w.org\/{rel}","templated":true}]}}