{"id":777255,"date":"2024-12-26T10:34:45","date_gmt":"2024-12-26T06:34:45","guid":{"rendered":"https:\/\/arantv.az\/?p=777255"},"modified":"2024-12-26T10:34:45","modified_gmt":"2024-12-26T06:34:45","slug":"az%c9%99rbaycanin-beyn%c9%99lxalq-nufuzunun-artmasina-xidm%c9%99t-ed%c9%99n-milli-h%c9%99mr%c9%99ylik-3","status":"publish","type":"post","link":"https:\/\/arantv.az\/?p=777255","title":{"rendered":"Az\u0259rbaycan\u0131n beyn\u0259lxalq n\u00fcfuzunun artmas\u0131na xidm\u0259t ed\u0259n  Milli h\u0259mr\u0259ylik"},"content":{"rendered":"<p>Az\u0259rbaycanl\u0131lar minillikl\u0259r boyu \u00f6zl\u0259rinin tarixi torpa\u011f\u0131 olan Az\u0259rbaycan \u0259razisind\u0259 ya\u015fayaraq, \u00a0b\u0259\u015f\u0259r sivilizasiyas\u0131na b\u00f6y\u00fck t\u00f6hf\u0259l\u0259r veribl\u0259r. \u00a0M\u00fcharib\u0259l\u0259r, \u00a0inqilablar, \u00a0h\u0259rbi m\u00fcnaqi\u015f\u0259l\u0259r, \u00a0d\u00fcnyada ged\u0259n ictimai-siyasi prosesl\u0259r n\u0259tic\u0259sind\u0259 Az\u0259rbaycan par\u00e7alan\u0131b, \u00a0az\u0259rbaycanl\u0131lar\u0131n bir qismi yurd-yuvalar\u0131ndan did\u0259rgin sal\u0131n\u0131b, \u00a0deportasiyalara m\u0259ruz qal\u0131b, \u00a0i\u015f tapmaq, \u00a0t\u0259hsil almaq m\u0259qs\u0259dil\u0259 do\u011fma V\u0259t\u0259ni t\u0259rk ed\u0259r\u0259k ba\u015fqa \u00f6lk\u0259l\u0259rd\u0259 m\u0259skunla\u015f\u0131blar. \u00a0Haz\u0131rda d\u00fcnyan\u0131n h\u0259r yerind\u0259 az\u0259rbaycanl\u0131lar ya\u015fay\u0131rlar.<\/p>\n<p>Uzun bir d\u00f6vr V\u0259t\u0259nd\u0259 ya\u015fayan az\u0259rbaycanl\u0131lar ba\u015fqa \u00f6lk\u0259l\u0259rd\u0259 m\u0259skunla\u015fm\u0131\u015f h\u0259mv\u0259t\u0259nl\u0259ri il\u0259 g\u00f6r\u00fc\u015fm\u0259k, \u00a0\u0259laq\u0259l\u0259r yaratmaq imkan\u0131ndan m\u0259hrum olublar. \u00a0Ke\u00e7mi\u015f \u00a0SSR\u0130 \u00a0d\u00f6vl\u0259tinin qada\u011falar\u0131 qarda\u015f\u0131n qarda\u015fla g\u00f6r\u00fc\u015fm\u0259yin\u0259 imkan vermirdi. \u00a0Sovet rejiminin z\u0259ifl\u0259m\u0259y\u0259 ba\u015flad\u0131\u011f\u0131 \u00a01980-ci \u00a0ill\u0259rin sonlar\u0131nda Az\u0259rbaycan xalq\u0131 \u00f6z h\u0259mv\u0259t\u0259nl\u0259ri il\u0259 \u0259laq\u0259l\u0259r yaratmaq \u00fc\u00e7\u00fcn s\u0259yl\u0259rini art\u0131rd\u0131.<\/p>\n<p>1991-ci \u00a0il dekabr\u0131n \u00a016-da \u00a0Nax\u00e7\u0131van Muxtar Respublikas\u0131 Ali M\u0259clisinin Heyd\u0259r \u018fliyevin s\u0259drliyi il\u0259 ke\u00e7\u0259n iclas\u0131nda \u00a031 \u00a0dekabr\u0131n d\u00fcnya az\u0259rbaycanl\u0131lar\u0131n\u0131n h\u0259mr\u0259ylik bayram\u0131 kimi qeyd olunmas\u0131 bar\u0259d\u0259 q\u0259rar q\u0259bul edildi v\u0259 \u00a0Az\u0259rbaycan Respublikas\u0131 Ali Sovetin\u0259 \u00a0m\u00fcraci\u0259t edildi. \u00a0Dekabr\u0131n \u00a025-d\u0259 \u00a0Ali Sovetinin Milli \u015euras\u0131 m\u00fcraci\u0259ti n\u0259z\u0259r\u0259 alaraq, \u00a0dekabr\u0131n \u00a031-nin \u00a0D\u00fcnya Az\u0259rbaycanl\u0131lar\u0131n\u0131n H\u0259mr\u0259ylik G\u00fcn\u00fc elan olunmas\u0131 bar\u0259d\u0259 qanun q\u0259bul \u00a0etdi.<\/p>\n<p>2001-ci \u00a0il noyabr\u0131n \u00a09-10-da \u00a0Bak\u0131da D\u00fcnya Az\u0259rbaycanl\u0131lar\u0131n\u0131n \u00a0I \u00a0Qurultay\u0131 ke\u00e7irildi. \u00a0Qurultay soyda\u015flar\u0131m\u0131z\u0131n milli m\u0259nlik \u015f\u00fcurunun g\u00fccl\u0259nm\u0259sin\u0259, \u00a0m\u00fcxt\u0259lif \u00f6lk\u0259l\u0259rd\u0259 az\u0259rbaycanl\u0131 icmalar\u0131n\u0131n m\u00fct\u0259\u015f\u0259kkilliyinin v\u0259 f\u0259all\u0131\u011f\u0131n\u0131n artmas\u0131na t\u0259sir g\u00f6st\u0259rib. \u00a0H\u0259min qurultayda Ulu \u00d6nd\u0259rin b\u00f6y\u00fck iftixarla s\u00f6yl\u0259diyi \u00a0\u201cM\u0259n h\u0259mi\u015f\u0259 f\u0259xr etmi\u015f\u0259m, bu g\u00fcn d\u0259 f\u0259xr edir\u0259m ki, m\u0259n az\u0259rbaycanl\u0131yam!\u201d \u00a0k\u0259lam\u0131 is\u0259 dill\u0259r \u0259zb\u0259rin\u0259 \u00e7evrildi.<\/p>\n<p>Yorulmaz f\u0259aliyy\u0259ti il\u0259 Heyd\u0259r \u018fliyev siyasi f\u0259ls\u0259f\u0259sin\u0259, \u00a0onun liderlik m\u0259kt\u0259bin\u0259 s\u00f6yk\u0259n\u0259n Prezident \u0130lham \u018fliyev Ulu \u00d6nd\u0259rin bu sah\u0259d\u0259ki xidm\u0259tl\u0259rini u\u011furla davam etdirir. \u00a0D\u00f6vl\u0259timizin ba\u015f\u00e7\u0131s\u0131n\u0131n \u00a0\u201cD\u00fcnya az\u0259rbaycanl\u0131lar\u0131n\u0131n \u00a0II \u00a0qurultay\u0131n\u0131n ke\u00e7irilm\u0259si haqq\u0131nda\u201d \u00a0S\u0259r\u0259ncam\u0131na uy\u011fun olaraq 2006-c\u0131 il mart\u0131n \u00a016-da \u00a0Bak\u0131da ke\u00e7iril\u0259n n\u00f6vb\u0259ti m\u00f6t\u0259b\u0259r toplant\u0131 xaricd\u0259 ya\u015fayan az\u0259rbaycanl\u0131lar\u0131n diaspordan lobbiy\u0259 \u00e7evrilm\u0259si istiqam\u0259tind\u0259 yeni add\u0131m oldu, \u00a0\u00f6lk\u0259mizl\u0259 ba\u011fl\u0131 h\u0259qiq\u0259tl\u0259rin d\u00fcnya ictimaiyy\u0259tin\u0259 \u00e7atd\u0131r\u0131lmas\u0131 i\u015find\u0259 \u0259h\u0259miyy\u0259tli rol oynad\u0131.<\/p>\n<p>Az\u0259rbaycan Respublikas\u0131n\u0131n Prezidenti \u0130lham \u018fliyevin \u201cM\u0259n d\u00fcnyada ya\u015fayan h\u0259r bir az\u0259rbaycanl\u0131n\u0131n prezidentiy\u0259m\u201d k\u0259lm\u0259si h\u0259mr\u0259yliyimizi daha da m\u00f6hk\u0259ml\u0259ndirdi. Xalq-iqtidar birliyini inki\u015faf\u0131n\u0131n, xalq\u0131m\u0131z\u0131n m\u00f6hk\u0259m h\u0259mr\u0259yliyinin m\u0259ntiqi n\u0259tic\u0259si kimi Qaraba\u011fda erm\u0259ni i\u015f\u011fal\u0131na son qoymaq \u00fc\u00e7\u00fcn\u00a0 2020-ci il 27 sentyabrda ba\u015flayan v\u0259 44 g\u00fcn davam ed\u0259n V\u0259t\u0259n m\u00fcharib\u0259sind\u0259 qazan\u0131lan Q\u0259l\u0259b\u0259 il\u0259 i\u015f\u011fala bird\u0259f\u0259lik son qoyuldu.<\/p>\n<p>Bu f\u0259r\u0259hli hadis\u0259d\u0259n \u00fc\u00e7 il sonra is\u0259 2023-c\u00fc il sentyabr\u0131n 19-da Prezident, M\u00fcz\u0259ff\u0259r Ali Ba\u015f Komandan \u0130lham \u018fliyevin r\u0259hb\u0259rliyi il\u0259 \u015fanl\u0131 ordumuzun Qaraba\u011f b\u00f6lg\u0259sind\u0259 h\u0259yata ke\u00e7irdiyi v\u0259 c\u0259mi bir g\u00fcn davam ed\u0259n z\u0259ruri lokal antiterror t\u0259dbirl\u0259rind\u0259n sonra d\u00fc\u015fm\u0259n a\u011f bayraq qald\u0131raraq t\u0259slim oldu, ordumuzun hiss\u0259l\u0259ri vaxt\u0131 il\u0259 i\u015f\u011fal edil\u0259n k\u0259nd v\u0259 ya\u015fay\u0131\u015f m\u0259nt\u0259q\u0259l\u0259rin\u0259 tam n\u0259zar\u0259t\u0259 ald\u0131. Prezident, M\u00fcz\u0259ff\u0259r Ali Ba\u015f Komandan \u0130lham \u018fliyev oktyabr\u0131n 15-d\u0259 Xank\u0259ndid\u0259, Xocal\u0131da, A\u011fd\u0259r\u0259d\u0259, \u018fsk\u0259randa v\u0259 Xocav\u0259ndd\u0259 Az\u0259rbaycan\u0131n D\u00f6vl\u0259t Bayra\u011f\u0131n\u0131 ucaltd\u0131. \u018fz\u0259li d\u00fc\u015fm\u0259n \u00fcz\u0259rind\u0259ki \u015eanl\u0131 Q\u0259l\u0259b\u0259d\u0259 \u0259sas n\u00f6qt\u0259 is\u0259 noyabr\u0131n 8-d\u0259 Xank\u0259ndi \u015f\u0259h\u0259rind\u0259 ke\u00e7iril\u0259n h\u0259rbi parad oldu. \u00dc\u00e7 il f\u0259rql\u0259 ke\u00e7iril\u0259n h\u0259r iki parad is\u0259 Az\u0259rbaycan tarixin\u0259 \u0259b\u0259di h\u0259kk olundu.<\/p>\n<p>Prezident, Ali Ba\u015f Komandan \u0130lham \u018fliyev son \u00fc\u00e7 ill\u0259rd\u0259ki h\u0259r bir \u0259lam\u0259tdar hdis\u0259d\u0259n sonra xalqa m\u00fcraci\u0259ti n\u0259inki \u00f6lk\u0259mizd\u0259, d\u00fcnyan\u0131n ist\u0259nil\u0259n yerind\u0259 ya\u015fayan h\u0259r bir az\u0259rbaycanl\u0131n\u0131n b\u00f6y\u00fck sevinc v\u0259 bayram\u0131na cevrilib. \u00d6n c\u0259bh\u0259d\u0259 ordumuzun, arxa c\u0259bh\u0259d\u0259 m\u00fclki v\u0259t\u0259nda\u015flar\u0131m\u0131z\u0131n \u0259zmkarl\u0131\u011f\u0131 bu V\u0259t\u0259n m\u00fcharib\u0259sind\u0259 b\u00f6y\u00fck bir dastan\u0131n yaz\u0131lmas\u0131na g\u0259tirib \u00e7\u0131xartd\u0131. Bu dastan\u0131n m\u00fc\u0259llifi is\u0259 he\u00e7 \u015f\u00fcbh\u0259siz,\u00a0<img src=\"https:\/\/ikisahil.az\/upload\/\/2022\/11\/04\/\/-df0e09d6166753660685957461710761132.jpeg\" alt=\"\" \/>Prezident \u0130lham \u018fliyevdir.<\/p>\n<p>H\u0259mr\u0259yliyin \u0259b\u0259di olsun Az\u0259rbaycan xalq\u0131!<\/p>\n<p><strong>\u0130srafil K\u0259rimov,<\/strong><\/p>\n<p><strong>Az\u0259rbaycan Jurnalistl\u0259r Birliyinin \u00fczv\u00fc<\/strong><\/p>\n","protected":false},"excerpt":{"rendered":"<p>Az\u0259rbaycanl\u0131lar minillikl\u0259r boyu \u00f6zl\u0259rinin tarixi torpa\u011f\u0131 olan Az\u0259rbaycan \u0259razisind\u0259 ya\u015fayaraq, \u00a0b\u0259\u015f\u0259r sivilizasiyas\u0131na b\u00f6y\u00fck t\u00f6hf\u0259l\u0259r veribl\u0259r. \u00a0M\u00fcharib\u0259l\u0259r, \u00a0inqilablar, \u00a0h\u0259rbi m\u00fcnaqi\u015f\u0259l\u0259r, \u00a0d\u00fcnyada ged\u0259n ictimai-siyasi prosesl\u0259r n\u0259tic\u0259sind\u0259 Az\u0259rbaycan par\u00e7alan\u0131b, \u00a0az\u0259rbaycanl\u0131lar\u0131n bir qismi yurd-yuvalar\u0131ndan did\u0259rgin sal\u0131n\u0131b, \u00a0deportasiyalara m\u0259ruz qal\u0131b, \u00a0i\u015f tapmaq, \u00a0t\u0259hsil almaq m\u0259qs\u0259dil\u0259 do\u011fma V\u0259t\u0259ni t\u0259rk ed\u0259r\u0259k ba\u015fqa \u00f6lk\u0259l\u0259rd\u0259 m\u0259skunla\u015f\u0131blar. \u00a0Haz\u0131rda d\u00fcnyan\u0131n h\u0259r yerind\u0259 az\u0259rbaycanl\u0131lar ya\u015fay\u0131rlar. Uzun bir d\u00f6vr V\u0259t\u0259nd\u0259 ya\u015fayan az\u0259rbaycanl\u0131lar ba\u015fqa \u00f6lk\u0259l\u0259rd\u0259 m\u0259skunla\u015fm\u0131\u015f h\u0259mv\u0259t\u0259nl\u0259ri il\u0259 g\u00f6r\u00fc\u015fm\u0259k, \u00a0\u0259laq\u0259l\u0259r yaratmaq imkan\u0131ndan m\u0259hrum olublar. \u00a0Ke\u00e7mi\u015f \u00a0SSR\u0130 \u00a0d\u00f6vl\u0259tinin qada\u011falar\u0131 qarda\u015f\u0131n qarda\u015fla g\u00f6r\u00fc\u015fm\u0259yin\u0259 imkan vermirdi. \u00a0Sovet rejiminin z\u0259ifl\u0259m\u0259y\u0259 ba\u015flad\u0131\u011f\u0131 \u00a01980-ci \u00a0ill\u0259rin sonlar\u0131nda Az\u0259rbaycan xalq\u0131 \u00f6z h\u0259mv\u0259t\u0259nl\u0259ri&hellip;<\/p>\n","protected":false},"author":2,"featured_media":777256,"comment_status":"closed","ping_status":"closed","sticky":false,"template":"","format":"standard","meta":{"om_disable_all_campaigns":false,"_monsterinsights_skip_tracking":false,"_monsterinsights_sitenote_active":false,"_monsterinsights_sitenote_note":"","_monsterinsights_sitenote_category":0},"categories":[19],"tags":[],"aioseo_notices":[],"gutentor_comment":0,"rttpg_featured_image_url":{"full":["https:\/\/arantv.az\/wp-content\/uploads\/2024\/12\/135593dd173519244388129656510699977.jpg",975,540,false],"landscape":["https:\/\/arantv.az\/wp-content\/uploads\/2024\/12\/135593dd173519244388129656510699977.jpg",975,540,false],"portraits":["https:\/\/arantv.az\/wp-content\/uploads\/2024\/12\/135593dd173519244388129656510699977.jpg",975,540,false],"thumbnail":["https:\/\/arantv.az\/wp-content\/uploads\/2024\/12\/135593dd173519244388129656510699977-500x280.jpg",500,280,true],"medium":["https:\/\/arantv.az\/wp-content\/uploads\/2024\/12\/135593dd173519244388129656510699977-660x365.jpg",660,365,true],"large":["https:\/\/arantv.az\/wp-content\/uploads\/2024\/12\/135593dd173519244388129656510699977-840x465.jpg",640,354,true],"1536x1536":["https:\/\/arantv.az\/wp-content\/uploads\/2024\/12\/135593dd173519244388129656510699977.jpg",975,540,false],"2048x2048":["https:\/\/arantv.az\/wp-content\/uploads\/2024\/12\/135593dd173519244388129656510699977.jpg",975,540,false],"post-thumbnail":["https:\/\/arantv.az\/wp-content\/uploads\/2024\/12\/135593dd173519244388129656510699977-240x172.jpg",240,172,true],"advps-thumb-one":["https:\/\/arantv.az\/wp-content\/uploads\/2024\/12\/135593dd173519244388129656510699977.jpg",975,540,false]},"rttpg_author":{"display_name":"V\u00fcsal Rafiqo\u011flu","author_link":"https:\/\/arantv.az\/?author=2"},"rttpg_comment":0,"rttpg_category":"<a href=\"https:\/\/arantv.az\/?cat=19\" rel=\"category\">G\u00fcnd\u0259m<\/a>","rttpg_excerpt":"Az\u0259rbaycanl\u0131lar minillikl\u0259r boyu \u00f6zl\u0259rinin tarixi torpa\u011f\u0131 olan Az\u0259rbaycan \u0259razisind\u0259 ya\u015fayaraq, \u00a0b\u0259\u015f\u0259r sivilizasiyas\u0131na b\u00f6y\u00fck t\u00f6hf\u0259l\u0259r veribl\u0259r. \u00a0M\u00fcharib\u0259l\u0259r, \u00a0inqilablar, \u00a0h\u0259rbi m\u00fcnaqi\u015f\u0259l\u0259r, \u00a0d\u00fcnyada ged\u0259n ictimai-siyasi prosesl\u0259r n\u0259tic\u0259sind\u0259 Az\u0259rbaycan par\u00e7alan\u0131b, \u00a0az\u0259rbaycanl\u0131lar\u0131n bir qismi yurd-yuvalar\u0131ndan did\u0259rgin sal\u0131n\u0131b, \u00a0deportasiyalara m\u0259ruz qal\u0131b, \u00a0i\u015f tapmaq, \u00a0t\u0259hsil almaq m\u0259qs\u0259dil\u0259 do\u011fma V\u0259t\u0259ni t\u0259rk ed\u0259r\u0259k ba\u015fqa \u00f6lk\u0259l\u0259rd\u0259 m\u0259skunla\u015f\u0131blar. \u00a0Haz\u0131rda d\u00fcnyan\u0131n h\u0259r yerind\u0259 az\u0259rbaycanl\u0131lar ya\u015fay\u0131rlar. Uzun bir&hellip;","_links":{"self":[{"href":"https:\/\/arantv.az\/index.php?rest_route=\/wp\/v2\/posts\/777255"}],"collection":[{"href":"https:\/\/arantv.az\/index.php?rest_route=\/wp\/v2\/posts"}],"about":[{"href":"https:\/\/arantv.az\/index.php?rest_route=\/wp\/v2\/types\/post"}],"author":[{"embeddable":true,"href":"https:\/\/arantv.az\/index.php?rest_route=\/wp\/v2\/users\/2"}],"replies":[{"embeddable":true,"href":"https:\/\/arantv.az\/index.php?rest_route=%2Fwp%2Fv2%2Fcomments&post=777255"}],"version-history":[{"count":1,"href":"https:\/\/arantv.az\/index.php?rest_route=\/wp\/v2\/posts\/777255\/revisions"}],"predecessor-version":[{"id":777257,"href":"https:\/\/arantv.az\/index.php?rest_route=\/wp\/v2\/posts\/777255\/revisions\/777257"}],"wp:featuredmedia":[{"embeddable":true,"href":"https:\/\/arantv.az\/index.php?rest_route=\/wp\/v2\/media\/777256"}],"wp:attachment":[{"href":"https:\/\/arantv.az\/index.php?rest_route=%2Fwp%2Fv2%2Fmedia&parent=777255"}],"wp:term":[{"taxonomy":"category","embeddable":true,"href":"https:\/\/arantv.az\/index.php?rest_route=%2Fwp%2Fv2%2Fcategories&post=777255"},{"taxonomy":"post_tag","embeddable":true,"href":"https:\/\/arantv.az\/index.php?rest_route=%2Fwp%2Fv2%2Ftags&post=777255"}],"curies":[{"name":"wp","href":"https:\/\/api.w.org\/{rel}","templated":true}]}}