{"id":77726,"date":"2019-09-09T13:44:25","date_gmt":"2019-09-09T10:44:25","guid":{"rendered":"http:\/\/arantv.az\/?p=77726"},"modified":"2019-09-09T13:44:25","modified_gmt":"2019-09-09T10:44:25","slug":"%c9%99li-%c9%99hm%c9%99dov-m%c9%99murun-istefaya-getm%c9%99si-partiyanin-ona-munasib%c9%99tinin-d%c9%99yism%c9%99si-ucun-%c9%99sas-deyil-v%c9%99-ola-bilm%c9%99z","status":"publish","type":"post","link":"https:\/\/arantv.az\/?p=77726","title":{"rendered":"\u018fli \u018fhm\u0259dov: &#8220;M\u0259murun istefaya getm\u0259si partiyan\u0131n ona m\u00fcnasib\u0259tinin d\u0259yi\u015fm\u0259si \u00fc\u00e7\u00fcn \u0259sas deyil v\u0259 ola bilm\u0259z&#8221;"},"content":{"rendered":"<p><strong>ARANTV.AZ Ba\u015f Nazirin m\u00fcavini, YAP-\u0131n S\u0259dr m\u00fcavini &#8211; \u0130cra katibi \u018fli \u018fhm\u0259dovun\u00a0<a href=\"https:\/\/az.trend.az\/\" target=\"_blank\" rel=\"noopener\">Trend<\/a>-\u0259 m\u00fcsahib\u0259sini t\u0259qdim edir:<\/strong><\/p>\n<p><strong>&#8211; \u018fli m\u00fc\u0259llim, son d\u00f6vrl\u0259rin \u0259h\u0259miyy\u0259tli siyasi meyll\u0259rind\u0259n biri geni\u015f spektrli siyasi q\u00fcvv\u0259l\u0259rin Prezident \u0130lham \u018fliyevin y\u00fcr\u00fctd\u00fcy\u00fc siyas\u0259ti d\u0259st\u0259kl\u0259m\u0259sind\u0259n ibar\u0259tdir. Bunun s\u0259b\u0259bl\u0259rini Siz n\u0259d\u0259 g\u00f6r\u00fcrs\u00fcn\u00fcz?<\/strong><\/p>\n<p>&#8211; Az\u0259rbaycan\u0131n inki\u015faf\u0131, u\u011furlar\u0131m\u0131z, \u0259halinin rifah\u0131n\u0131n yax\u015f\u0131la\u015fd\u0131r\u0131lmas\u0131 istiqam\u0259tind\u0259 at\u0131lan m\u00f6ht\u0259\u015f\u0259m add\u0131mlar g\u00f6z qaba\u011f\u0131ndad\u0131r. \u0130nsanlar Prezident \u0130lham \u018fliyevin siyas\u0259tini, onun n\u0259tic\u0259l\u0259rini y\u00fcks\u0259k qiym\u0259tl\u0259ndirir. Biz bunu \u0259halinin b\u00fct\u00fcn t\u0259b\u0259q\u0259l\u0259rinin davran\u0131\u015f\u0131nda v\u0259 bax\u0131\u015flar\u0131nda hiss edirik. Hesab edir\u0259m ki, dediyiniz geni\u015f spektrli siyasi q\u00fcvv\u0259l\u0259rin h\u00f6k\u00fcm\u0259tin siyas\u0259tini d\u0259st\u0259kl\u0259m\u0259si ilk n\u00f6vb\u0259d\u0259 bununla \u0259laq\u0259dard\u0131r. Onlar bununla d\u00f6vl\u0259ti, d\u00f6vl\u0259t\u00e7iliyi partiya maraqlar\u0131ndan \u00fcst\u00fcn tutduqlar\u0131n\u0131 n\u00fcmayi\u015f etdirirl\u0259r. Mahiyy\u0259t etibaril\u0259, Yeni Az\u0259rbaycan Partiyas\u0131 onlarla siyasi r\u0259qib olsa da, d\u00f6vl\u0259t\u00e7ilik maraqlar\u0131 namin\u0259 vahid m\u00f6vqe n\u00fcmayi\u015f etdirilm\u0259sini alq\u0131\u015flay\u0131r\u0131q.<\/p>\n<p>Ba\u015fqa bir s\u0259b\u0259bi d\u0259 vur\u011fulamaq olar. Prezident \u0130lham \u018fliyevin d\u00f6vl\u0259t maraqlar\u0131n\u0131n \u0259n y\u00fcks\u0259k s\u0259viyy\u0259d\u0259 ifad\u0259 olunmas\u0131na v\u0259 h\u0259yata ke\u00e7irilm\u0259sin\u0259 y\u00f6n\u0259ldilmi\u015f siyas\u0259ti eyni zamanda h\u0259min maraqlar namin\u0259 b\u00fct\u00fcn siyasi q\u00fcvv\u0259l\u0259rin birliyini, dialoqunu v\u0259 \u0259m\u0259kda\u015fl\u0131\u011f\u0131n\u0131 h\u0259m n\u0259z\u0259rd\u0259 tutur, h\u0259m d\u0259 m\u00fcmk\u00fcn edir. Hakimiyy\u0259t milli maraqlar namin\u0259 konstruktiv m\u00f6vqed\u0259 olan siyasi partiyalar\u0131n vahid m\u00f6vqeyinin formala\u015fmas\u0131n\u0131 alq\u0131\u015flay\u0131r v\u0259 bu z\u0259mind\u0259 \u0259m\u0259kda\u015fl\u0131\u011fa haz\u0131r oldu\u011funu bildirir. Yax\u015f\u0131 hald\u0131r ki, siyasi partiyalar\u0131n b\u00f6y\u00fck bir qismi dediyim bu x\u0259tti d\u0259st\u0259kl\u0259yir v\u0259 adekvat cavab verir. N\u0259tic\u0259d\u0259 m\u00fcxt\u0259lif siyasi partiyalar\u0131n \u00fcmummilli m\u0259s\u0259l\u0259l\u0259rd\u0259 vahid m\u00f6vqeyinin yaranmas\u0131, s\u0259m\u0259r\u0259li \u0259m\u0259kda\u015fl\u0131\u011f\u0131 sah\u0259sind\u0259 ciddi ir\u0259lil\u0259yi\u015fl\u0259r \u0259ld\u0259 edilmi\u015fdir.<\/p>\n<p><strong>&#8211; Yeni Az\u0259rbaycan Partiyas\u0131n\u0131n bir s\u0131ra tan\u0131nm\u0131\u015f simalar\u0131 milli maraqlar namin\u0259 hakimiyy\u0259tl\u0259 \u0259m\u0259kda\u015fl\u0131q m\u00f6vqeyind\u0259 olan partiyalar\u0131, onlar\u0131n r\u0259hb\u0259rl\u0259rini yum\u015faq \u015f\u0259kild\u0259 des\u0259k, qeyri-s\u0259mimilikd\u0259 su\u00e7lay\u0131r, onlar\u0131 h\u0259tta d\u00fc\u015fm\u0259n adland\u0131rmaqdan bel\u0259 \u00e7\u0259kinmirl\u0259r. Deputatlar Eldar \u0130brahimovun v\u0259 Tahir Rzayevin bu m\u0259zmunda verdiyi m\u00fcsahib\u0259l\u0259r partiyan\u0131z\u0131n m\u00f6vqeyidir, yoxsa onlar\u0131n \u015f\u0259xsi m\u00f6vqeyi?<\/strong><\/p>\n<p>&#8211; M\u0259n qald\u0131rd\u0131\u011f\u0131n\u0131z m\u0259s\u0259l\u0259 il\u0259 \u0259laq\u0259dar partiyam\u0131z\u0131n m\u00f6vqeyini yuxar\u0131da bildirdim. Bu g\u00fcn \u00f6lk\u0259mizd\u0259 h\u0259yata ke\u00e7iril\u0259n siyas\u0259td\u0259 milli birlik, milli h\u0259mr\u0259ylik ideyas\u0131 m\u00fch\u00fcm yer tutur. Biz bunu sad\u0259c\u0259 b\u0259yanat kimi deyil, real siyas\u0259t olaraq q\u0259bul edir v\u0259 h\u0259yata ke\u00e7irilm\u0259si namin\u0259 real add\u0131mlar at\u0131r\u0131q. H\u0259min fundamental d\u0259y\u0259rl\u0259r namin\u0259 b\u00fct\u00fcn insanlar\u0131n, siyas\u0259t\u00e7il\u0259rin, partiyalar\u0131n v\u0259 ya ictimai t\u0259\u015fkilatlar\u0131n birl\u0259\u015fm\u0259sin\u0259 nail olma\u011fa \u00e7al\u0131\u015fma\u011f\u0131m\u0131z \u0259sas v\u0259zif\u0259l\u0259rd\u0259ndir. D\u00f6vl\u0259t\u00e7ilik namin\u0259 \u0259m\u0259kda\u015fl\u0131q etdiyimiz h\u0259r k\u0259s\u0259 v\u0259 h\u0259r bir siyasi partiyaya h\u00f6rm\u0259tl\u0259 yana\u015f\u0131r\u0131q, onlara v\u0259t\u0259nini v\u0259 d\u00f6vl\u0259tini \u00fcr\u0259kd\u0259n sev\u0259n insanlar kimi bax\u0131r\u0131q. D\u00fc\u015f\u00fcn\u00fcr\u0259m ki, onlar\u0131 qeyri-s\u0259mimilikd\u0259 su\u00e7lama\u011fa he\u00e7 bir \u0259sas yoxdur v\u0259 partiyam\u0131z kim\u0259s\u0259 bel\u0259 bir s\u0259lahiyy\u0259t verm\u0259yib. Bu g\u00fcn Milli M\u0259clisd\u0259 t\u0259msil olunan partiyalar\u0131n n\u00fcmay\u0259nd\u0259l\u0259ri xalq\u0131n el\u00e7isidir, onun s\u0259si il\u0259 mill\u0259t v\u0259kili mandat\u0131n\u0131 qazan\u0131b. Hakim partiya kimi m\u0259mnunlu\u011fumuzu ifad\u0259 etm\u0259k ist\u0259yir\u0259m ki, xalq\u0131n etimad\u0131 il\u0259 Milli M\u0259clisd\u0259 t\u0259msil olunan ayr\u0131-ayr\u0131 partiyalar\u0131n n\u00fcmay\u0259nd\u0259l\u0259ri \u00fcmummulli m\u0259s\u0259l\u0259l\u0259rd\u0259, islahatlar\u0131n h\u0259yata ke\u00e7irilm\u0259sind\u0259 Prezident \u0130lham \u018fliyevi d\u0259st\u0259kl\u0259yir. Biz buna \u0130lham \u018fliyevin y\u00fcr\u00fctd\u00fcy\u00fc siyas\u0259tin b\u00fct\u00fcn xalq t\u0259r\u0259find\u0259n d\u0259st\u0259kl\u0259nm\u0259sinin daha bir ifad\u0259si kimi yana\u015f\u0131r\u0131q. Bu, h\u0259qiq\u0259t\u0259n bel\u0259dir. Az\u0259rbaycan siyas\u0259tind\u0259 uzun ill\u0259r tan\u0131nan h\u0259min adamlar h\u00f6rm\u0259t v\u0259 n\u00fcfuz sahibl\u0259ridir, partiya r\u0259hb\u0259rl\u0259ridir, ziyal\u0131lard\u0131r. Onlar \u0259halinin m\u00fc\u0259yy\u0259n qisminin maraqlar\u0131n\u0131 ifad\u0259 edir v\u0259 \u00f6lk\u0259mizd\u0259 milli h\u0259mr\u0259yliyin daha da m\u00f6hk\u0259ml\u0259nm\u0259sind\u0259 \u0259h\u0259miyy\u0259tli rol oynay\u0131rlar. Bunu g\u00f6rm\u0259m\u0259k v\u0259 qiym\u0259tl\u0259ndirm\u0259m\u0259k \u0259dal\u0259tsizlik olard\u0131.<\/p>\n<p><strong>&#8211; \u018fli m\u00fc\u0259llim, partiyan\u0131n vaxtil\u0259 y\u00fcks\u0259k v\u0259zif\u0259 tutmu\u015f ke\u00e7mi\u015f m\u0259murlara m\u00fcnasib\u0259ti nec\u0259dir?<\/strong><\/p>\n<p>&#8211; Uzun ill\u0259r Yeni Az\u0259rbaycan Partiyas\u0131n\u0131n iqtidar\u0131nda v\u0259zif\u0259 tutmu\u015f b\u00fct\u00fcn ke\u00e7mi\u015f m\u0259murlara m\u00fcnasib\u0259timiz onlar\u0131n v\u0259zif\u0259d\u0259 oldu\u011fu d\u00f6vrd\u0259kind\u0259n f\u0259rql\u0259nmir. V\u0259zif\u0259d\u0259 olark\u0259n ciddi s\u0259hvl\u0259r\u0259 yol verdiyin\u0259 g\u00f6r\u0259 i\u015fd\u0259n k\u0259narla\u015fd\u0131r\u0131lan v\u0259 haqq\u0131nda qanuna uy\u011fun olaraq t\u0259dbirl\u0259r g\u00f6r\u00fcl\u0259nl\u0259r istisna olunmaqla. M\u0259murun istefaya getm\u0259si partiyan\u0131n ona m\u00fcnasib\u0259tinin d\u0259yi\u015fm\u0259si \u00fc\u00e7\u00fcn \u0259sas deyil v\u0259 ola bilm\u0259z. \u0130stefaya getm\u0259k onun c\u0259zaland\u0131r\u0131lmas\u0131 deyil. Bizim h\u0259r birimiz n\u0259 vaxtsa istefaya ged\u0259c\u0259yik. Bunu normal yenil\u0259\u015fm\u0259 prosesi kimi q\u0259bul etm\u0259k laz\u0131md\u0131r v\u0259 biz m\u0259hz bel\u0259 edirik. \u0130stefaya ged\u0259n v\u0259 ya Milli M\u0259clis\u0259 n\u00f6vb\u0259ti d\u0259f\u0259 deputat se\u00e7il\u0259 bilm\u0259y\u0259n ke\u00e7mi\u015f mill\u0259t v\u0259kili yen\u0259 d\u0259 bizim yan\u0131m\u0131zdad\u0131r, yen\u0259 Prezident \u0130lham \u018fliyevin h\u0259yata ke\u00e7irdiyi siyas\u0259tin u\u011fur qazanmas\u0131na \u00f6z imkanlar\u0131 \u00e7\u0259r\u00e7iv\u0259sind\u0259 d\u0259st\u0259k verir. Onlar\u0131n xidm\u0259tl\u0259ri v\u0259 z\u0259hm\u0259tl\u0259ri d\u0259 unudulmur. \u018fg\u0259r siz diqq\u0259tl\u0259 m\u00fc\u015fahid\u0259 edirsinizs\u0259, h\u0259min q\u0259bild\u0259n olan insanlar partiyam\u0131z\u0131n ke\u00e7irdiyi b\u00fct\u00fcn t\u0259dbirl\u0259rd\u0259 i\u015ftirak edir, biziml\u0259 bir s\u0131rada dayan\u0131r. S\u00f6hb\u0259t siyasi \u0259qid\u0259d\u0259n gedir. Vaxtil\u0259 v\u0259zif\u0259d\u0259 olan insanlar\u0131n h\u0259r biri Heyd\u0259r \u018fliyev ideyalar\u0131na, \u0130lham \u018fliyevin siyas\u0259tin\u0259, d\u00f6vl\u0259t\u0259 v\u0259 d\u00f6vl\u0259t\u00e7iliy\u0259 sadiq insanlard\u0131r. \u0130stefaya \u00e7\u0131xd\u0131qdan sonra da onlar\u0131n ham\u0131s\u0131 h\u0259min d\u0259y\u0259rl\u0259r\u0259 s\u0259daq\u0259tini saxlay\u0131rlar. Onlar bizim \u0259qid\u0259 dostlar\u0131m\u0131z, yol yolda\u015flar\u0131m\u0131zd\u0131r. Onlar bu iqtidar\u0131n t\u0259\u0259ss\u00fcb\u00fcn\u00fc \u00e7\u0259k\u0259n, q\u0259drini bil\u0259n, h\u0259r add\u0131mda onu d\u0259st\u0259kl\u0259y\u0259n h\u00f6rm\u0259tli insanlard\u0131r.<\/p>\n<p>Onu da dem\u0259k ist\u0259yir\u0259m ki, h\u0259r bir iqtidar\u0131n g\u00fcc\u00fc h\u0259m d\u0259 onun daxili \u0259qid\u0259 birliyind\u0259, qar\u015f\u0131l\u0131ql\u0131 inam v\u0259 h\u00f6rm\u0259t m\u00fchitinin olmas\u0131ndad\u0131r. Biz ke\u00e7mi\u015f m\u0259murlar\u0131 \u0259qid\u0259 v\u0259 s\u0259daq\u0259t bax\u0131m\u0131ndan indi v\u0259zif\u0259d\u0259 olan m\u0259murlardan f\u0259rql\u0259ndirmirik. Onlar\u0131n h\u0259r biri xalq\u0131n\u0131, d\u00f6vl\u0259tini, d\u00f6vl\u0259t\u00e7iliyi v\u0259 prezidenti yolunda s\u0259daq\u0259t v\u0259 f\u0259dakarl\u0131q g\u00f6st\u0259rmi\u015f v\u0259 g\u00f6st\u0259r\u0259n d\u0259y\u0259rli insanlard\u0131r. Biz bir yerd\u0259 daha g\u00fccl\u00fc oluruq.<\/p>\n","protected":false},"excerpt":{"rendered":"<p>ARANTV.AZ Ba\u015f Nazirin m\u00fcavini, YAP-\u0131n S\u0259dr m\u00fcavini &#8211; \u0130cra katibi \u018fli \u018fhm\u0259dovun\u00a0Trend-\u0259 m\u00fcsahib\u0259sini t\u0259qdim edir: &#8211; \u018fli m\u00fc\u0259llim, son d\u00f6vrl\u0259rin \u0259h\u0259miyy\u0259tli siyasi meyll\u0259rind\u0259n biri geni\u015f spektrli siyasi q\u00fcvv\u0259l\u0259rin Prezident \u0130lham \u018fliyevin y\u00fcr\u00fctd\u00fcy\u00fc siyas\u0259ti d\u0259st\u0259kl\u0259m\u0259sind\u0259n ibar\u0259tdir. Bunun s\u0259b\u0259bl\u0259rini Siz n\u0259d\u0259 g\u00f6r\u00fcrs\u00fcn\u00fcz? &#8211; Az\u0259rbaycan\u0131n inki\u015faf\u0131, u\u011furlar\u0131m\u0131z, \u0259halinin rifah\u0131n\u0131n yax\u015f\u0131la\u015fd\u0131r\u0131lmas\u0131 istiqam\u0259tind\u0259 at\u0131lan m\u00f6ht\u0259\u015f\u0259m add\u0131mlar g\u00f6z qaba\u011f\u0131ndad\u0131r. \u0130nsanlar Prezident \u0130lham \u018fliyevin siyas\u0259tini, onun n\u0259tic\u0259l\u0259rini y\u00fcks\u0259k qiym\u0259tl\u0259ndirir. Biz bunu \u0259halinin b\u00fct\u00fcn t\u0259b\u0259q\u0259l\u0259rinin davran\u0131\u015f\u0131nda v\u0259 bax\u0131\u015flar\u0131nda hiss edirik. Hesab edir\u0259m ki, dediyiniz geni\u015f spektrli siyasi q\u00fcvv\u0259l\u0259rin h\u00f6k\u00fcm\u0259tin siyas\u0259tini d\u0259st\u0259kl\u0259m\u0259si ilk n\u00f6vb\u0259d\u0259 bununla \u0259laq\u0259dard\u0131r. Onlar bununla d\u00f6vl\u0259ti,&hellip;<\/p>\n","protected":false},"author":2,"featured_media":77727,"comment_status":"closed","ping_status":"closed","sticky":false,"template":"","format":"standard","meta":{"om_disable_all_campaigns":false,"_monsterinsights_skip_tracking":false,"_monsterinsights_sitenote_active":false,"_monsterinsights_sitenote_note":"","_monsterinsights_sitenote_category":0},"categories":[4],"tags":[],"aioseo_notices":[],"gutentor_comment":0,"rttpg_featured_image_url":{"full":["https:\/\/arantv.az\/wp-content\/uploads\/2019\/09\/783869.jpg",800,600,false],"landscape":["https:\/\/arantv.az\/wp-content\/uploads\/2019\/09\/783869.jpg",800,600,false],"portraits":["https:\/\/arantv.az\/wp-content\/uploads\/2019\/09\/783869.jpg",800,600,false],"thumbnail":["https:\/\/arantv.az\/wp-content\/uploads\/2019\/09\/783869-150x150.jpg",150,150,true],"medium":["https:\/\/arantv.az\/wp-content\/uploads\/2019\/09\/783869-300x225.jpg",300,225,true],"large":["https:\/\/arantv.az\/wp-content\/uploads\/2019\/09\/783869.jpg",640,480,false],"1536x1536":["https:\/\/arantv.az\/wp-content\/uploads\/2019\/09\/783869.jpg",800,600,false],"2048x2048":["https:\/\/arantv.az\/wp-content\/uploads\/2019\/09\/783869.jpg",800,600,false],"post-thumbnail":["https:\/\/arantv.az\/wp-content\/uploads\/2019\/09\/783869-240x172.jpg",240,172,true],"advps-thumb-one":["https:\/\/arantv.az\/wp-content\/uploads\/2019\/09\/783869.jpg",800,600,false]},"rttpg_author":{"display_name":"V\u00fcsal Rafiqo\u011flu","author_link":"https:\/\/arantv.az\/?author=2"},"rttpg_comment":0,"rttpg_category":"<a href=\"https:\/\/arantv.az\/?cat=4\" rel=\"category\">Siyas\u0259t<\/a>","rttpg_excerpt":"ARANTV.AZ Ba\u015f Nazirin m\u00fcavini, YAP-\u0131n S\u0259dr m\u00fcavini &#8211; \u0130cra katibi \u018fli \u018fhm\u0259dovun\u00a0Trend-\u0259 m\u00fcsahib\u0259sini t\u0259qdim edir: &#8211; \u018fli m\u00fc\u0259llim, son d\u00f6vrl\u0259rin \u0259h\u0259miyy\u0259tli siyasi meyll\u0259rind\u0259n biri geni\u015f spektrli siyasi q\u00fcvv\u0259l\u0259rin Prezident \u0130lham \u018fliyevin y\u00fcr\u00fctd\u00fcy\u00fc siyas\u0259ti d\u0259st\u0259kl\u0259m\u0259sind\u0259n ibar\u0259tdir. Bunun s\u0259b\u0259bl\u0259rini Siz n\u0259d\u0259 g\u00f6r\u00fcrs\u00fcn\u00fcz? &#8211; Az\u0259rbaycan\u0131n inki\u015faf\u0131, u\u011furlar\u0131m\u0131z, \u0259halinin rifah\u0131n\u0131n yax\u015f\u0131la\u015fd\u0131r\u0131lmas\u0131 istiqam\u0259tind\u0259 at\u0131lan m\u00f6ht\u0259\u015f\u0259m add\u0131mlar g\u00f6z qaba\u011f\u0131ndad\u0131r. \u0130nsanlar Prezident&hellip;","_links":{"self":[{"href":"https:\/\/arantv.az\/index.php?rest_route=\/wp\/v2\/posts\/77726"}],"collection":[{"href":"https:\/\/arantv.az\/index.php?rest_route=\/wp\/v2\/posts"}],"about":[{"href":"https:\/\/arantv.az\/index.php?rest_route=\/wp\/v2\/types\/post"}],"author":[{"embeddable":true,"href":"https:\/\/arantv.az\/index.php?rest_route=\/wp\/v2\/users\/2"}],"replies":[{"embeddable":true,"href":"https:\/\/arantv.az\/index.php?rest_route=%2Fwp%2Fv2%2Fcomments&post=77726"}],"version-history":[{"count":0,"href":"https:\/\/arantv.az\/index.php?rest_route=\/wp\/v2\/posts\/77726\/revisions"}],"wp:featuredmedia":[{"embeddable":true,"href":"https:\/\/arantv.az\/index.php?rest_route=\/wp\/v2\/media\/77727"}],"wp:attachment":[{"href":"https:\/\/arantv.az\/index.php?rest_route=%2Fwp%2Fv2%2Fmedia&parent=77726"}],"wp:term":[{"taxonomy":"category","embeddable":true,"href":"https:\/\/arantv.az\/index.php?rest_route=%2Fwp%2Fv2%2Fcategories&post=77726"},{"taxonomy":"post_tag","embeddable":true,"href":"https:\/\/arantv.az\/index.php?rest_route=%2Fwp%2Fv2%2Ftags&post=77726"}],"curies":[{"name":"wp","href":"https:\/\/api.w.org\/{rel}","templated":true}]}}