{"id":777260,"date":"2024-12-26T12:19:40","date_gmt":"2024-12-26T08:19:40","guid":{"rendered":"https:\/\/arantv.az\/?p=777260"},"modified":"2024-12-26T12:46:31","modified_gmt":"2024-12-26T08:46:31","slug":"t%c9%99yyar%c9%99-q%c9%99zasinda-h%c9%99lak-olanlarin-%c9%99ziz-xatir%c9%99si-xank%c9%99ndid%c9%99-bir-d%c9%99qiq%c9%99lik-sukutla-anilib-foto","status":"publish","type":"post","link":"https:\/\/arantv.az\/?p=777260","title":{"rendered":"T\u0259yyar\u0259 q\u0259zas\u0131nda h\u0259lak olanlar\u0131n \u0259ziz xatir\u0259si Xank\u0259ndid\u0259 bir d\u0259qiq\u0259lik s\u00fckutla an\u0131l\u0131b. &#8211; FOTO"},"content":{"rendered":"<p>&#8220;Az\u0259rbaycan Hava Yollar\u0131\u201d avia\u015firk\u0259tin\u0259 (AZAL) m\u0259xsus t\u0259yyar\u0259nin Qazax\u0131stan\u0131n Aktau \u015f\u0259h\u0259rind\u0259 q\u0259zaya u\u011framas\u0131 n\u0259tic\u0259sind\u0259 h\u0259lak olanlarn \u0259ziz xatir\u0259si dekabr\u0131n 26-da saat 12:00-da \u00f6lk\u0259mizin b\u00fct\u00fcn \u0259razisind\u0259 oldu\u011fu kimi Xank\u0259ndi \u015f\u0259h\u0259rind\u0259 d\u0259 bir d\u0259qiq\u0259lik s\u00fckutla yad olunub. N\u0259qliyyat\u0131n v\u0259 piyadalar\u0131n h\u0259r\u0259k\u0259ti dayand\u0131r\u0131l\u0131b.D\u00f6vl\u0259t bayraqlar\u0131 yar\u0131yad\u0259k endirilib.<\/p>\n<p>Ba\u015f vermi\u015f faci\u0259 il\u0259 \u0259laq\u0259dar olaraq Xank\u0259ndi \u015f\u0259h\u0259rind\u0259 dekabr\u0131n 26-da ke\u00e7irilm\u0259si n\u0259z\u0259rd\u0259 tutulan &#8220;Q\u0131\u015f na\u011f\u0131l\u0131&#8221; yarmarkas\u0131 qeyri-m\u00fc\u0259yy\u0259n vaxtad\u0259k t\u0259xir\u0259 sal\u0131n\u0131b.<\/p>\n<p>Xat\u0131rladaq ki, dekabr\u0131n 25-d\u0259 Bak\u0131-Qrozn\u0131 reysini yerin\u0259 yetir\u0259n&#8221;Az\u0259rbaycan Hava Yollar\u0131\u201d avia\u015firk\u0259tin\u0259 (AZAL) m\u0259xsus \u201cEmbraer 190\u201d tipli s\u0259rni\u015fin t\u0259yyar\u0259sinin q\u0259zaya u\u011framas\u0131 n\u0259tic\u0259sind\u0259 \u00e7oxsayl\u0131 insan t\u0259l\u0259fat\u0131 il\u0259 \u0259laq\u0259dar olaraq dekabr\u0131n 26-da Az\u0259rbaycanda mat\u0259m elan edilib.<\/p>\n<p>T\u0259yyar\u0259 q\u0259zas\u0131nda h\u0259yat\u0131n\u0131 itirmi\u015f insanlara Allahdan r\u0259hm\u0259t, yaral\u0131lara is\u0259 \u015f\u0259fa dil\u0259yirik.<\/p>\n<p><img loading=\"lazy\" class=\"alignnone size-medium wp-image-777261\" src=\"https:\/\/arantv.az\/wp-content\/uploads\/2024\/12\/IMG-20241226-WA0030-485x365.jpg\" alt=\"\" width=\"485\" height=\"365\" \/> <img loading=\"lazy\" class=\"alignnone size-medium wp-image-777262\" src=\"https:\/\/arantv.az\/wp-content\/uploads\/2024\/12\/IMG-20241226-WA0028-485x365.jpg\" alt=\"\" width=\"485\" height=\"365\" \/> <img loading=\"lazy\" class=\"alignnone size-medium wp-image-777263\" src=\"https:\/\/arantv.az\/wp-content\/uploads\/2024\/12\/IMG-20241226-WA0029-485x365.jpg\" alt=\"\" width=\"485\" height=\"365\" \/> <img loading=\"lazy\" class=\"alignnone size-medium wp-image-777264\" src=\"https:\/\/arantv.az\/wp-content\/uploads\/2024\/12\/IMG-20241226-WA0027-485x365.jpg\" alt=\"\" width=\"485\" height=\"365\" \/> <img loading=\"lazy\" class=\"alignnone size-medium wp-image-777265\" src=\"https:\/\/arantv.az\/wp-content\/uploads\/2024\/12\/IMG-20241226-WA0026-485x365.jpg\" alt=\"\" width=\"485\" height=\"365\" \/> <img loading=\"lazy\" class=\"alignnone size-medium wp-image-777266\" src=\"https:\/\/arantv.az\/wp-content\/uploads\/2024\/12\/IMG-20241226-WA0025-485x365.jpg\" alt=\"\" width=\"485\" height=\"365\" \/> <img loading=\"lazy\" class=\"alignnone size-medium wp-image-777267\" src=\"https:\/\/arantv.az\/wp-content\/uploads\/2024\/12\/IMG-20241226-WA0024-485x365.jpg\" alt=\"\" width=\"485\" height=\"365\" \/> <img loading=\"lazy\" class=\"alignnone size-medium wp-image-777268\" src=\"https:\/\/arantv.az\/wp-content\/uploads\/2024\/12\/IMG-20241226-WA0022-485x365.jpg\" alt=\"\" width=\"485\" height=\"365\" \/> <img loading=\"lazy\" class=\"alignnone size-medium wp-image-777269\" src=\"https:\/\/arantv.az\/wp-content\/uploads\/2024\/12\/IMG-20241226-WA0023-485x365.jpg\" alt=\"\" width=\"485\" height=\"365\" \/> <img loading=\"lazy\" class=\"alignnone size-medium wp-image-777271\" src=\"https:\/\/arantv.az\/wp-content\/uploads\/2024\/12\/IMG-20241226-WA0020-485x365.jpg\" alt=\"\" width=\"485\" height=\"365\" \/> <img loading=\"lazy\" class=\"alignnone size-medium wp-image-777272\" src=\"https:\/\/arantv.az\/wp-content\/uploads\/2024\/12\/IMG-20241226-WA0019-485x365.jpg\" alt=\"\" width=\"485\" height=\"365\" \/> <img loading=\"lazy\" class=\"alignnone size-medium wp-image-777273\" src=\"https:\/\/arantv.az\/wp-content\/uploads\/2024\/12\/IMG-20241226-WA0018-487x365.jpg\" alt=\"\" width=\"487\" height=\"365\" \/><\/p>\n","protected":false},"excerpt":{"rendered":"<p>&#8220;Az\u0259rbaycan Hava Yollar\u0131\u201d avia\u015firk\u0259tin\u0259 (AZAL) m\u0259xsus t\u0259yyar\u0259nin Qazax\u0131stan\u0131n Aktau \u015f\u0259h\u0259rind\u0259 q\u0259zaya u\u011framas\u0131 n\u0259tic\u0259sind\u0259 h\u0259lak olanlarn \u0259ziz xatir\u0259si dekabr\u0131n 26-da saat 12:00-da \u00f6lk\u0259mizin b\u00fct\u00fcn \u0259razisind\u0259 oldu\u011fu kimi Xank\u0259ndi \u015f\u0259h\u0259rind\u0259 d\u0259 bir d\u0259qiq\u0259lik s\u00fckutla yad olunub. N\u0259qliyyat\u0131n v\u0259 piyadalar\u0131n h\u0259r\u0259k\u0259ti dayand\u0131r\u0131l\u0131b.D\u00f6vl\u0259t bayraqlar\u0131 yar\u0131yad\u0259k endirilib. Ba\u015f vermi\u015f faci\u0259 il\u0259 \u0259laq\u0259dar olaraq Xank\u0259ndi \u015f\u0259h\u0259rind\u0259 dekabr\u0131n 26-da ke\u00e7irilm\u0259si n\u0259z\u0259rd\u0259 tutulan &#8220;Q\u0131\u015f na\u011f\u0131l\u0131&#8221; yarmarkas\u0131 qeyri-m\u00fc\u0259yy\u0259n vaxtad\u0259k t\u0259xir\u0259 sal\u0131n\u0131b. Xat\u0131rladaq ki, dekabr\u0131n 25-d\u0259 Bak\u0131-Qrozn\u0131 reysini yerin\u0259 yetir\u0259n&#8221;Az\u0259rbaycan Hava Yollar\u0131\u201d avia\u015firk\u0259tin\u0259 (AZAL) m\u0259xsus \u201cEmbraer 190\u201d tipli s\u0259rni\u015fin t\u0259yyar\u0259sinin q\u0259zaya u\u011framas\u0131 n\u0259tic\u0259sind\u0259 \u00e7oxsayl\u0131 insan t\u0259l\u0259fat\u0131 il\u0259 \u0259laq\u0259dar olaraq dekabr\u0131n&hellip;<\/p>\n","protected":false},"author":2,"featured_media":777265,"comment_status":"closed","ping_status":"closed","sticky":false,"template":"","format":"standard","meta":{"om_disable_all_campaigns":false,"_monsterinsights_skip_tracking":false,"_monsterinsights_sitenote_active":false,"_monsterinsights_sitenote_note":"","_monsterinsights_sitenote_category":0},"categories":[1],"tags":[],"aioseo_notices":[],"gutentor_comment":0,"rttpg_featured_image_url":{"full":["https:\/\/arantv.az\/wp-content\/uploads\/2024\/12\/IMG-20241226-WA0026.jpg",1200,903,false],"landscape":["https:\/\/arantv.az\/wp-content\/uploads\/2024\/12\/IMG-20241226-WA0026.jpg",1200,903,false],"portraits":["https:\/\/arantv.az\/wp-content\/uploads\/2024\/12\/IMG-20241226-WA0026.jpg",1200,903,false],"thumbnail":["https:\/\/arantv.az\/wp-content\/uploads\/2024\/12\/IMG-20241226-WA0026-500x280.jpg",500,280,true],"medium":["https:\/\/arantv.az\/wp-content\/uploads\/2024\/12\/IMG-20241226-WA0026-485x365.jpg",485,365,true],"large":["https:\/\/arantv.az\/wp-content\/uploads\/2024\/12\/IMG-20241226-WA0026-840x632.jpg",640,482,true],"1536x1536":["https:\/\/arantv.az\/wp-content\/uploads\/2024\/12\/IMG-20241226-WA0026.jpg",1200,903,false],"2048x2048":["https:\/\/arantv.az\/wp-content\/uploads\/2024\/12\/IMG-20241226-WA0026.jpg",1200,903,false],"post-thumbnail":["https:\/\/arantv.az\/wp-content\/uploads\/2024\/12\/IMG-20241226-WA0026-240x172.jpg",240,172,true],"advps-thumb-one":["https:\/\/arantv.az\/wp-content\/uploads\/2024\/12\/IMG-20241226-WA0026-1200x620.jpg",1200,620,true]},"rttpg_author":{"display_name":"V\u00fcsal Rafiqo\u011flu","author_link":"https:\/\/arantv.az\/?author=2"},"rttpg_comment":0,"rttpg_category":"<a href=\"https:\/\/arantv.az\/?cat=1\" rel=\"category\">C\u0259miyy\u0259t<\/a>","rttpg_excerpt":"&#8220;Az\u0259rbaycan Hava Yollar\u0131\u201d avia\u015firk\u0259tin\u0259 (AZAL) m\u0259xsus t\u0259yyar\u0259nin Qazax\u0131stan\u0131n Aktau \u015f\u0259h\u0259rind\u0259 q\u0259zaya u\u011framas\u0131 n\u0259tic\u0259sind\u0259 h\u0259lak olanlarn \u0259ziz xatir\u0259si dekabr\u0131n 26-da saat 12:00-da \u00f6lk\u0259mizin b\u00fct\u00fcn \u0259razisind\u0259 oldu\u011fu kimi Xank\u0259ndi \u015f\u0259h\u0259rind\u0259 d\u0259 bir d\u0259qiq\u0259lik s\u00fckutla yad olunub. N\u0259qliyyat\u0131n v\u0259 piyadalar\u0131n h\u0259r\u0259k\u0259ti dayand\u0131r\u0131l\u0131b.D\u00f6vl\u0259t bayraqlar\u0131 yar\u0131yad\u0259k endirilib. Ba\u015f vermi\u015f faci\u0259 il\u0259 \u0259laq\u0259dar olaraq Xank\u0259ndi \u015f\u0259h\u0259rind\u0259 dekabr\u0131n 26-da ke\u00e7irilm\u0259si n\u0259z\u0259rd\u0259 tutulan&hellip;","_links":{"self":[{"href":"https:\/\/arantv.az\/index.php?rest_route=\/wp\/v2\/posts\/777260"}],"collection":[{"href":"https:\/\/arantv.az\/index.php?rest_route=\/wp\/v2\/posts"}],"about":[{"href":"https:\/\/arantv.az\/index.php?rest_route=\/wp\/v2\/types\/post"}],"author":[{"embeddable":true,"href":"https:\/\/arantv.az\/index.php?rest_route=\/wp\/v2\/users\/2"}],"replies":[{"embeddable":true,"href":"https:\/\/arantv.az\/index.php?rest_route=%2Fwp%2Fv2%2Fcomments&post=777260"}],"version-history":[{"count":2,"href":"https:\/\/arantv.az\/index.php?rest_route=\/wp\/v2\/posts\/777260\/revisions"}],"predecessor-version":[{"id":777278,"href":"https:\/\/arantv.az\/index.php?rest_route=\/wp\/v2\/posts\/777260\/revisions\/777278"}],"wp:featuredmedia":[{"embeddable":true,"href":"https:\/\/arantv.az\/index.php?rest_route=\/wp\/v2\/media\/777265"}],"wp:attachment":[{"href":"https:\/\/arantv.az\/index.php?rest_route=%2Fwp%2Fv2%2Fmedia&parent=777260"}],"wp:term":[{"taxonomy":"category","embeddable":true,"href":"https:\/\/arantv.az\/index.php?rest_route=%2Fwp%2Fv2%2Fcategories&post=777260"},{"taxonomy":"post_tag","embeddable":true,"href":"https:\/\/arantv.az\/index.php?rest_route=%2Fwp%2Fv2%2Ftags&post=777260"}],"curies":[{"name":"wp","href":"https:\/\/api.w.org\/{rel}","templated":true}]}}