{"id":777280,"date":"2024-12-26T17:18:16","date_gmt":"2024-12-26T13:18:16","guid":{"rendered":"https:\/\/arantv.az\/?p=777280"},"modified":"2024-12-26T17:18:16","modified_gmt":"2024-12-26T13:18:16","slug":"xocaliya-novb%c9%99ti-koc-olacaq","status":"publish","type":"post","link":"https:\/\/arantv.az\/?p=777280","title":{"rendered":"Xocal\u0131ya n\u00f6vb\u0259ti k\u00f6\u00e7 olacaq\u00a0"},"content":{"rendered":"<p>Xocal\u0131 rayonunun Ball\u0131ca k\u0259ndin\u0259 ikinci k\u00f6\u00e7 olacaq.<\/p>\n<p>&nbsp;<\/p>\n<p>K\u00f6\u00e7 sabah &#8211; dekabr\u0131n 27-d\u0259 D\u00fcnya Az\u0259rbaycanl\u0131lar\u0131n\u0131n H\u0259mr\u0259ylik G\u00fcn\u00fc v\u0259 Yeni il bayram\u0131 \u0259r\u0259f\u0259sind\u0259 ba\u015f tutacaq. Sabah Ball\u0131ca k\u0259ndin\u0259 21 ail\u0259nin y\u0259ni 119 n\u0259f\u0259rin k\u00f6\u00e7\u00fcr\u00fclm\u0259si n\u0259z\u0259rd\u0259 tutulur. Ke\u00e7mi\u015f m\u0259cburi k\u00f6\u00e7k\u00fcnl\u0259r 32 ild\u0259n sonra ilk d\u0259f\u0259 olaraq h\u0259r iki bayram\u0131 \u00f6z do\u011fma torpaqlar\u0131nda qeyd ed\u0259c\u0259kl\u0259r.<\/p>\n<p>&nbsp;<\/p>\n<p>B\u00f6y\u00fck qay\u0131d\u0131\u015fla ba\u011fl\u0131 k\u0259ndd\u0259 b\u00fct\u00fcn infrastruktur yenid\u0259n qurulub. K\u0259nd elektrik enerjisi, i\u00e7m\u0259li su, t\u0259bii qaz v\u0259 s\u00fcr\u0259tli internetl\u0259 t\u0259min olunub.<\/p>\n<p>&nbsp;<\/p>\n<p>\u00d6lk\u0259nin m\u00fcxt\u0259lif \u0259razil\u0259rind\u0259 \u00e7\u0259tin \u015f\u0259raitd\u0259 m\u00fcv\u0259qq\u0259ti m\u0259skunla\u015fan ke\u00e7mi\u015f m\u0259cburi k\u00f6\u00e7k\u00fcnl\u0259r k\u0259nd\u0259 yola sal\u0131nacaq.<\/p>\n<p>&nbsp;<\/p>\n<p>Qeyd ed\u0259k ki, Ball\u0131ca k\u0259ndi 1992-ci ild\u0259 Erm\u0259nistan ordusu t\u0259r\u0259find\u0259n i\u015f\u011fal edilib. K\u0259nd 19-20 sentyabr 2023-c\u00fc ild\u0259 apar\u0131lan lokal xarakterli antiterror \u0259m\u0259liyyat\u0131 n\u0259tic\u0259sind\u0259 azad olunub.<\/p>\n<p>&nbsp;<\/p>\n<p>Xat\u0131rladaq ki, art\u0131q 27 ail\u0259 &#8211; 152 n\u0259f\u0259r Xocal\u0131 rayonunun Ball\u0131ca k\u0259ndin\u0259 k\u00f6\u00e7\u00fcr\u00fcl\u00fcb.<\/p>\n<p><img loading=\"lazy\" class=\"alignnone size-medium wp-image-777281\" src=\"https:\/\/arantv.az\/wp-content\/uploads\/2024\/12\/IMG-20241226-WA0044-487x365.jpg\" alt=\"\" width=\"487\" height=\"365\" \/> <img loading=\"lazy\" class=\"alignnone size-medium wp-image-777282\" src=\"https:\/\/arantv.az\/wp-content\/uploads\/2024\/12\/IMG-20241226-WA0045.jpg\" alt=\"\" width=\"225\" height=\"224\" \/><\/p>\n","protected":false},"excerpt":{"rendered":"<p>Xocal\u0131 rayonunun Ball\u0131ca k\u0259ndin\u0259 ikinci k\u00f6\u00e7 olacaq. &nbsp; K\u00f6\u00e7 sabah &#8211; dekabr\u0131n 27-d\u0259 D\u00fcnya Az\u0259rbaycanl\u0131lar\u0131n\u0131n H\u0259mr\u0259ylik G\u00fcn\u00fc v\u0259 Yeni il bayram\u0131 \u0259r\u0259f\u0259sind\u0259 ba\u015f tutacaq. Sabah Ball\u0131ca k\u0259ndin\u0259 21 ail\u0259nin y\u0259ni 119 n\u0259f\u0259rin k\u00f6\u00e7\u00fcr\u00fclm\u0259si n\u0259z\u0259rd\u0259 tutulur. Ke\u00e7mi\u015f m\u0259cburi k\u00f6\u00e7k\u00fcnl\u0259r 32 ild\u0259n sonra ilk d\u0259f\u0259 olaraq h\u0259r iki bayram\u0131 \u00f6z do\u011fma torpaqlar\u0131nda qeyd ed\u0259c\u0259kl\u0259r. &nbsp; B\u00f6y\u00fck qay\u0131d\u0131\u015fla ba\u011fl\u0131 k\u0259ndd\u0259 b\u00fct\u00fcn infrastruktur yenid\u0259n qurulub. K\u0259nd elektrik enerjisi, i\u00e7m\u0259li su, t\u0259bii qaz v\u0259 s\u00fcr\u0259tli internetl\u0259 t\u0259min olunub. &nbsp; \u00d6lk\u0259nin m\u00fcxt\u0259lif \u0259razil\u0259rind\u0259 \u00e7\u0259tin \u015f\u0259raitd\u0259 m\u00fcv\u0259qq\u0259ti m\u0259skunla\u015fan ke\u00e7mi\u015f m\u0259cburi k\u00f6\u00e7k\u00fcnl\u0259r k\u0259nd\u0259 yola sal\u0131nacaq. &nbsp; Qeyd ed\u0259k&hellip;<\/p>\n","protected":false},"author":2,"featured_media":777281,"comment_status":"closed","ping_status":"closed","sticky":false,"template":"","format":"standard","meta":{"om_disable_all_campaigns":false,"_monsterinsights_skip_tracking":false,"_monsterinsights_sitenote_active":false,"_monsterinsights_sitenote_note":"","_monsterinsights_sitenote_category":0},"categories":[1],"tags":[],"aioseo_notices":[],"gutentor_comment":0,"rttpg_featured_image_url":{"full":["https:\/\/arantv.az\/wp-content\/uploads\/2024\/12\/IMG-20241226-WA0044.jpg",1200,900,false],"landscape":["https:\/\/arantv.az\/wp-content\/uploads\/2024\/12\/IMG-20241226-WA0044.jpg",1200,900,false],"portraits":["https:\/\/arantv.az\/wp-content\/uploads\/2024\/12\/IMG-20241226-WA0044.jpg",1200,900,false],"thumbnail":["https:\/\/arantv.az\/wp-content\/uploads\/2024\/12\/IMG-20241226-WA0044-500x280.jpg",500,280,true],"medium":["https:\/\/arantv.az\/wp-content\/uploads\/2024\/12\/IMG-20241226-WA0044-487x365.jpg",487,365,true],"large":["https:\/\/arantv.az\/wp-content\/uploads\/2024\/12\/IMG-20241226-WA0044-840x630.jpg",640,480,true],"1536x1536":["https:\/\/arantv.az\/wp-content\/uploads\/2024\/12\/IMG-20241226-WA0044.jpg",1200,900,false],"2048x2048":["https:\/\/arantv.az\/wp-content\/uploads\/2024\/12\/IMG-20241226-WA0044.jpg",1200,900,false],"post-thumbnail":["https:\/\/arantv.az\/wp-content\/uploads\/2024\/12\/IMG-20241226-WA0044-240x172.jpg",240,172,true],"advps-thumb-one":["https:\/\/arantv.az\/wp-content\/uploads\/2024\/12\/IMG-20241226-WA0044-1200x620.jpg",1200,620,true]},"rttpg_author":{"display_name":"V\u00fcsal Rafiqo\u011flu","author_link":"https:\/\/arantv.az\/?author=2"},"rttpg_comment":0,"rttpg_category":"<a href=\"https:\/\/arantv.az\/?cat=1\" rel=\"category\">C\u0259miyy\u0259t<\/a>","rttpg_excerpt":"Xocal\u0131 rayonunun Ball\u0131ca k\u0259ndin\u0259 ikinci k\u00f6\u00e7 olacaq. &nbsp; K\u00f6\u00e7 sabah &#8211; dekabr\u0131n 27-d\u0259 D\u00fcnya Az\u0259rbaycanl\u0131lar\u0131n\u0131n H\u0259mr\u0259ylik G\u00fcn\u00fc v\u0259 Yeni il bayram\u0131 \u0259r\u0259f\u0259sind\u0259 ba\u015f tutacaq. Sabah Ball\u0131ca k\u0259ndin\u0259 21 ail\u0259nin y\u0259ni 119 n\u0259f\u0259rin k\u00f6\u00e7\u00fcr\u00fclm\u0259si n\u0259z\u0259rd\u0259 tutulur. Ke\u00e7mi\u015f m\u0259cburi k\u00f6\u00e7k\u00fcnl\u0259r 32 ild\u0259n sonra ilk d\u0259f\u0259 olaraq h\u0259r iki bayram\u0131 \u00f6z do\u011fma torpaqlar\u0131nda qeyd ed\u0259c\u0259kl\u0259r. &nbsp; B\u00f6y\u00fck qay\u0131d\u0131\u015fla&hellip;","_links":{"self":[{"href":"https:\/\/arantv.az\/index.php?rest_route=\/wp\/v2\/posts\/777280"}],"collection":[{"href":"https:\/\/arantv.az\/index.php?rest_route=\/wp\/v2\/posts"}],"about":[{"href":"https:\/\/arantv.az\/index.php?rest_route=\/wp\/v2\/types\/post"}],"author":[{"embeddable":true,"href":"https:\/\/arantv.az\/index.php?rest_route=\/wp\/v2\/users\/2"}],"replies":[{"embeddable":true,"href":"https:\/\/arantv.az\/index.php?rest_route=%2Fwp%2Fv2%2Fcomments&post=777280"}],"version-history":[{"count":1,"href":"https:\/\/arantv.az\/index.php?rest_route=\/wp\/v2\/posts\/777280\/revisions"}],"predecessor-version":[{"id":777283,"href":"https:\/\/arantv.az\/index.php?rest_route=\/wp\/v2\/posts\/777280\/revisions\/777283"}],"wp:featuredmedia":[{"embeddable":true,"href":"https:\/\/arantv.az\/index.php?rest_route=\/wp\/v2\/media\/777281"}],"wp:attachment":[{"href":"https:\/\/arantv.az\/index.php?rest_route=%2Fwp%2Fv2%2Fmedia&parent=777280"}],"wp:term":[{"taxonomy":"category","embeddable":true,"href":"https:\/\/arantv.az\/index.php?rest_route=%2Fwp%2Fv2%2Fcategories&post=777280"},{"taxonomy":"post_tag","embeddable":true,"href":"https:\/\/arantv.az\/index.php?rest_route=%2Fwp%2Fv2%2Ftags&post=777280"}],"curies":[{"name":"wp","href":"https:\/\/api.w.org\/{rel}","templated":true}]}}