{"id":777287,"date":"2024-12-26T18:20:08","date_gmt":"2024-12-26T14:20:08","guid":{"rendered":"https:\/\/arantv.az\/?p=777287"},"modified":"2024-12-26T18:20:08","modified_gmt":"2024-12-26T14:20:08","slug":"olduyu-deyil%c9%99n-zaqatala-sakini-ail%c9%99sin%c9%99-z%c9%99ng-etdi-video","status":"publish","type":"post","link":"https:\/\/arantv.az\/?p=777287","title":{"rendered":"\u00d6ld\u00fcy\u00fc deyil\u0259n Zaqatala sakini ail\u0259sin\u0259 z\u0259ng etdi &#8211; V\u0130DEO"},"content":{"rendered":"<div class=\"text-content\" data-id=\"\" data-url=\"\">\n<p><strong>AZAL-\u0131n Aktau yax\u0131nl\u0131\u011f\u0131nda q\u0259zaya u\u011frayan t\u0259yyar\u0259sind\u0259 \u00f6ld\u00fcy\u00fc g\u00fcman edil\u0259n Zaqatala sakininin sa\u011f oldu\u011fu m\u0259lum olub.<\/strong><\/p>\n<p>Zaqatalan\u0131n Dana\u00e7\u0131 k\u0259nd sakini olan Mahir Carayev x\u0259st\u0259xanadan ail\u0259si il\u0259 \u0259laq\u0259 yarad\u0131b.<\/p>\n<p>O, v\u0259ziyy\u0259tinin yax\u015f\u0131 oldu\u011funu bildirib.<\/p>\n<p>Qeyd ed\u0259k ki, dekabr\u0131n 25-d\u0259 AZAL-\u0131n Bak\u0131-Qrozn\u0131 reysini yerin\u0259 yetir\u0259n \u201cEmbraer 190\u201d t\u0259yyar\u0259si Aktau \u015f\u0259h\u0259rinin 3 km yax\u0131nl\u0131\u011f\u0131nda q\u0259za eni\u015fi edib. G\u00f6y\u0259rt\u0259d\u0259 62 s\u0259rni\u015fin, 5-i ekipaj \u00fczv\u00fc, \u00fcmumilikd\u0259 67 n\u0259f\u0259r olub. Onlardan 38 n\u0259f\u0259ri h\u0259lak olub, 29 n\u0259f\u0259ri sa\u011f qal\u0131b. S\u0259rni\u015finl\u0259rd\u0259n 10 n\u0259f\u0259ri Zaqatala sakini olub.\/Qafqazinfo.az\/<\/p>\n<p><iframe loading=\"lazy\" src=\"https:\/\/qafqazinfo.bax.tv\/embed\/204002.html?utm_source=playerden&amp;utm_medium=paylasim&amp;utm_campaign=son-xeberler\" width=\"700\" height=\"420\" frameborder=\"0\" allowfullscreen=\"allowfullscreen\" data-mce-fragment=\"1\"><\/iframe><\/p>\n<\/div>\n<div><\/div>\n<div><\/div>\n<div class=\"inner-social-box\">\n<div class=\"subs-in-social subs-whatsapp\"><\/div>\n<\/div>\n","protected":false},"excerpt":{"rendered":"<p>AZAL-\u0131n Aktau yax\u0131nl\u0131\u011f\u0131nda q\u0259zaya u\u011frayan t\u0259yyar\u0259sind\u0259 \u00f6ld\u00fcy\u00fc g\u00fcman edil\u0259n Zaqatala sakininin sa\u011f oldu\u011fu m\u0259lum olub. Zaqatalan\u0131n Dana\u00e7\u0131 k\u0259nd sakini olan Mahir Carayev x\u0259st\u0259xanadan ail\u0259si il\u0259 \u0259laq\u0259 yarad\u0131b. O, v\u0259ziyy\u0259tinin yax\u015f\u0131 oldu\u011funu bildirib. Qeyd ed\u0259k ki, dekabr\u0131n 25-d\u0259 AZAL-\u0131n Bak\u0131-Qrozn\u0131 reysini yerin\u0259 yetir\u0259n \u201cEmbraer 190\u201d t\u0259yyar\u0259si Aktau \u015f\u0259h\u0259rinin 3 km yax\u0131nl\u0131\u011f\u0131nda q\u0259za eni\u015fi edib. G\u00f6y\u0259rt\u0259d\u0259 62 s\u0259rni\u015fin, 5-i ekipaj \u00fczv\u00fc, \u00fcmumilikd\u0259 67 n\u0259f\u0259r olub. Onlardan 38 n\u0259f\u0259ri h\u0259lak olub, 29 n\u0259f\u0259ri sa\u011f qal\u0131b. S\u0259rni\u015finl\u0259rd\u0259n 10 n\u0259f\u0259ri Zaqatala sakini olub.\/Qafqazinfo.az\/<\/p>\n","protected":false},"author":2,"featured_media":777288,"comment_status":"closed","ping_status":"closed","sticky":false,"template":"","format":"standard","meta":{"om_disable_all_campaigns":false,"_monsterinsights_skip_tracking":false,"_monsterinsights_sitenote_active":false,"_monsterinsights_sitenote_note":"","_monsterinsights_sitenote_category":0},"categories":[1],"tags":[],"aioseo_notices":[],"gutentor_comment":0,"rttpg_featured_image_url":{"full":["https:\/\/arantv.az\/wp-content\/uploads\/2024\/12\/33181235864d9a65c9cef6d0b8fe65c4.png",637,400,false],"landscape":["https:\/\/arantv.az\/wp-content\/uploads\/2024\/12\/33181235864d9a65c9cef6d0b8fe65c4.png",637,400,false],"portraits":["https:\/\/arantv.az\/wp-content\/uploads\/2024\/12\/33181235864d9a65c9cef6d0b8fe65c4.png",637,400,false],"thumbnail":["https:\/\/arantv.az\/wp-content\/uploads\/2024\/12\/33181235864d9a65c9cef6d0b8fe65c4-500x280.png",500,280,true],"medium":["https:\/\/arantv.az\/wp-content\/uploads\/2024\/12\/33181235864d9a65c9cef6d0b8fe65c4-581x365.png",581,365,true],"large":["https:\/\/arantv.az\/wp-content\/uploads\/2024\/12\/33181235864d9a65c9cef6d0b8fe65c4.png",637,400,false],"1536x1536":["https:\/\/arantv.az\/wp-content\/uploads\/2024\/12\/33181235864d9a65c9cef6d0b8fe65c4.png",637,400,false],"2048x2048":["https:\/\/arantv.az\/wp-content\/uploads\/2024\/12\/33181235864d9a65c9cef6d0b8fe65c4.png",637,400,false],"post-thumbnail":["https:\/\/arantv.az\/wp-content\/uploads\/2024\/12\/33181235864d9a65c9cef6d0b8fe65c4-240x172.png",240,172,true],"advps-thumb-one":["https:\/\/arantv.az\/wp-content\/uploads\/2024\/12\/33181235864d9a65c9cef6d0b8fe65c4.png",637,400,false]},"rttpg_author":{"display_name":"V\u00fcsal Rafiqo\u011flu","author_link":"https:\/\/arantv.az\/?author=2"},"rttpg_comment":0,"rttpg_category":"<a href=\"https:\/\/arantv.az\/?cat=1\" rel=\"category\">C\u0259miyy\u0259t<\/a>","rttpg_excerpt":"AZAL-\u0131n Aktau yax\u0131nl\u0131\u011f\u0131nda q\u0259zaya u\u011frayan t\u0259yyar\u0259sind\u0259 \u00f6ld\u00fcy\u00fc g\u00fcman edil\u0259n Zaqatala sakininin sa\u011f oldu\u011fu m\u0259lum olub. Zaqatalan\u0131n Dana\u00e7\u0131 k\u0259nd sakini olan Mahir Carayev x\u0259st\u0259xanadan ail\u0259si il\u0259 \u0259laq\u0259 yarad\u0131b. O, v\u0259ziyy\u0259tinin yax\u015f\u0131 oldu\u011funu bildirib. Qeyd ed\u0259k ki, dekabr\u0131n 25-d\u0259 AZAL-\u0131n Bak\u0131-Qrozn\u0131 reysini yerin\u0259 yetir\u0259n \u201cEmbraer 190\u201d t\u0259yyar\u0259si Aktau \u015f\u0259h\u0259rinin 3 km yax\u0131nl\u0131\u011f\u0131nda q\u0259za eni\u015fi edib. G\u00f6y\u0259rt\u0259d\u0259 62&hellip;","_links":{"self":[{"href":"https:\/\/arantv.az\/index.php?rest_route=\/wp\/v2\/posts\/777287"}],"collection":[{"href":"https:\/\/arantv.az\/index.php?rest_route=\/wp\/v2\/posts"}],"about":[{"href":"https:\/\/arantv.az\/index.php?rest_route=\/wp\/v2\/types\/post"}],"author":[{"embeddable":true,"href":"https:\/\/arantv.az\/index.php?rest_route=\/wp\/v2\/users\/2"}],"replies":[{"embeddable":true,"href":"https:\/\/arantv.az\/index.php?rest_route=%2Fwp%2Fv2%2Fcomments&post=777287"}],"version-history":[{"count":1,"href":"https:\/\/arantv.az\/index.php?rest_route=\/wp\/v2\/posts\/777287\/revisions"}],"predecessor-version":[{"id":777289,"href":"https:\/\/arantv.az\/index.php?rest_route=\/wp\/v2\/posts\/777287\/revisions\/777289"}],"wp:featuredmedia":[{"embeddable":true,"href":"https:\/\/arantv.az\/index.php?rest_route=\/wp\/v2\/media\/777288"}],"wp:attachment":[{"href":"https:\/\/arantv.az\/index.php?rest_route=%2Fwp%2Fv2%2Fmedia&parent=777287"}],"wp:term":[{"taxonomy":"category","embeddable":true,"href":"https:\/\/arantv.az\/index.php?rest_route=%2Fwp%2Fv2%2Fcategories&post=777287"},{"taxonomy":"post_tag","embeddable":true,"href":"https:\/\/arantv.az\/index.php?rest_route=%2Fwp%2Fv2%2Ftags&post=777287"}],"curies":[{"name":"wp","href":"https:\/\/api.w.org\/{rel}","templated":true}]}}