{"id":777290,"date":"2024-12-26T18:24:38","date_gmt":"2024-12-26T14:24:38","guid":{"rendered":"https:\/\/arantv.az\/?p=777290"},"modified":"2024-12-26T18:24:38","modified_gmt":"2024-12-26T14:24:38","slug":"14-yarali-v%c9%99t%c9%99ndasimiz-bakiya-yola-salindi-fotolar","status":"publish","type":"post","link":"https:\/\/arantv.az\/?p=777290","title":{"rendered":"14 yaral\u0131 v\u0259t\u0259nda\u015f\u0131m\u0131z Bak\u0131ya yola sal\u0131nd\u0131 &#8211; FOTOLAR"},"content":{"rendered":"<p><strong>\u201cAz\u0259rbaycan Hava Yollar\u0131\u201dna m\u0259xsus t\u0259yyar\u0259nin Aktau \u015f\u0259h\u0259ri yax\u0131nl\u0131\u011f\u0131nda q\u0259zaya u\u011framas\u0131 n\u0259tic\u0259sind\u0259 yaralanan 1-i u\u015faq olmaqla, 14 z\u0259r\u0259r\u00e7\u0259k\u0259n v\u0259t\u0259nda\u015f\u0131m\u0131z dekabr\u0131n 26-da Mangistau regional x\u0259st\u0259xanas\u0131ndan \u00e7\u0131xar\u0131laraq \u00f6lk\u0259miz\u0259 yola sal\u0131n\u0131b.<\/strong><\/p>\n<p><strong>ARANTV.AZ<\/strong> x\u0259b\u0259r verir ki, onlar Az\u0259rbaycan S\u0259hiyy\u0259 Nazirliyinin \u0259m\u0259kda\u015flar\u0131n\u0131n m\u00fc\u015fayi\u0259ti il\u0259 yola d\u00fc\u015f\u00fcbl\u0259r.<\/p>\n<p>Xat\u0131rladaq ki, dekabr\u0131n 25-d\u0259 \u201cAz\u0259rbaycan Hava Yollar\u0131\u201d avia\u015firk\u0259tinin J2-8243 n\u00f6mr\u0259li Bak\u0131-Qrozn\u0131 reysini yerin\u0259 yetir\u0259n \u201cEmbraer 190\u201d t\u0259yyar\u0259si Aktau \u015f\u0259h\u0259rinin yax\u0131nl\u0131\u011f\u0131nda q\u0259zaya u\u011fray\u0131b. Hadis\u0259 n\u0259tic\u0259sind\u0259 38 n\u0259f\u0259r h\u0259lak olub, 29 n\u0259f\u0259r is\u0259 yaralan\u0131b.<\/p>\n<div><img class=\"img-responsive\" title=\"\" src=\"https:\/\/qafqazinfo.az\/uploads\/1735218183\/1735217964406626613_1200x6301.jpg\" alt=\"\" \/><br \/>\n<img class=\"img-responsive\" title=\"\" src=\"https:\/\/qafqazinfo.az\/uploads\/1735218183\/1735217964195787771_1200x6301.jpg\" alt=\"\" \/><br \/>\n<img class=\"img-responsive\" title=\"\" src=\"https:\/\/qafqazinfo.az\/uploads\/1735218183\/17352179642220421637_1200x6301.jpg\" alt=\"\" \/><br \/>\n<img class=\"img-responsive\" title=\"\" src=\"https:\/\/qafqazinfo.az\/uploads\/1735218183\/17352179643111564415_1200x630.jpg\" alt=\"\" \/><br \/>\n<img class=\"img-responsive\" title=\"\" src=\"https:\/\/qafqazinfo.az\/uploads\/1735218183\/1735217964341864258_1200x6301.jpg\" alt=\"\" \/><br \/>\n<img class=\"img-responsive\" title=\"\" src=\"https:\/\/qafqazinfo.az\/uploads\/1735218183\/17352179644286961675_1200x6301.jpg\" alt=\"\" \/><br \/>\n<img class=\"img-responsive\" title=\"\" src=\"https:\/\/qafqazinfo.az\/uploads\/1735218183\/17352179644322555005_1200x6301.jpg\" alt=\"\" \/><br \/>\n<img class=\"img-responsive\" title=\"\" src=\"https:\/\/qafqazinfo.az\/uploads\/1735218183\/1735217964496111397_1200x6301.jpg\" alt=\"\" \/><\/div>\n","protected":false},"excerpt":{"rendered":"<p>\u201cAz\u0259rbaycan Hava Yollar\u0131\u201dna m\u0259xsus t\u0259yyar\u0259nin Aktau \u015f\u0259h\u0259ri yax\u0131nl\u0131\u011f\u0131nda q\u0259zaya u\u011framas\u0131 n\u0259tic\u0259sind\u0259 yaralanan 1-i u\u015faq olmaqla, 14 z\u0259r\u0259r\u00e7\u0259k\u0259n v\u0259t\u0259nda\u015f\u0131m\u0131z dekabr\u0131n 26-da Mangistau regional x\u0259st\u0259xanas\u0131ndan \u00e7\u0131xar\u0131laraq \u00f6lk\u0259miz\u0259 yola sal\u0131n\u0131b. ARANTV.AZ x\u0259b\u0259r verir ki, onlar Az\u0259rbaycan S\u0259hiyy\u0259 Nazirliyinin \u0259m\u0259kda\u015flar\u0131n\u0131n m\u00fc\u015fayi\u0259ti il\u0259 yola d\u00fc\u015f\u00fcbl\u0259r. Xat\u0131rladaq ki, dekabr\u0131n 25-d\u0259 \u201cAz\u0259rbaycan Hava Yollar\u0131\u201d avia\u015firk\u0259tinin J2-8243 n\u00f6mr\u0259li Bak\u0131-Qrozn\u0131 reysini yerin\u0259 yetir\u0259n \u201cEmbraer 190\u201d t\u0259yyar\u0259si Aktau \u015f\u0259h\u0259rinin yax\u0131nl\u0131\u011f\u0131nda q\u0259zaya u\u011fray\u0131b. Hadis\u0259 n\u0259tic\u0259sind\u0259 38 n\u0259f\u0259r h\u0259lak olub, 29 n\u0259f\u0259r is\u0259 yaralan\u0131b.<\/p>\n","protected":false},"author":2,"featured_media":777291,"comment_status":"closed","ping_status":"closed","sticky":false,"template":"","format":"standard","meta":{"om_disable_all_campaigns":false,"_monsterinsights_skip_tracking":false,"_monsterinsights_sitenote_active":false,"_monsterinsights_sitenote_note":"","_monsterinsights_sitenote_category":0},"categories":[1],"tags":[],"aioseo_notices":[],"gutentor_comment":0,"rttpg_featured_image_url":{"full":["https:\/\/arantv.az\/wp-content\/uploads\/2024\/12\/ef359b51bb8cafdff6a7cd723e60d7d4.jpg",637,400,false],"landscape":["https:\/\/arantv.az\/wp-content\/uploads\/2024\/12\/ef359b51bb8cafdff6a7cd723e60d7d4.jpg",637,400,false],"portraits":["https:\/\/arantv.az\/wp-content\/uploads\/2024\/12\/ef359b51bb8cafdff6a7cd723e60d7d4.jpg",637,400,false],"thumbnail":["https:\/\/arantv.az\/wp-content\/uploads\/2024\/12\/ef359b51bb8cafdff6a7cd723e60d7d4-500x280.jpg",500,280,true],"medium":["https:\/\/arantv.az\/wp-content\/uploads\/2024\/12\/ef359b51bb8cafdff6a7cd723e60d7d4-581x365.jpg",581,365,true],"large":["https:\/\/arantv.az\/wp-content\/uploads\/2024\/12\/ef359b51bb8cafdff6a7cd723e60d7d4.jpg",637,400,false],"1536x1536":["https:\/\/arantv.az\/wp-content\/uploads\/2024\/12\/ef359b51bb8cafdff6a7cd723e60d7d4.jpg",637,400,false],"2048x2048":["https:\/\/arantv.az\/wp-content\/uploads\/2024\/12\/ef359b51bb8cafdff6a7cd723e60d7d4.jpg",637,400,false],"post-thumbnail":["https:\/\/arantv.az\/wp-content\/uploads\/2024\/12\/ef359b51bb8cafdff6a7cd723e60d7d4-240x172.jpg",240,172,true],"advps-thumb-one":["https:\/\/arantv.az\/wp-content\/uploads\/2024\/12\/ef359b51bb8cafdff6a7cd723e60d7d4.jpg",637,400,false]},"rttpg_author":{"display_name":"V\u00fcsal Rafiqo\u011flu","author_link":"https:\/\/arantv.az\/?author=2"},"rttpg_comment":0,"rttpg_category":"<a href=\"https:\/\/arantv.az\/?cat=1\" rel=\"category\">C\u0259miyy\u0259t<\/a>","rttpg_excerpt":"\u201cAz\u0259rbaycan Hava Yollar\u0131\u201dna m\u0259xsus t\u0259yyar\u0259nin Aktau \u015f\u0259h\u0259ri yax\u0131nl\u0131\u011f\u0131nda q\u0259zaya u\u011framas\u0131 n\u0259tic\u0259sind\u0259 yaralanan 1-i u\u015faq olmaqla, 14 z\u0259r\u0259r\u00e7\u0259k\u0259n v\u0259t\u0259nda\u015f\u0131m\u0131z dekabr\u0131n 26-da Mangistau regional x\u0259st\u0259xanas\u0131ndan \u00e7\u0131xar\u0131laraq \u00f6lk\u0259miz\u0259 yola sal\u0131n\u0131b. ARANTV.AZ x\u0259b\u0259r verir ki, onlar Az\u0259rbaycan S\u0259hiyy\u0259 Nazirliyinin \u0259m\u0259kda\u015flar\u0131n\u0131n m\u00fc\u015fayi\u0259ti il\u0259 yola d\u00fc\u015f\u00fcbl\u0259r. Xat\u0131rladaq ki, dekabr\u0131n 25-d\u0259 \u201cAz\u0259rbaycan Hava Yollar\u0131\u201d avia\u015firk\u0259tinin J2-8243 n\u00f6mr\u0259li Bak\u0131-Qrozn\u0131 reysini yerin\u0259 yetir\u0259n \u201cEmbraer&hellip;","_links":{"self":[{"href":"https:\/\/arantv.az\/index.php?rest_route=\/wp\/v2\/posts\/777290"}],"collection":[{"href":"https:\/\/arantv.az\/index.php?rest_route=\/wp\/v2\/posts"}],"about":[{"href":"https:\/\/arantv.az\/index.php?rest_route=\/wp\/v2\/types\/post"}],"author":[{"embeddable":true,"href":"https:\/\/arantv.az\/index.php?rest_route=\/wp\/v2\/users\/2"}],"replies":[{"embeddable":true,"href":"https:\/\/arantv.az\/index.php?rest_route=%2Fwp%2Fv2%2Fcomments&post=777290"}],"version-history":[{"count":1,"href":"https:\/\/arantv.az\/index.php?rest_route=\/wp\/v2\/posts\/777290\/revisions"}],"predecessor-version":[{"id":777292,"href":"https:\/\/arantv.az\/index.php?rest_route=\/wp\/v2\/posts\/777290\/revisions\/777292"}],"wp:featuredmedia":[{"embeddable":true,"href":"https:\/\/arantv.az\/index.php?rest_route=\/wp\/v2\/media\/777291"}],"wp:attachment":[{"href":"https:\/\/arantv.az\/index.php?rest_route=%2Fwp%2Fv2%2Fmedia&parent=777290"}],"wp:term":[{"taxonomy":"category","embeddable":true,"href":"https:\/\/arantv.az\/index.php?rest_route=%2Fwp%2Fv2%2Fcategories&post=777290"},{"taxonomy":"post_tag","embeddable":true,"href":"https:\/\/arantv.az\/index.php?rest_route=%2Fwp%2Fv2%2Ftags&post=777290"}],"curies":[{"name":"wp","href":"https:\/\/api.w.org\/{rel}","templated":true}]}}