{"id":777297,"date":"2024-12-26T18:29:35","date_gmt":"2024-12-26T14:29:35","guid":{"rendered":"https:\/\/arantv.az\/?p=777297"},"modified":"2024-12-26T18:29:35","modified_gmt":"2024-12-26T14:29:35","slug":"hava-il%c9%99-baglix%c9%99b%c9%99rdarliq-novb%c9%99ti-iki-gund%c9%99","status":"publish","type":"post","link":"https:\/\/arantv.az\/?p=777297","title":{"rendered":"Hava il\u0259 ba\u011fl\u0131X\u018fB\u018fRDARLIQ &#8211; N\u00f6vb\u0259ti iki g\u00fcnd\u0259&#8230;"},"content":{"rendered":"<p><strong>Bak\u0131da v\u0259 Ab\u015feron yar\u0131madas\u0131nda dekabr\u0131n 27-d\u0259n 29-u s\u0259h\u0259r\u0259d\u0259k fasil\u0259l\u0259rl\u0259 ya\u011f\u0131\u015f ya\u011faca\u011f\u0131 g\u00f6zl\u0259nilir.<\/strong><\/p>\n<p><strong>ARANTV.AZ<\/strong>\u00a0x\u0259b\u0259r verir ki, bu bar\u0259d\u0259 Milli Hidrometeorologiya Xidm\u0259ti m\u0259lumat yay\u0131b.<\/p>\n<p>Qeyd edilib ki, yar\u0131madan\u0131n b\u0259zi yerl\u0259rind\u0259 ya\u011f\u0131nt\u0131lar\u0131n q\u0131sam\u00fcdd\u0259tli intensivl\u0259\u015f\u0259c\u0259yi ehtimal\u0131 var.<\/p>\n<p>Dekabr\u0131n 27-si ax\u015fam Az\u0259rbaycan\u0131n q\u0259rb rayonlar\u0131ndan ba\u015flayaraq 29-u s\u0259h\u0259r\u0259d\u0259k hava \u015f\u0259raitinin arabir ya\u011f\u0131nt\u0131l\u0131 olaca\u011f\u0131, da\u011fl\u0131q v\u0259 da\u011f\u0259t\u0259yi rayonlarda qar ya\u011faca\u011f\u0131 g\u00f6zl\u0259nilir.<\/p>\n<p>Ayr\u0131-ayr\u0131 yerl\u0259rd\u0259 ya\u011f\u0131nt\u0131n\u0131n intensivl\u0259\u015f\u0259c\u0259yi ehtimal\u0131 var.<\/p>\n","protected":false},"excerpt":{"rendered":"<p>Bak\u0131da v\u0259 Ab\u015feron yar\u0131madas\u0131nda dekabr\u0131n 27-d\u0259n 29-u s\u0259h\u0259r\u0259d\u0259k fasil\u0259l\u0259rl\u0259 ya\u011f\u0131\u015f ya\u011faca\u011f\u0131 g\u00f6zl\u0259nilir. ARANTV.AZ\u00a0x\u0259b\u0259r verir ki, bu bar\u0259d\u0259 Milli Hidrometeorologiya Xidm\u0259ti m\u0259lumat yay\u0131b. Qeyd edilib ki, yar\u0131madan\u0131n b\u0259zi yerl\u0259rind\u0259 ya\u011f\u0131nt\u0131lar\u0131n q\u0131sam\u00fcdd\u0259tli intensivl\u0259\u015f\u0259c\u0259yi ehtimal\u0131 var. Dekabr\u0131n 27-si ax\u015fam Az\u0259rbaycan\u0131n q\u0259rb rayonlar\u0131ndan ba\u015flayaraq 29-u s\u0259h\u0259r\u0259d\u0259k hava \u015f\u0259raitinin arabir ya\u011f\u0131nt\u0131l\u0131 olaca\u011f\u0131, da\u011fl\u0131q v\u0259 da\u011f\u0259t\u0259yi rayonlarda qar ya\u011faca\u011f\u0131 g\u00f6zl\u0259nilir. Ayr\u0131-ayr\u0131 yerl\u0259rd\u0259 ya\u011f\u0131nt\u0131n\u0131n intensivl\u0259\u015f\u0259c\u0259yi ehtimal\u0131 var.<\/p>\n","protected":false},"author":2,"featured_media":777298,"comment_status":"closed","ping_status":"closed","sticky":false,"template":"","format":"standard","meta":{"om_disable_all_campaigns":false,"_monsterinsights_skip_tracking":false,"_monsterinsights_sitenote_active":false,"_monsterinsights_sitenote_note":"","_monsterinsights_sitenote_category":0},"categories":[22],"tags":[],"aioseo_notices":[],"gutentor_comment":0,"rttpg_featured_image_url":{"full":["https:\/\/arantv.az\/wp-content\/uploads\/2024\/12\/ec5e0622a356c1165462bd8ab38cf7ec.jpg",850,500,false],"landscape":["https:\/\/arantv.az\/wp-content\/uploads\/2024\/12\/ec5e0622a356c1165462bd8ab38cf7ec.jpg",850,500,false],"portraits":["https:\/\/arantv.az\/wp-content\/uploads\/2024\/12\/ec5e0622a356c1165462bd8ab38cf7ec.jpg",850,500,false],"thumbnail":["https:\/\/arantv.az\/wp-content\/uploads\/2024\/12\/ec5e0622a356c1165462bd8ab38cf7ec-500x280.jpg",500,280,true],"medium":["https:\/\/arantv.az\/wp-content\/uploads\/2024\/12\/ec5e0622a356c1165462bd8ab38cf7ec-621x365.jpg",621,365,true],"large":["https:\/\/arantv.az\/wp-content\/uploads\/2024\/12\/ec5e0622a356c1165462bd8ab38cf7ec-840x494.jpg",640,376,true],"1536x1536":["https:\/\/arantv.az\/wp-content\/uploads\/2024\/12\/ec5e0622a356c1165462bd8ab38cf7ec.jpg",850,500,false],"2048x2048":["https:\/\/arantv.az\/wp-content\/uploads\/2024\/12\/ec5e0622a356c1165462bd8ab38cf7ec.jpg",850,500,false],"post-thumbnail":["https:\/\/arantv.az\/wp-content\/uploads\/2024\/12\/ec5e0622a356c1165462bd8ab38cf7ec-240x172.jpg",240,172,true],"advps-thumb-one":["https:\/\/arantv.az\/wp-content\/uploads\/2024\/12\/ec5e0622a356c1165462bd8ab38cf7ec.jpg",850,500,false]},"rttpg_author":{"display_name":"V\u00fcsal Rafiqo\u011flu","author_link":"https:\/\/arantv.az\/?author=2"},"rttpg_comment":0,"rttpg_category":"<a href=\"https:\/\/arantv.az\/?cat=22\" rel=\"category\">Hava<\/a>","rttpg_excerpt":"Bak\u0131da v\u0259 Ab\u015feron yar\u0131madas\u0131nda dekabr\u0131n 27-d\u0259n 29-u s\u0259h\u0259r\u0259d\u0259k fasil\u0259l\u0259rl\u0259 ya\u011f\u0131\u015f ya\u011faca\u011f\u0131 g\u00f6zl\u0259nilir. ARANTV.AZ\u00a0x\u0259b\u0259r verir ki, bu bar\u0259d\u0259 Milli Hidrometeorologiya Xidm\u0259ti m\u0259lumat yay\u0131b. Qeyd edilib ki, yar\u0131madan\u0131n b\u0259zi yerl\u0259rind\u0259 ya\u011f\u0131nt\u0131lar\u0131n q\u0131sam\u00fcdd\u0259tli intensivl\u0259\u015f\u0259c\u0259yi ehtimal\u0131 var. Dekabr\u0131n 27-si ax\u015fam Az\u0259rbaycan\u0131n q\u0259rb rayonlar\u0131ndan ba\u015flayaraq 29-u s\u0259h\u0259r\u0259d\u0259k hava \u015f\u0259raitinin arabir ya\u011f\u0131nt\u0131l\u0131 olaca\u011f\u0131, da\u011fl\u0131q v\u0259 da\u011f\u0259t\u0259yi rayonlarda qar ya\u011faca\u011f\u0131 g\u00f6zl\u0259nilir. Ayr\u0131-ayr\u0131&hellip;","_links":{"self":[{"href":"https:\/\/arantv.az\/index.php?rest_route=\/wp\/v2\/posts\/777297"}],"collection":[{"href":"https:\/\/arantv.az\/index.php?rest_route=\/wp\/v2\/posts"}],"about":[{"href":"https:\/\/arantv.az\/index.php?rest_route=\/wp\/v2\/types\/post"}],"author":[{"embeddable":true,"href":"https:\/\/arantv.az\/index.php?rest_route=\/wp\/v2\/users\/2"}],"replies":[{"embeddable":true,"href":"https:\/\/arantv.az\/index.php?rest_route=%2Fwp%2Fv2%2Fcomments&post=777297"}],"version-history":[{"count":1,"href":"https:\/\/arantv.az\/index.php?rest_route=\/wp\/v2\/posts\/777297\/revisions"}],"predecessor-version":[{"id":777299,"href":"https:\/\/arantv.az\/index.php?rest_route=\/wp\/v2\/posts\/777297\/revisions\/777299"}],"wp:featuredmedia":[{"embeddable":true,"href":"https:\/\/arantv.az\/index.php?rest_route=\/wp\/v2\/media\/777298"}],"wp:attachment":[{"href":"https:\/\/arantv.az\/index.php?rest_route=%2Fwp%2Fv2%2Fmedia&parent=777297"}],"wp:term":[{"taxonomy":"category","embeddable":true,"href":"https:\/\/arantv.az\/index.php?rest_route=%2Fwp%2Fv2%2Fcategories&post=777297"},{"taxonomy":"post_tag","embeddable":true,"href":"https:\/\/arantv.az\/index.php?rest_route=%2Fwp%2Fv2%2Ftags&post=777297"}],"curies":[{"name":"wp","href":"https:\/\/api.w.org\/{rel}","templated":true}]}}