{"id":777304,"date":"2024-12-26T18:36:47","date_gmt":"2024-12-26T14:36:47","guid":{"rendered":"https:\/\/arantv.az\/?p=777304"},"modified":"2024-12-26T18:36:47","modified_gmt":"2024-12-26T14:36:47","slug":"ilham-%c9%99liyev%c9%99-bassagligi-m%c9%99ktublari-g%c9%99lir-yenil%c9%99nir","status":"publish","type":"post","link":"https:\/\/arantv.az\/?p=777304","title":{"rendered":"\u0130lham \u018fliyev\u0259 ba\u015fsa\u011fl\u0131\u011f\u0131 m\u0259ktublar\u0131 g\u0259lir &#8211; YEN\u0130L\u018fN\u0130R"},"content":{"rendered":"<div class=\"text-content\" data-id=\"\" data-url=\"\">\n<p><strong>Slovakiya Prezidenti Peter Pelleqrini Az\u0259rbaycan Prezidenti \u0130lham \u018fliyev\u0259 ba\u015fsa\u011fl\u0131\u011f\u0131 m\u0259ktubu g\u00f6nd\u0259rib.<\/strong><\/p>\n<p><strong>Musavat.com<\/strong>-un m\u0259lumat\u0131na g\u00f6r\u0259, m\u0259ktubda deyilir:<\/p>\n<p>&#8220;C\u0259nab Prezident.<\/p>\n<p>\u201cAz\u0259rbaycan Hava Yollar\u0131\u201d avia\u015firk\u0259tin\u0259 m\u0259xsus t\u0259yyar\u0259nin Qazax\u0131stan\u0131n Aktau \u015f\u0259h\u0259ri yax\u0131nl\u0131\u011f\u0131nda q\u0259zaya u\u011framas\u0131 n\u0259tic\u0259sind\u0259 \u00e7oxsayl\u0131 insan\u0131n faci\u0259li \u00f6l\u00fcm\u00fc v\u0259 yaralanmas\u0131 il\u0259 ba\u011fl\u0131 x\u0259b\u0259ri d\u0259rin k\u0259d\u0259r hissi il\u0259 qar\u015f\u0131lad\u0131m.<\/p>\n<p>Slovakiya v\u0259t\u0259nda\u015flar\u0131 ad\u0131ndan v\u0259 \u015f\u0259xs\u0259n \u00f6z ad\u0131mdan Siz\u0259, Az\u0259rbaycan v\u0259t\u0259nda\u015flar\u0131na, el\u0259c\u0259 d\u0259 h\u0259lak olanlar\u0131n ail\u0259l\u0259rin\u0259 v\u0259 yax\u0131nlar\u0131na d\u0259rin h\u00fcznl\u0259 ba\u015fsa\u011fl\u0131\u011f\u0131 verir, yaralananlara tezlikl\u0259 sa\u011falmalar\u0131n\u0131 arzulay\u0131ram&#8221;.<\/p>\n<p><strong>***<\/strong><\/p>\n<p><strong>16:25<\/strong><\/p>\n<p><strong>S\u0259udiyy\u0259 \u018fr\u0259bistan\u0131n\u0131n Kral\u0131 Salman bin \u018fbd\u00fcl\u0259ziz Al S\u0259ud v\u0259 v\u0259li\u0259hd \u015fahzad\u0259 M\u0259h\u0259mm\u0259d bin Salman bin \u018fbd\u00fcl\u0259ziz Al S\u0259ud Qazax\u0131standa &#8220;Az\u0259rbaycan Hava Yollar\u0131&#8221;na m\u0259xsus s\u0259rni\u015fin t\u0259yyar\u0259sinin q\u0259zaya u\u011framas\u0131 il\u0259 \u0259laq\u0259dar Az\u0259rbaycan Prezidenti \u0130lham \u018fliyev\u0259 ba\u015fsa\u011fl\u0131\u011f\u0131 verib.<\/strong><\/p>\n<p>Bu bar\u0259d\u0259\u00a0<strong>Musavat.com<\/strong>\u00a0S\u0259udiyy\u0259 \u018fr\u0259bistan\u0131 Krall\u0131\u011f\u0131n\u0131n Az\u0259rbaycandak\u0131 s\u0259firliyin\u0259 istinad\u0259n m\u0259lumat verib.<\/p>\n<p>Xat\u0131rladaq ki, AZAL-a m\u0259xsus Bak\u0131-Qrozn\u0131 aviareysini h\u0259yata ke\u00e7ir\u0259n &#8220;Embraer\u201d tipli s\u0259rni\u015fin t\u0259yyar\u0259si dekabr\u0131n 25-d\u0259 Qazax\u0131stan\u0131n Aktau \u015f\u0259h\u0259ri yax\u0131nl\u0131\u011f\u0131nda q\u0259zaya u\u011fray\u0131b. Avialaynerin g\u00f6y\u0259rt\u0259sind\u0259 olan 67 n\u0259f\u0259rd\u0259n 42-si Az\u0259rbaycan, 16-s\u0131 Rusiya, 6-s\u0131 Qazax\u0131stan, 3-\u00fc is\u0259 Q\u0131r\u011f\u0131z\u0131stan v\u0259t\u0259nda\u015f\u0131 olub. Q\u0259za n\u0259tic\u0259sind\u0259 s\u0259rni\u015finl\u0259rin 38-i h\u0259lak olub, 3-\u00fc u\u015faq olmaqla 29-u sa\u011f qal\u0131b.<\/p>\n<p>Prezident \u0130lham \u018fliyev dekabr\u0131n 26-s\u0131n\u0131n Az\u0259rbaycanda mat\u0259m g\u00fcn\u00fc elan olunmas\u0131 bar\u0259d\u0259 S\u0259r\u0259ncam imzalay\u0131b.<\/p>\n<p><strong>***<\/strong><\/p>\n<p><strong>16:24<\/strong><\/p>\n<p><strong>Maldiv Respublikas\u0131n\u0131n Prezidenti M\u0259h\u0259mm\u0259d Muizzudan Az\u0259rbaycan Prezidenti \u0130lham \u018fliyev\u0259 ba\u015fsa\u011fl\u0131\u011f\u0131 m\u0259ktubu g\u0259lib.<\/strong><\/p>\n<p><strong>Musavat.com<\/strong>\u00a0x\u0259b\u0259r verir ki, m\u0259ktubda deyilir:<\/p>\n<p>&#8220;Zati-alil\u0259ri.<\/p>\n<p>Qazax\u0131stan\u0131n Aktau \u015f\u0259h\u0259ri yax\u0131nl\u0131\u011f\u0131nda \u00e7oxlu insan t\u0259l\u0259fat\u0131na v\u0259 yaralanmas\u0131na s\u0259b\u0259b olan faci\u0259vi t\u0259yyar\u0259 q\u0259zas\u0131 il\u0259 ba\u011fl\u0131 x\u0259b\u0259r m\u0259ni d\u0259rind\u0259n k\u0259d\u0259rl\u0259ndirdi v\u0259 sars\u0131td\u0131.<\/p>\n<p>Zati-aliniz\u0259, Az\u0259rbaycan H\u00f6kum\u0259tin\u0259 v\u0259 xalq\u0131na, o c\u00fcml\u0259d\u0259n bu hadis\u0259 n\u0259tic\u0259sind\u0259 h\u0259lak olanlar\u0131n ail\u0259l\u0259rin\u0259 d\u0259rin h\u00fcznl\u0259 ba\u015fsa\u011fl\u0131\u011f\u0131 verir, yaralananlara \u015f\u0259fa dil\u0259yir\u0259m. Bel\u0259 bir k\u0259d\u0259rli g\u00fcnd\u0259 dualar\u0131m\u0131z\u0131n x\u00fcsusil\u0259 d\u0259 faci\u0259nin n\u0259tic\u0259l\u0259ri il\u0259 \u00fczl\u0259\u015fmi\u015f sa\u011f qalan insanlarla oldu\u011funu bildirir\u0259m&#8221;.<\/p>\n<p>Qeyd ed\u0259k ki, t\u0259yyar\u0259d\u0259 olan 67 n\u0259f\u0259rd\u0259n 38-i h\u0259lak olub, 29-u sa\u011f qal\u0131b.<\/p>\n<p>Hadis\u0259d\u0259n sonra Prezident \u0130lham \u018fliyevin tap\u015f\u0131r\u0131\u011f\u0131 il\u0259 t\u0259yyar\u0259 q\u0259zas\u0131n\u0131n s\u0259b\u0259bl\u0259rinin ara\u015fd\u0131r\u0131lmas\u0131 \u00fc\u00e7\u00fcn Ba\u015f nazir \u018fli \u018fs\u0259dovun r\u0259hb\u0259rliyi il\u0259 D\u00f6vl\u0259t Komissiyas\u0131 yarad\u0131l\u0131b.<\/p>\n<p>Xat\u0131rladaq ki, dekabr\u0131n 25-d\u0259 Bak\u0131-Qrozn\u0131 reysini yerin\u0259 yetir\u0259n \u201cEmbraer 190\u201d tipli s\u0259rni\u015fin t\u0259yyar\u0259sinin Aktau \u015f\u0259h\u0259ri yax\u0131nl\u0131\u011f\u0131nda q\u0259zaya u\u011framas\u0131 il\u0259 \u0259laq\u0259dar Prezident \u0130lham \u018fliyev dekabr\u0131n 26-s\u0131n\u0131n Az\u0259rbaycanda mat\u0259m g\u00fcn\u00fc elan olunmas\u0131 bar\u0259d\u0259 S\u0259r\u0259ncam imzalay\u0131b.<\/p>\n<p><strong>***<\/strong><\/p>\n<p><strong>Birl\u0259\u015fmi\u015f \u018fr\u0259b \u018fmirlikl\u0259rinin Prezidenti \u015eeyx M\u0259h\u0259mm\u0259d bin Zayed Al N\u0259hyan Az\u0259rbaycan Prezidenti \u0130lham \u018fliyev\u0259 ba\u015fsa\u011fl\u0131\u011f\u0131 m\u0259ktubu g\u00f6nd\u0259rib.<\/strong><\/p>\n<p><strong>Musavat.com<\/strong>-un m\u0259lumat\u0131na g\u00f6r\u0259, m\u0259ktubda B\u018f\u018f Prezidentinin &#8220;Az\u0259rbaycan Hava Yollar\u0131&#8221;na m\u0259xsus s\u0259rni\u015fin t\u0259yyar\u0259sinin Qazax\u0131stan Respublikas\u0131nda q\u0259zaya u\u011framas\u0131 n\u0259tic\u0259sind\u0259 \u00e7oxsayl\u0131 insan t\u0259l\u0259fat\u0131 v\u0259 yaralanmas\u0131 x\u0259b\u0259rini d\u0259rin h\u00fczn v\u0259 k\u0259d\u0259rl\u0259 qar\u015f\u0131lad\u0131qlar\u0131n\u0131 bildirib.<\/p>\n<p>&#8220;Bu a\u011f\u0131r itki il\u0259 \u0259laq\u0259dar Siz\u0259 d\u0259rin h\u00fcznl\u0259 ba\u015fsa\u011fl\u0131\u011f\u0131 verir, yaral\u0131lar\u0131n tezlikl\u0259 sa\u011falmalar\u0131n\u0131 arzu edirik&#8221;, &#8211; m\u0259ktubda qeyd olunub.<\/p>\n<p>Eyni zamanda B\u018f\u018f-nin vitse-prezidenti, Ba\u015f naziri v\u0259 Dubay\u0131n \u018fmiri \u015eeyx M\u0259h\u0259mm\u0259d bin R\u0259\u015fid Al M\u0259ktum v\u0259 Birl\u0259\u015fmi\u015f \u018fr\u0259b \u018fmirlikl\u0259rinin vitse-prezidenti, Ba\u015f nazirin m\u00fcavini, Prezident i\u015fl\u0259ri naziri \u015eeyx Mansur bin Zayed Al N\u0259hyan da Az\u0259rbaycan\u0131n d\u00f6vl\u0259t ba\u015f\u00e7\u0131s\u0131 \u0130lham \u018fliyev\u0259 ba\u015fsa\u011fl\u0131\u011f\u0131 m\u0259ktubu g\u00f6nd\u0259rib.<\/p>\n<p>***<\/p>\n<p><strong>T\u00fcrk D\u00f6vl\u0259tl\u0259ri T\u0259\u015fkilat\u0131n\u0131n Ba\u015f katibi Kuban\u0131\u00e7bek \u00d6m\u00fcral\u0131yev \u0130lham \u018fliyev\u0259 ba\u015fsa\u011fl\u0131\u011f\u0131 verib.<\/strong><\/p>\n<p><strong>Musavat.com<\/strong>-un m\u0259lumat\u0131na g\u00f6r\u0259, m\u0259tnd\u0259 deyilir:<\/p>\n<p>\u201cAz\u0259rbaycan Hava Yollar\u0131\u201d avia\u015firk\u0259tinin Bak\u0131-Qrozn\u0131 reysini h\u0259yata ke\u00e7ir\u0259n t\u0259yyar\u0259sinin Qazax\u0131stan\u0131n Aktau \u015f\u0259h\u0259ri yax\u0131nl\u0131\u011f\u0131nda q\u0259zaya u\u011framas\u0131 il\u0259 ba\u011fl\u0131 x\u0259b\u0259r m\u0259ni d\u0259rind\u0259n k\u0259d\u0259rl\u0259ndirdi. \u00c7oxlu sayda insan\u0131n h\u0259yat\u0131na son qoymu\u015f bu hadis\u0259 Az\u0259rbaycan \u00fc\u00e7\u00fcn b\u00f6y\u00fck itkidir.<\/p>\n<p>Zati-aliniz\u0259 v\u0259 Az\u0259rbaycan xalq\u0131na, h\u0259lak olanlar\u0131n ail\u0259l\u0259rin\u0259 v\u0259 yax\u0131nlar\u0131na d\u0259rin h\u00fcznl\u0259 ba\u015fsa\u011fl\u0131\u011f\u0131 verir\u0259m, yaralananlar\u0131n tezlikl\u0259 sa\u011falmalar\u0131n\u0131 arzu edir\u0259m.<\/p>\n<p>Bu faci\u0259 T\u00fcrk d\u00fcnyas\u0131nda h\u0259r k\u0259si d\u0259rind\u0259n t\u0259sirl\u0259ndirdi, k\u0259d\u0259rli anlarda birliyin v\u0259 d\u0259st\u0259yin \u00f6n\u0259mini xat\u0131rlatd\u0131. Bu h\u00fcznl\u00fc hadis\u0259 il\u0259 ba\u011fl\u0131 Az\u0259rbaycan xalq\u0131 il\u0259 h\u0259mr\u0259yik v\u0259 k\u0259d\u0259rinizi b\u00f6l\u00fc\u015f\u00fcr\u00fck&#8221;.<\/p>\n<p>Qeyd ed\u0259k ki, t\u0259yyar\u0259d\u0259 olan 67 n\u0259f\u0259rd\u0259n 38-i h\u0259lak olub, 29-u sa\u011f qal\u0131b.<br \/>\nHadis\u0259d\u0259n sonra Prezident \u0130lham \u018fliyevin tap\u015f\u0131r\u0131\u011f\u0131 il\u0259 t\u0259yyar\u0259 q\u0259zas\u0131n\u0131n s\u0259b\u0259bl\u0259rinin ara\u015fd\u0131r\u0131lmas\u0131 \u00fc\u00e7\u00fcn Ba\u015f nazir \u018fli \u018fs\u0259dovun r\u0259hb\u0259rliyi il\u0259 D\u00f6vl\u0259t Komissiyas\u0131 yarad\u0131l\u0131b.<\/p>\n<p>Xat\u0131rladaq ki, dekabr\u0131n 25-d\u0259 Bak\u0131-Qrozn\u0131 reysini yerin\u0259 yetir\u0259n \u201cEmbraer 190\u201d tipli s\u0259rni\u015fin t\u0259yyar\u0259sinin Aktau \u015f\u0259h\u0259ri yax\u0131nl\u0131\u011f\u0131nda q\u0259zaya u\u011framas\u0131 il\u0259 \u0259laq\u0259dar Prezident \u0130lham \u018fliyev dekabr\u0131n 26-s\u0131n\u0131n Az\u0259rbaycanda mat\u0259m g\u00fcn\u00fc elan olunmas\u0131 bar\u0259d\u0259 S\u0259r\u0259ncam imzalay\u0131b.<\/p>\n<p>***<\/p>\n<p><strong>\u015eanxay \u018fm\u0259kda\u015fl\u0131q T\u0259\u015fkilat\u0131n\u0131n Ba\u015f katibi Can Mind\u0259n Az\u0259rbaycan Prezidenti \u0130lham \u018fliyev\u0259 ba\u015fsa\u011fl\u0131\u011f\u0131 m\u0259ktubu g\u0259lib.<\/strong><\/p>\n<p><strong>Musavat.com<\/strong>\u00a0x\u0259b\u0259r verir ki, m\u0259ktubda deyilir:<\/p>\n<p>&#8220;Zati-alil\u0259ri.<\/p>\n<p>\u201cAz\u0259rbaycan Hava Yollar\u0131\u201dn\u0131n t\u0259yyar\u0259sinin Qazax\u0131stan \u0259razisind\u0259 q\u0259zaya u\u011framas\u0131 n\u0259tic\u0259sind\u0259 s\u0259rni\u015finl\u0259rin v\u0259 ekipaj \u00fczvl\u0259rinin h\u0259lak olmas\u0131 x\u0259b\u0259rind\u0259n sars\u0131ld\u0131m.<\/p>\n<p>Siz\u0259 v\u0259 h\u0259lak olanlar\u0131n ail\u0259 \u00fczvl\u0259rin\u0259 d\u0259rin h\u00fcznl\u0259 ba\u015fsa\u011fl\u0131\u011f\u0131 verir, b\u00fct\u00fcn x\u0259sar\u0259t alanlar\u0131n tezlikl\u0259 sa\u011falmalar\u0131n\u0131 arzulay\u0131ram&#8221;.<\/p>\n<p>Qeyd ed\u0259k ki, t\u0259yyar\u0259d\u0259 olan 67 n\u0259f\u0259rd\u0259n 38-i h\u0259lak olub, 29-u sa\u011f qal\u0131b.<\/p>\n<p>Hadis\u0259d\u0259n sonra Prezident \u0130lham \u018fliyevin tap\u015f\u0131r\u0131\u011f\u0131 il\u0259 t\u0259yyar\u0259 q\u0259zas\u0131n\u0131n s\u0259b\u0259bl\u0259rinin ara\u015fd\u0131r\u0131lmas\u0131 \u00fc\u00e7\u00fcn Ba\u015f nazir \u018fli \u018fs\u0259dovun r\u0259hb\u0259rliyi il\u0259 D\u00f6vl\u0259t Komissiyas\u0131 yarad\u0131l\u0131b.<\/p>\n<p>Xat\u0131rladaq ki, dekabr\u0131n 25-d\u0259 Bak\u0131-Qrozn\u0131 reysini yerin\u0259 yetir\u0259n \u201cEmbraer 190\u201d tipli s\u0259rni\u015fin t\u0259yyar\u0259sinin Aktau \u015f\u0259h\u0259ri yax\u0131nl\u0131\u011f\u0131nda q\u0259zaya u\u011framas\u0131 il\u0259 \u0259laq\u0259dar Prezident \u0130lham \u018fliyev dekabr\u0131n 26-s\u0131n\u0131n Az\u0259rbaycanda mat\u0259m g\u00fcn\u00fc elan olunmas\u0131 bar\u0259d\u0259 S\u0259r\u0259ncam imzalay\u0131b.<\/p>\n<\/div>\n<div><\/div>\n<div><\/div>\n<div class=\"inner-social-box\">\n<div class=\"subs-in-social subs-whatsapp\"><\/div>\n<\/div>\n","protected":false},"excerpt":{"rendered":"<p>Slovakiya Prezidenti Peter Pelleqrini Az\u0259rbaycan Prezidenti \u0130lham \u018fliyev\u0259 ba\u015fsa\u011fl\u0131\u011f\u0131 m\u0259ktubu g\u00f6nd\u0259rib. Musavat.com-un m\u0259lumat\u0131na g\u00f6r\u0259, m\u0259ktubda deyilir: &#8220;C\u0259nab Prezident. \u201cAz\u0259rbaycan Hava Yollar\u0131\u201d avia\u015firk\u0259tin\u0259 m\u0259xsus t\u0259yyar\u0259nin Qazax\u0131stan\u0131n Aktau \u015f\u0259h\u0259ri yax\u0131nl\u0131\u011f\u0131nda q\u0259zaya u\u011framas\u0131 n\u0259tic\u0259sind\u0259 \u00e7oxsayl\u0131 insan\u0131n faci\u0259li \u00f6l\u00fcm\u00fc v\u0259 yaralanmas\u0131 il\u0259 ba\u011fl\u0131 x\u0259b\u0259ri d\u0259rin k\u0259d\u0259r hissi il\u0259 qar\u015f\u0131lad\u0131m. Slovakiya v\u0259t\u0259nda\u015flar\u0131 ad\u0131ndan v\u0259 \u015f\u0259xs\u0259n \u00f6z ad\u0131mdan Siz\u0259, Az\u0259rbaycan v\u0259t\u0259nda\u015flar\u0131na, el\u0259c\u0259 d\u0259 h\u0259lak olanlar\u0131n ail\u0259l\u0259rin\u0259 v\u0259 yax\u0131nlar\u0131na d\u0259rin h\u00fcznl\u0259 ba\u015fsa\u011fl\u0131\u011f\u0131 verir, yaralananlara tezlikl\u0259 sa\u011falmalar\u0131n\u0131 arzulay\u0131ram&#8221;. *** 16:25 S\u0259udiyy\u0259 \u018fr\u0259bistan\u0131n\u0131n Kral\u0131 Salman bin \u018fbd\u00fcl\u0259ziz Al S\u0259ud v\u0259 v\u0259li\u0259hd \u015fahzad\u0259 M\u0259h\u0259mm\u0259d bin Salman bin \u018fbd\u00fcl\u0259ziz Al S\u0259ud&hellip;<\/p>\n","protected":false},"author":2,"featured_media":777305,"comment_status":"closed","ping_status":"closed","sticky":false,"template":"","format":"standard","meta":{"om_disable_all_campaigns":false,"_monsterinsights_skip_tracking":false,"_monsterinsights_sitenote_active":false,"_monsterinsights_sitenote_note":"","_monsterinsights_sitenote_category":0},"categories":[4],"tags":[],"aioseo_notices":[],"gutentor_comment":0,"rttpg_featured_image_url":{"full":["https:\/\/arantv.az\/wp-content\/uploads\/2024\/12\/4bf42966298813c5c0e08d0820f3b0b3.jpg",637,400,false],"landscape":["https:\/\/arantv.az\/wp-content\/uploads\/2024\/12\/4bf42966298813c5c0e08d0820f3b0b3.jpg",637,400,false],"portraits":["https:\/\/arantv.az\/wp-content\/uploads\/2024\/12\/4bf42966298813c5c0e08d0820f3b0b3.jpg",637,400,false],"thumbnail":["https:\/\/arantv.az\/wp-content\/uploads\/2024\/12\/4bf42966298813c5c0e08d0820f3b0b3-500x280.jpg",500,280,true],"medium":["https:\/\/arantv.az\/wp-content\/uploads\/2024\/12\/4bf42966298813c5c0e08d0820f3b0b3-581x365.jpg",581,365,true],"large":["https:\/\/arantv.az\/wp-content\/uploads\/2024\/12\/4bf42966298813c5c0e08d0820f3b0b3.jpg",637,400,false],"1536x1536":["https:\/\/arantv.az\/wp-content\/uploads\/2024\/12\/4bf42966298813c5c0e08d0820f3b0b3.jpg",637,400,false],"2048x2048":["https:\/\/arantv.az\/wp-content\/uploads\/2024\/12\/4bf42966298813c5c0e08d0820f3b0b3.jpg",637,400,false],"post-thumbnail":["https:\/\/arantv.az\/wp-content\/uploads\/2024\/12\/4bf42966298813c5c0e08d0820f3b0b3-240x172.jpg",240,172,true],"advps-thumb-one":["https:\/\/arantv.az\/wp-content\/uploads\/2024\/12\/4bf42966298813c5c0e08d0820f3b0b3.jpg",637,400,false]},"rttpg_author":{"display_name":"V\u00fcsal Rafiqo\u011flu","author_link":"https:\/\/arantv.az\/?author=2"},"rttpg_comment":0,"rttpg_category":"<a href=\"https:\/\/arantv.az\/?cat=4\" rel=\"category\">Siyas\u0259t<\/a>","rttpg_excerpt":"Slovakiya Prezidenti Peter Pelleqrini Az\u0259rbaycan Prezidenti \u0130lham \u018fliyev\u0259 ba\u015fsa\u011fl\u0131\u011f\u0131 m\u0259ktubu g\u00f6nd\u0259rib. Musavat.com-un m\u0259lumat\u0131na g\u00f6r\u0259, m\u0259ktubda deyilir: &#8220;C\u0259nab Prezident. \u201cAz\u0259rbaycan Hava Yollar\u0131\u201d avia\u015firk\u0259tin\u0259 m\u0259xsus t\u0259yyar\u0259nin Qazax\u0131stan\u0131n Aktau \u015f\u0259h\u0259ri yax\u0131nl\u0131\u011f\u0131nda q\u0259zaya u\u011framas\u0131 n\u0259tic\u0259sind\u0259 \u00e7oxsayl\u0131 insan\u0131n faci\u0259li \u00f6l\u00fcm\u00fc v\u0259 yaralanmas\u0131 il\u0259 ba\u011fl\u0131 x\u0259b\u0259ri d\u0259rin k\u0259d\u0259r hissi il\u0259 qar\u015f\u0131lad\u0131m. Slovakiya v\u0259t\u0259nda\u015flar\u0131 ad\u0131ndan v\u0259 \u015f\u0259xs\u0259n \u00f6z ad\u0131mdan Siz\u0259, Az\u0259rbaycan v\u0259t\u0259nda\u015flar\u0131na,&hellip;","_links":{"self":[{"href":"https:\/\/arantv.az\/index.php?rest_route=\/wp\/v2\/posts\/777304"}],"collection":[{"href":"https:\/\/arantv.az\/index.php?rest_route=\/wp\/v2\/posts"}],"about":[{"href":"https:\/\/arantv.az\/index.php?rest_route=\/wp\/v2\/types\/post"}],"author":[{"embeddable":true,"href":"https:\/\/arantv.az\/index.php?rest_route=\/wp\/v2\/users\/2"}],"replies":[{"embeddable":true,"href":"https:\/\/arantv.az\/index.php?rest_route=%2Fwp%2Fv2%2Fcomments&post=777304"}],"version-history":[{"count":1,"href":"https:\/\/arantv.az\/index.php?rest_route=\/wp\/v2\/posts\/777304\/revisions"}],"predecessor-version":[{"id":777306,"href":"https:\/\/arantv.az\/index.php?rest_route=\/wp\/v2\/posts\/777304\/revisions\/777306"}],"wp:featuredmedia":[{"embeddable":true,"href":"https:\/\/arantv.az\/index.php?rest_route=\/wp\/v2\/media\/777305"}],"wp:attachment":[{"href":"https:\/\/arantv.az\/index.php?rest_route=%2Fwp%2Fv2%2Fmedia&parent=777304"}],"wp:term":[{"taxonomy":"category","embeddable":true,"href":"https:\/\/arantv.az\/index.php?rest_route=%2Fwp%2Fv2%2Fcategories&post=777304"},{"taxonomy":"post_tag","embeddable":true,"href":"https:\/\/arantv.az\/index.php?rest_route=%2Fwp%2Fv2%2Ftags&post=777304"}],"curies":[{"name":"wp","href":"https:\/\/api.w.org\/{rel}","templated":true}]}}