{"id":777510,"date":"2024-12-28T00:12:01","date_gmt":"2024-12-27T20:12:01","guid":{"rendered":"https:\/\/arantv.az\/?p=777510"},"modified":"2024-12-28T00:12:01","modified_gmt":"2024-12-27T20:12:01","slug":"bu-olk%c9%99d%c9%99-7-gunluk-mat%c9%99m-elan-edildi","status":"publish","type":"post","link":"https:\/\/arantv.az\/?p=777510","title":{"rendered":"Bu \u00f6lk\u0259d\u0259 7 g\u00fcnl\u00fck mat\u0259m elan edildi"},"content":{"rendered":"<div class=\"text-content\" data-id=\"\" data-url=\"\">\n<p>Hindistan hakimiyy\u0259ti \u00f6lk\u0259nin ke\u00e7mi\u015f ba\u015f naziri Manmohan Sinqhin v\u0259fat\u0131 il\u0259 \u0259laq\u0259dar 7 g\u00fcnl\u00fck mat\u0259m elan etm\u0259k q\u0259rar\u0131na g\u0259lib.<\/p>\n<p>Oxu.Az-\u0131n x\u0259b\u0259rin\u0259 g\u00f6r\u0259, bu bar\u0259d\u0259 C\u0259nubi Asiya \u00f6lk\u0259sinin Daxili \u0130\u015fl\u0259r Nazirliyind\u0259n m\u0259lumat verilib.<\/p>\n<p>&#8220;M\u0259rhum y\u00fcks\u0259kr\u00fctb\u0259li \u015f\u0259xs\u0259 ehtiram \u0259lam\u0259ti olaraq 2025-ci il yanvar\u0131n 1-d\u0259k b\u00fct\u00fcn Hindistanda 7 g\u00fcnl\u00fck milli mat\u0259m t\u0259tbiq olunacaq. Bu m\u00fcdd\u0259t \u0259rzind\u0259 b\u00fct\u00fcn Hindistanda d\u00f6vl\u0259t bayra\u011f\u0131 yar\u0131ya endiril\u0259c\u0259k v\u0259 he\u00e7 bir r\u0259smi \u0259yl\u0259nc\u0259 t\u0259dbiri ke\u00e7irilm\u0259y\u0259c\u0259k&#8221;, &#8211; dey\u0259 nazirlikd\u0259n bildirilib.<\/p>\n<p>Hakimiyy\u0259t qurumlar\u0131, h\u0259m\u00e7inin d\u0259fn m\u0259rasiminin d\u00f6vl\u0259t s\u0259viyy\u0259sind\u0259 ke\u00e7irilm\u0259sin\u0259 d\u0259 q\u0259rar verib. M\u0259rasimin dekabr\u0131n 28-d\u0259 ba\u015f tutaca\u011f\u0131 g\u00f6zl\u0259nilir.<\/p>\n<p>&#8220;D\u0259fn g\u00fcn\u00fc Hindistan\u0131n xaricd\u0259ki b\u00fct\u00fcn s\u0259firlikl\u0259rind\u0259 d\u0259 milli bayraq yar\u0131ya endiril\u0259c\u0259k&#8221;, &#8211; dey\u0259 m\u0259lumatda qeyd edilib.<\/p>\n<p>92 ya\u015f\u0131nda olan Manmohan Sinqh hu\u015fsuz v\u0259ziyy\u0259td\u0259 evind\u0259n apar\u0131ld\u0131\u011f\u0131 t\u0259cili yard\u0131m ota\u011f\u0131nda dekabr\u0131n 26-da v\u0259fat edib. H\u0259kiml\u0259rin qeyd etdiyi kimi, Sinqh ya\u015fl\u0131 insanlara xas olan bir s\u0131ra x\u0259st\u0259likl\u0259rd\u0259n \u0259ziyy\u0259t \u00e7\u0259kib. H\u0259kiml\u0259rin b\u00fct\u00fcn s\u0259yl\u0259rin\u0259 baxmayaraq, onu h\u0259yata qaytarmaq m\u00fcmk\u00fcn olmay\u0131b.<\/p>\n<p>Manmohan Sinqh Hindistan\u0131n \u0259n q\u0259dim siyasi partiyas\u0131 olan &#8220;Hindistan Milli Konqresi&#8221;nin \u00fczv\u00fc olub. O, ard\u0131c\u0131l iki m\u00fcdd\u0259t &#8211; 2004-c\u00fc ild\u0259n 2014-c\u00fc ilin may\u0131na q\u0259d\u0259r ba\u015f nazir v\u0259zif\u0259sini icra edib.<\/p>\n<\/div>\n<div><\/div>\n<div><\/div>\n<div class=\"inner-social-box\">\n<div class=\"subs-in-social subs-whatsapp\"><\/div>\n<\/div>\n","protected":false},"excerpt":{"rendered":"<p>Hindistan hakimiyy\u0259ti \u00f6lk\u0259nin ke\u00e7mi\u015f ba\u015f naziri Manmohan Sinqhin v\u0259fat\u0131 il\u0259 \u0259laq\u0259dar 7 g\u00fcnl\u00fck mat\u0259m elan etm\u0259k q\u0259rar\u0131na g\u0259lib. Oxu.Az-\u0131n x\u0259b\u0259rin\u0259 g\u00f6r\u0259, bu bar\u0259d\u0259 C\u0259nubi Asiya \u00f6lk\u0259sinin Daxili \u0130\u015fl\u0259r Nazirliyind\u0259n m\u0259lumat verilib. &#8220;M\u0259rhum y\u00fcks\u0259kr\u00fctb\u0259li \u015f\u0259xs\u0259 ehtiram \u0259lam\u0259ti olaraq 2025-ci il yanvar\u0131n 1-d\u0259k b\u00fct\u00fcn Hindistanda 7 g\u00fcnl\u00fck milli mat\u0259m t\u0259tbiq olunacaq. Bu m\u00fcdd\u0259t \u0259rzind\u0259 b\u00fct\u00fcn Hindistanda d\u00f6vl\u0259t bayra\u011f\u0131 yar\u0131ya endiril\u0259c\u0259k v\u0259 he\u00e7 bir r\u0259smi \u0259yl\u0259nc\u0259 t\u0259dbiri ke\u00e7irilm\u0259y\u0259c\u0259k&#8221;, &#8211; dey\u0259 nazirlikd\u0259n bildirilib. Hakimiyy\u0259t qurumlar\u0131, h\u0259m\u00e7inin d\u0259fn m\u0259rasiminin d\u00f6vl\u0259t s\u0259viyy\u0259sind\u0259 ke\u00e7irilm\u0259sin\u0259 d\u0259 q\u0259rar verib. M\u0259rasimin dekabr\u0131n 28-d\u0259 ba\u015f tutaca\u011f\u0131 g\u00f6zl\u0259nilir. &#8220;D\u0259fn g\u00fcn\u00fc Hindistan\u0131n xaricd\u0259ki&hellip;<\/p>\n","protected":false},"author":2,"featured_media":777511,"comment_status":"closed","ping_status":"closed","sticky":false,"template":"","format":"standard","meta":{"om_disable_all_campaigns":false,"_monsterinsights_skip_tracking":false,"_monsterinsights_sitenote_active":false,"_monsterinsights_sitenote_note":"","_monsterinsights_sitenote_category":0},"categories":[7],"tags":[],"aioseo_notices":[],"gutentor_comment":0,"rttpg_featured_image_url":{"full":["https:\/\/arantv.az\/wp-content\/uploads\/2024\/12\/2df14f1e6c466190997460a276ec2ac5.png",690,464,false],"landscape":["https:\/\/arantv.az\/wp-content\/uploads\/2024\/12\/2df14f1e6c466190997460a276ec2ac5.png",690,464,false],"portraits":["https:\/\/arantv.az\/wp-content\/uploads\/2024\/12\/2df14f1e6c466190997460a276ec2ac5.png",690,464,false],"thumbnail":["https:\/\/arantv.az\/wp-content\/uploads\/2024\/12\/2df14f1e6c466190997460a276ec2ac5-500x280.png",500,280,true],"medium":["https:\/\/arantv.az\/wp-content\/uploads\/2024\/12\/2df14f1e6c466190997460a276ec2ac5-543x365.png",543,365,true],"large":["https:\/\/arantv.az\/wp-content\/uploads\/2024\/12\/2df14f1e6c466190997460a276ec2ac5.png",640,430,false],"1536x1536":["https:\/\/arantv.az\/wp-content\/uploads\/2024\/12\/2df14f1e6c466190997460a276ec2ac5.png",690,464,false],"2048x2048":["https:\/\/arantv.az\/wp-content\/uploads\/2024\/12\/2df14f1e6c466190997460a276ec2ac5.png",690,464,false],"post-thumbnail":["https:\/\/arantv.az\/wp-content\/uploads\/2024\/12\/2df14f1e6c466190997460a276ec2ac5-240x172.png",240,172,true],"advps-thumb-one":["https:\/\/arantv.az\/wp-content\/uploads\/2024\/12\/2df14f1e6c466190997460a276ec2ac5.png",690,464,false]},"rttpg_author":{"display_name":"V\u00fcsal Rafiqo\u011flu","author_link":"https:\/\/arantv.az\/?author=2"},"rttpg_comment":0,"rttpg_category":"<a href=\"https:\/\/arantv.az\/?cat=7\" rel=\"category\">D\u00fcnya<\/a>","rttpg_excerpt":"Hindistan hakimiyy\u0259ti \u00f6lk\u0259nin ke\u00e7mi\u015f ba\u015f naziri Manmohan Sinqhin v\u0259fat\u0131 il\u0259 \u0259laq\u0259dar 7 g\u00fcnl\u00fck mat\u0259m elan etm\u0259k q\u0259rar\u0131na g\u0259lib. Oxu.Az-\u0131n x\u0259b\u0259rin\u0259 g\u00f6r\u0259, bu bar\u0259d\u0259 C\u0259nubi Asiya \u00f6lk\u0259sinin Daxili \u0130\u015fl\u0259r Nazirliyind\u0259n m\u0259lumat verilib. &#8220;M\u0259rhum y\u00fcks\u0259kr\u00fctb\u0259li \u015f\u0259xs\u0259 ehtiram \u0259lam\u0259ti olaraq 2025-ci il yanvar\u0131n 1-d\u0259k b\u00fct\u00fcn Hindistanda 7 g\u00fcnl\u00fck milli mat\u0259m t\u0259tbiq olunacaq. Bu m\u00fcdd\u0259t \u0259rzind\u0259 b\u00fct\u00fcn Hindistanda d\u00f6vl\u0259t&hellip;","_links":{"self":[{"href":"https:\/\/arantv.az\/index.php?rest_route=\/wp\/v2\/posts\/777510"}],"collection":[{"href":"https:\/\/arantv.az\/index.php?rest_route=\/wp\/v2\/posts"}],"about":[{"href":"https:\/\/arantv.az\/index.php?rest_route=\/wp\/v2\/types\/post"}],"author":[{"embeddable":true,"href":"https:\/\/arantv.az\/index.php?rest_route=\/wp\/v2\/users\/2"}],"replies":[{"embeddable":true,"href":"https:\/\/arantv.az\/index.php?rest_route=%2Fwp%2Fv2%2Fcomments&post=777510"}],"version-history":[{"count":2,"href":"https:\/\/arantv.az\/index.php?rest_route=\/wp\/v2\/posts\/777510\/revisions"}],"predecessor-version":[{"id":777513,"href":"https:\/\/arantv.az\/index.php?rest_route=\/wp\/v2\/posts\/777510\/revisions\/777513"}],"wp:featuredmedia":[{"embeddable":true,"href":"https:\/\/arantv.az\/index.php?rest_route=\/wp\/v2\/media\/777511"}],"wp:attachment":[{"href":"https:\/\/arantv.az\/index.php?rest_route=%2Fwp%2Fv2%2Fmedia&parent=777510"}],"wp:term":[{"taxonomy":"category","embeddable":true,"href":"https:\/\/arantv.az\/index.php?rest_route=%2Fwp%2Fv2%2Fcategories&post=777510"},{"taxonomy":"post_tag","embeddable":true,"href":"https:\/\/arantv.az\/index.php?rest_route=%2Fwp%2Fv2%2Ftags&post=777510"}],"curies":[{"name":"wp","href":"https:\/\/api.w.org\/{rel}","templated":true}]}}