{"id":777518,"date":"2024-12-28T00:15:54","date_gmt":"2024-12-27T20:15:54","guid":{"rendered":"https:\/\/arantv.az\/?p=777518"},"modified":"2024-12-28T00:15:54","modified_gmt":"2024-12-27T20:15:54","slug":"bu-olk%c9%99-t%c9%99yyar%c9%99-q%c9%99zasi-il%c9%99-%c9%99laq%c9%99dar-qazaxistana-numay%c9%99nd%c9%99-hey%c9%99ti-gond%c9%99rir","status":"publish","type":"post","link":"https:\/\/arantv.az\/?p=777518","title":{"rendered":"Bu \u00f6lk\u0259 t\u0259yyar\u0259 q\u0259zas\u0131 il\u0259 \u0259laq\u0259dar Qazax\u0131stana n\u00fcmay\u0259nd\u0259 hey\u0259ti G\u00d6ND\u018fR\u0130R"},"content":{"rendered":"<p><strong>Dekabr\u0131n 28-d\u0259 Q\u0131r\u011f\u0131z\u0131stan Aktau yax\u0131nl\u0131\u011f\u0131nda AZAL-a m\u0259xsus t\u0259yyar\u0259nin q\u0259zaya u\u011framas\u0131 n\u0259tic\u0259sind\u0259 x\u0259sar\u0259t alan \u00f6lk\u0259 v\u0259t\u0259nda\u015flar\u0131n\u0131n v\u0259ziyy\u0259ti il\u0259 tan\u0131\u015f olmaq \u00fc\u00e7\u00fcn m\u00fct\u0259x\u0259ssisl\u0259rini Qazax\u0131stana g\u00f6nd\u0259r\u0259c\u0259k.<\/strong><\/p>\n<p>Bu bar\u0259d\u0259 Q\u0131r\u011f\u0131z\u0131stan\u0131n f\u00f6vq\u0259lad\u0259 hallar naziri Boobek Ajikeyev \u201cAKIpress\u201d\u0259 m\u00fcsahib\u0259sind\u0259 bildirib.<\/p>\n<p>Onun s\u00f6zl\u0259rin\u0259 g\u00f6r\u0259, haz\u0131rda Q\u0131r\u011f\u0131z\u0131stan\u0131n \u00fc\u00e7 v\u0259t\u0259nda\u015f\u0131 x\u0259st\u0259xanadad\u0131r, onlardan biri reanimasiyadad\u0131r.<\/p>\n<p>\u201c\u0130ki n\u0259f\u0259rin v\u0259ziyy\u0259ti yax\u015f\u0131la\u015f\u0131b, onlardan birinin onur\u011fa s\u00fctunu a\u011f\u0131r z\u0259d\u0259l\u0259nib. Prezident Sad\u0131r Nurqojoyevi\u00e7 v\u0259t\u0259nda\u015flar\u0131m\u0131za q\u0131sa zamanda k\u00f6m\u0259klik g\u00f6st\u0259rilm\u0259si v\u0259 onlar\u0131n t\u0259xliy\u0259si prosesind\u0259 F\u00f6vq\u0259lad\u0259 Hallar Nazirliyinin maksimum i\u015ftirak\u0131n\u0131n t\u0259min edilm\u0259si il\u0259 ba\u011fl\u0131 birba\u015fa g\u00f6st\u0259ri\u015fl\u0259r verib. Biz \u0259m\u0259k, sosial t\u0259minat v\u0259 miqrasiya naziri Rav\u015fanbek Azatovi\u00e7 v\u0259 Qazax\u0131standak\u0131 s\u0259firimiz, biz\u0259 v\u0259ziyy\u0259t bar\u0259d\u0259 daim m\u0259lumat ver\u0259n Dastan Stanbekovi\u00e7in f\u0259al i\u015ftirak\u0131 il\u0259 birg\u0259 i\u015fl\u0259yirik\u201d, &#8211; Q\u0131r\u011f\u0131z\u0131stan FHN r\u0259hb\u0259ri deyib.<\/p>\n<p>O qeyd edib ki, dekabr\u0131n 28-d\u0259 FHN-in h\u0259rbi h\u0259kimi, \u015f\u00f6b\u0259 m\u00fcdiri v\u0259 \u018fm\u0259k Nazirliyinin \u0259m\u0259kda\u015f\u0131 Qazax\u0131stana yollanacaq.<\/p>\n<p>\u201cEl\u0259 sabah z\u0259r\u0259r\u00e7\u0259k\u0259nl\u0259rin yax\u0131nlar\u0131 da oraya ged\u0259c\u0259kl\u0259r. Bu g\u00fcn h\u0259kiml\u0259rin konsultasiyas\u0131 olub v\u0259 onlar q\u0259rara g\u0259libl\u0259r ki, x\u0259st\u0259l\u0259rin indi n\u0259ql edilm\u0259si m\u0259qs\u0259d\u0259uy\u011fun deyil. Bu, onlar\u0131n sa\u011flaml\u0131\u011f\u0131na xeyird\u0259n \u00e7ox ziyan vura bil\u0259r. \u00c7ox g\u00fcman ki, sabah bizim n\u00fcmay\u0259nd\u0259l\u0259rl\u0259 yaral\u0131lar\u0131n qohumlar\u0131 durumu yaral\u0131lar\u0131n \u00f6zl\u0259ri il\u0259 m\u00fczakir\u0259 ed\u0259c\u0259k. D\u00fc\u015f\u00fcn\u00fcr\u00fck ki, onlar daha uzun m\u00fcdd\u0259t, v\u0259ziyy\u0259tl\u0259ri sabiql\u0259\u015f\u0259n\u0259 q\u0259d\u0259r qalacaqlar\u201d, &#8211; Ajikeyev vur\u011fulay\u0131b.<\/p>\n<p>O \u0259lav\u0259 edib ki, Qazax\u0131stan t\u0259r\u0259fi m\u00fcalic\u0259 m\u00fcdd\u0259tini uzatma\u011fa v\u0259 yaral\u0131lar\u0131n v\u0259ziyy\u0259ti sabitl\u0259\u015fdikd\u0259n sonra onlar\u0131 biz\u0259 t\u0259hvil verm\u0259y\u0259 haz\u0131r oldu\u011funu bildirib.\/\/Report<\/p>\n","protected":false},"excerpt":{"rendered":"<p>Dekabr\u0131n 28-d\u0259 Q\u0131r\u011f\u0131z\u0131stan Aktau yax\u0131nl\u0131\u011f\u0131nda AZAL-a m\u0259xsus t\u0259yyar\u0259nin q\u0259zaya u\u011framas\u0131 n\u0259tic\u0259sind\u0259 x\u0259sar\u0259t alan \u00f6lk\u0259 v\u0259t\u0259nda\u015flar\u0131n\u0131n v\u0259ziyy\u0259ti il\u0259 tan\u0131\u015f olmaq \u00fc\u00e7\u00fcn m\u00fct\u0259x\u0259ssisl\u0259rini Qazax\u0131stana g\u00f6nd\u0259r\u0259c\u0259k. Bu bar\u0259d\u0259 Q\u0131r\u011f\u0131z\u0131stan\u0131n f\u00f6vq\u0259lad\u0259 hallar naziri Boobek Ajikeyev \u201cAKIpress\u201d\u0259 m\u00fcsahib\u0259sind\u0259 bildirib. Onun s\u00f6zl\u0259rin\u0259 g\u00f6r\u0259, haz\u0131rda Q\u0131r\u011f\u0131z\u0131stan\u0131n \u00fc\u00e7 v\u0259t\u0259nda\u015f\u0131 x\u0259st\u0259xanadad\u0131r, onlardan biri reanimasiyadad\u0131r. \u201c\u0130ki n\u0259f\u0259rin v\u0259ziyy\u0259ti yax\u015f\u0131la\u015f\u0131b, onlardan birinin onur\u011fa s\u00fctunu a\u011f\u0131r z\u0259d\u0259l\u0259nib. Prezident Sad\u0131r Nurqojoyevi\u00e7 v\u0259t\u0259nda\u015flar\u0131m\u0131za q\u0131sa zamanda k\u00f6m\u0259klik g\u00f6st\u0259rilm\u0259si v\u0259 onlar\u0131n t\u0259xliy\u0259si prosesind\u0259 F\u00f6vq\u0259lad\u0259 Hallar Nazirliyinin maksimum i\u015ftirak\u0131n\u0131n t\u0259min edilm\u0259si il\u0259 ba\u011fl\u0131 birba\u015fa g\u00f6st\u0259ri\u015fl\u0259r verib. Biz \u0259m\u0259k, sosial t\u0259minat v\u0259 miqrasiya naziri Rav\u015fanbek Azatovi\u00e7 v\u0259 Qazax\u0131standak\u0131&hellip;<\/p>\n","protected":false},"author":2,"featured_media":777519,"comment_status":"closed","ping_status":"closed","sticky":false,"template":"","format":"standard","meta":{"om_disable_all_campaigns":false,"_monsterinsights_skip_tracking":false,"_monsterinsights_sitenote_active":false,"_monsterinsights_sitenote_note":"","_monsterinsights_sitenote_category":0},"categories":[19],"tags":[],"aioseo_notices":[],"gutentor_comment":0,"rttpg_featured_image_url":{"full":["https:\/\/arantv.az\/wp-content\/uploads\/2024\/12\/eb7101761678651d19058de41d484ff8.jpg",850,500,false],"landscape":["https:\/\/arantv.az\/wp-content\/uploads\/2024\/12\/eb7101761678651d19058de41d484ff8.jpg",850,500,false],"portraits":["https:\/\/arantv.az\/wp-content\/uploads\/2024\/12\/eb7101761678651d19058de41d484ff8.jpg",850,500,false],"thumbnail":["https:\/\/arantv.az\/wp-content\/uploads\/2024\/12\/eb7101761678651d19058de41d484ff8-500x280.jpg",500,280,true],"medium":["https:\/\/arantv.az\/wp-content\/uploads\/2024\/12\/eb7101761678651d19058de41d484ff8-621x365.jpg",621,365,true],"large":["https:\/\/arantv.az\/wp-content\/uploads\/2024\/12\/eb7101761678651d19058de41d484ff8-840x494.jpg",640,376,true],"1536x1536":["https:\/\/arantv.az\/wp-content\/uploads\/2024\/12\/eb7101761678651d19058de41d484ff8.jpg",850,500,false],"2048x2048":["https:\/\/arantv.az\/wp-content\/uploads\/2024\/12\/eb7101761678651d19058de41d484ff8.jpg",850,500,false],"post-thumbnail":["https:\/\/arantv.az\/wp-content\/uploads\/2024\/12\/eb7101761678651d19058de41d484ff8-240x172.jpg",240,172,true],"advps-thumb-one":["https:\/\/arantv.az\/wp-content\/uploads\/2024\/12\/eb7101761678651d19058de41d484ff8.jpg",850,500,false]},"rttpg_author":{"display_name":"V\u00fcsal Rafiqo\u011flu","author_link":"https:\/\/arantv.az\/?author=2"},"rttpg_comment":0,"rttpg_category":"<a href=\"https:\/\/arantv.az\/?cat=19\" rel=\"category\">G\u00fcnd\u0259m<\/a>","rttpg_excerpt":"Dekabr\u0131n 28-d\u0259 Q\u0131r\u011f\u0131z\u0131stan Aktau yax\u0131nl\u0131\u011f\u0131nda AZAL-a m\u0259xsus t\u0259yyar\u0259nin q\u0259zaya u\u011framas\u0131 n\u0259tic\u0259sind\u0259 x\u0259sar\u0259t alan \u00f6lk\u0259 v\u0259t\u0259nda\u015flar\u0131n\u0131n v\u0259ziyy\u0259ti il\u0259 tan\u0131\u015f olmaq \u00fc\u00e7\u00fcn m\u00fct\u0259x\u0259ssisl\u0259rini Qazax\u0131stana g\u00f6nd\u0259r\u0259c\u0259k. Bu bar\u0259d\u0259 Q\u0131r\u011f\u0131z\u0131stan\u0131n f\u00f6vq\u0259lad\u0259 hallar naziri Boobek Ajikeyev \u201cAKIpress\u201d\u0259 m\u00fcsahib\u0259sind\u0259 bildirib. Onun s\u00f6zl\u0259rin\u0259 g\u00f6r\u0259, haz\u0131rda Q\u0131r\u011f\u0131z\u0131stan\u0131n \u00fc\u00e7 v\u0259t\u0259nda\u015f\u0131 x\u0259st\u0259xanadad\u0131r, onlardan biri reanimasiyadad\u0131r. \u201c\u0130ki n\u0259f\u0259rin v\u0259ziyy\u0259ti yax\u015f\u0131la\u015f\u0131b, onlardan birinin onur\u011fa s\u00fctunu a\u011f\u0131r z\u0259d\u0259l\u0259nib.&hellip;","_links":{"self":[{"href":"https:\/\/arantv.az\/index.php?rest_route=\/wp\/v2\/posts\/777518"}],"collection":[{"href":"https:\/\/arantv.az\/index.php?rest_route=\/wp\/v2\/posts"}],"about":[{"href":"https:\/\/arantv.az\/index.php?rest_route=\/wp\/v2\/types\/post"}],"author":[{"embeddable":true,"href":"https:\/\/arantv.az\/index.php?rest_route=\/wp\/v2\/users\/2"}],"replies":[{"embeddable":true,"href":"https:\/\/arantv.az\/index.php?rest_route=%2Fwp%2Fv2%2Fcomments&post=777518"}],"version-history":[{"count":1,"href":"https:\/\/arantv.az\/index.php?rest_route=\/wp\/v2\/posts\/777518\/revisions"}],"predecessor-version":[{"id":777520,"href":"https:\/\/arantv.az\/index.php?rest_route=\/wp\/v2\/posts\/777518\/revisions\/777520"}],"wp:featuredmedia":[{"embeddable":true,"href":"https:\/\/arantv.az\/index.php?rest_route=\/wp\/v2\/media\/777519"}],"wp:attachment":[{"href":"https:\/\/arantv.az\/index.php?rest_route=%2Fwp%2Fv2%2Fmedia&parent=777518"}],"wp:term":[{"taxonomy":"category","embeddable":true,"href":"https:\/\/arantv.az\/index.php?rest_route=%2Fwp%2Fv2%2Fcategories&post=777518"},{"taxonomy":"post_tag","embeddable":true,"href":"https:\/\/arantv.az\/index.php?rest_route=%2Fwp%2Fv2%2Ftags&post=777518"}],"curies":[{"name":"wp","href":"https:\/\/api.w.org\/{rel}","templated":true}]}}