{"id":777521,"date":"2024-12-28T00:17:35","date_gmt":"2024-12-27T20:17:35","guid":{"rendered":"https:\/\/arantv.az\/?p=777521"},"modified":"2024-12-28T00:17:35","modified_gmt":"2024-12-27T20:17:35","slug":"kapitan-iqor-ksnyakin%c9%99-horm%c9%99t-az%c9%99rbaycan-gimnastika-federasiyasindan-bassagligi","status":"publish","type":"post","link":"https:\/\/arantv.az\/?p=777521","title":{"rendered":"Kapitan \u0130qor K\u015fnyakin\u0259 h\u00f6rm\u0259t: Az\u0259rbaycan Gimnastika Federasiyas\u0131ndan ba\u015fsa\u011fl\u0131\u011f\u0131"},"content":{"rendered":"<div class=\"text-content\" data-id=\"\" data-url=\"\">\n<p><strong>Az\u0259rbaycan Gimnastika Federasiyas\u0131 \u201cGimnastika ham\u0131 \u00fc\u00e7\u00fcn\u201d n\u00f6v\u00fc \u00fczr\u0259 t\u0259msil\u00e7il\u0259r Anastasiya v\u0259 Darya K\u015fnyakinan\u0131n atas\u0131, q\u0259hr\u0259man pilot \u0130qor \u0130vanovi\u00e7 K\u015fnyakinin faci\u0259vi \u00f6l\u00fcm\u00fcn\u0259 g\u00f6r\u0259 ba\u015fsa\u011fl\u0131\u011f\u0131 verib.<\/strong><\/p>\n<p>Federasiya sosial \u015f\u0259b\u0259k\u0259l\u0259r vasit\u0259sil\u0259 payla\u015f\u0131m ed\u0259r\u0259k t\u0259yyar\u0259 q\u0259zas\u0131nda h\u0259yat\u0131n\u0131 itir\u0259n Kapitan K\u015fnyakinin timsal\u0131nda b\u00fct\u00fcn ekipaj \u00fczvl\u0259rin\u0259 Allahdan r\u0259hm\u0259t dil\u0259yib.<\/p>\n<p><strong>Mesajda bu s\u00f6zl\u0259r yer al\u0131b:<\/strong><\/p>\n<p>\u201cKapitan K\u015fnyakin \u0130qor \u0130vanovi\u00e7 ba\u015f vermi\u015f t\u0259yyar\u0259 q\u0259zas\u0131nda h\u0259yat\u0131n\u0131 itirib. Onun timsal\u0131nda b\u00fct\u00fcn ekipaj \u00fczvl\u0259rin\u0259 Allahdan r\u0259hm\u0259t dil\u0259yirik.\u201d<\/p>\n<p>Qeyd ed\u0259k ki, \u0130qor K\u015fnyakin Bak\u0131-Qrozn\u0131 reysi \u00fczr\u0259 u\u00e7an AZAL t\u0259yyar\u0259sind\u0259 kapitan pilot olub. O, t\u0259yyar\u0259nin t\u0259hl\u00fck\u0259sizliyini t\u0259min etm\u0259k \u00fc\u00e7\u00fcn son ana q\u0259d\u0259r m\u00fcbariz\u0259 apar\u0131b v\u0259 \u00f6z h\u0259yat\u0131n\u0131 risk\u0259 at\u0131b.<\/p>\n<p>Bu a\u011f\u0131r itki il\u0259 \u0259laq\u0259dar Az\u0259rbaycan ictimaiyy\u0259ti h\u0259lak olanlar\u0131n ail\u0259l\u0259rin\u0259 v\u0259 yax\u0131nlar\u0131na d\u0259rin h\u00fcznl\u0259 ba\u015fsa\u011fl\u0131\u011f\u0131 verir. \u0130qor K\u015fnyakinin f\u0259dakarl\u0131\u011f\u0131 v\u0259 q\u0259hr\u0259manl\u0131\u011f\u0131 unudulmayacaq.<\/p>\n<p><strong>Musavat.com<\/strong>\u00a0olaraq q\u0259zan\u0131n b\u00fct\u00fcn t\u0259f\u0259rr\u00fcatlar\u0131n\u0131 izl\u0259m\u0259y\u0259 davam ed\u0259c\u0259yik.<\/p>\n<\/div>\n<div>\n<div class=\"form-group\"><img class=\"img-responsive\" src=\"https:\/\/cdn.musavat.com\/news\/images\/GUGU\/hh\/oo\/WhatsApp%20Image%202024-12-27%20at%2020.54.04.jpeg\" \/><\/div>\n<\/div>\n<div><\/div>\n<div class=\"inner-social-box\">\n<div class=\"subs-in-social subs-whatsapp\"><\/div>\n<\/div>\n","protected":false},"excerpt":{"rendered":"<p>Az\u0259rbaycan Gimnastika Federasiyas\u0131 \u201cGimnastika ham\u0131 \u00fc\u00e7\u00fcn\u201d n\u00f6v\u00fc \u00fczr\u0259 t\u0259msil\u00e7il\u0259r Anastasiya v\u0259 Darya K\u015fnyakinan\u0131n atas\u0131, q\u0259hr\u0259man pilot \u0130qor \u0130vanovi\u00e7 K\u015fnyakinin faci\u0259vi \u00f6l\u00fcm\u00fcn\u0259 g\u00f6r\u0259 ba\u015fsa\u011fl\u0131\u011f\u0131 verib. Federasiya sosial \u015f\u0259b\u0259k\u0259l\u0259r vasit\u0259sil\u0259 payla\u015f\u0131m ed\u0259r\u0259k t\u0259yyar\u0259 q\u0259zas\u0131nda h\u0259yat\u0131n\u0131 itir\u0259n Kapitan K\u015fnyakinin timsal\u0131nda b\u00fct\u00fcn ekipaj \u00fczvl\u0259rin\u0259 Allahdan r\u0259hm\u0259t dil\u0259yib. Mesajda bu s\u00f6zl\u0259r yer al\u0131b: \u201cKapitan K\u015fnyakin \u0130qor \u0130vanovi\u00e7 ba\u015f vermi\u015f t\u0259yyar\u0259 q\u0259zas\u0131nda h\u0259yat\u0131n\u0131 itirib. Onun timsal\u0131nda b\u00fct\u00fcn ekipaj \u00fczvl\u0259rin\u0259 Allahdan r\u0259hm\u0259t dil\u0259yirik.\u201d Qeyd ed\u0259k ki, \u0130qor K\u015fnyakin Bak\u0131-Qrozn\u0131 reysi \u00fczr\u0259 u\u00e7an AZAL t\u0259yyar\u0259sind\u0259 kapitan pilot olub. O, t\u0259yyar\u0259nin t\u0259hl\u00fck\u0259sizliyini t\u0259min etm\u0259k \u00fc\u00e7\u00fcn son ana q\u0259d\u0259r m\u00fcbariz\u0259&hellip;<\/p>\n","protected":false},"author":2,"featured_media":777522,"comment_status":"closed","ping_status":"closed","sticky":false,"template":"","format":"standard","meta":{"om_disable_all_campaigns":false,"_monsterinsights_skip_tracking":false,"_monsterinsights_sitenote_active":false,"_monsterinsights_sitenote_note":"","_monsterinsights_sitenote_category":0},"categories":[19],"tags":[],"aioseo_notices":[],"gutentor_comment":0,"rttpg_featured_image_url":{"full":["https:\/\/arantv.az\/wp-content\/uploads\/2024\/12\/733f60034336336f5e0e6226edb0b3b7.jpg",739,500,false],"landscape":["https:\/\/arantv.az\/wp-content\/uploads\/2024\/12\/733f60034336336f5e0e6226edb0b3b7.jpg",739,500,false],"portraits":["https:\/\/arantv.az\/wp-content\/uploads\/2024\/12\/733f60034336336f5e0e6226edb0b3b7.jpg",739,500,false],"thumbnail":["https:\/\/arantv.az\/wp-content\/uploads\/2024\/12\/733f60034336336f5e0e6226edb0b3b7-500x280.jpg",500,280,true],"medium":["https:\/\/arantv.az\/wp-content\/uploads\/2024\/12\/733f60034336336f5e0e6226edb0b3b7-539x365.jpg",539,365,true],"large":["https:\/\/arantv.az\/wp-content\/uploads\/2024\/12\/733f60034336336f5e0e6226edb0b3b7.jpg",640,433,false],"1536x1536":["https:\/\/arantv.az\/wp-content\/uploads\/2024\/12\/733f60034336336f5e0e6226edb0b3b7.jpg",739,500,false],"2048x2048":["https:\/\/arantv.az\/wp-content\/uploads\/2024\/12\/733f60034336336f5e0e6226edb0b3b7.jpg",739,500,false],"post-thumbnail":["https:\/\/arantv.az\/wp-content\/uploads\/2024\/12\/733f60034336336f5e0e6226edb0b3b7-240x172.jpg",240,172,true],"advps-thumb-one":["https:\/\/arantv.az\/wp-content\/uploads\/2024\/12\/733f60034336336f5e0e6226edb0b3b7.jpg",739,500,false]},"rttpg_author":{"display_name":"V\u00fcsal Rafiqo\u011flu","author_link":"https:\/\/arantv.az\/?author=2"},"rttpg_comment":0,"rttpg_category":"<a href=\"https:\/\/arantv.az\/?cat=19\" rel=\"category\">G\u00fcnd\u0259m<\/a>","rttpg_excerpt":"Az\u0259rbaycan Gimnastika Federasiyas\u0131 \u201cGimnastika ham\u0131 \u00fc\u00e7\u00fcn\u201d n\u00f6v\u00fc \u00fczr\u0259 t\u0259msil\u00e7il\u0259r Anastasiya v\u0259 Darya K\u015fnyakinan\u0131n atas\u0131, q\u0259hr\u0259man pilot \u0130qor \u0130vanovi\u00e7 K\u015fnyakinin faci\u0259vi \u00f6l\u00fcm\u00fcn\u0259 g\u00f6r\u0259 ba\u015fsa\u011fl\u0131\u011f\u0131 verib. Federasiya sosial \u015f\u0259b\u0259k\u0259l\u0259r vasit\u0259sil\u0259 payla\u015f\u0131m ed\u0259r\u0259k t\u0259yyar\u0259 q\u0259zas\u0131nda h\u0259yat\u0131n\u0131 itir\u0259n Kapitan K\u015fnyakinin timsal\u0131nda b\u00fct\u00fcn ekipaj \u00fczvl\u0259rin\u0259 Allahdan r\u0259hm\u0259t dil\u0259yib. Mesajda bu s\u00f6zl\u0259r yer al\u0131b: \u201cKapitan K\u015fnyakin \u0130qor \u0130vanovi\u00e7 ba\u015f vermi\u015f t\u0259yyar\u0259&hellip;","_links":{"self":[{"href":"https:\/\/arantv.az\/index.php?rest_route=\/wp\/v2\/posts\/777521"}],"collection":[{"href":"https:\/\/arantv.az\/index.php?rest_route=\/wp\/v2\/posts"}],"about":[{"href":"https:\/\/arantv.az\/index.php?rest_route=\/wp\/v2\/types\/post"}],"author":[{"embeddable":true,"href":"https:\/\/arantv.az\/index.php?rest_route=\/wp\/v2\/users\/2"}],"replies":[{"embeddable":true,"href":"https:\/\/arantv.az\/index.php?rest_route=%2Fwp%2Fv2%2Fcomments&post=777521"}],"version-history":[{"count":1,"href":"https:\/\/arantv.az\/index.php?rest_route=\/wp\/v2\/posts\/777521\/revisions"}],"predecessor-version":[{"id":777523,"href":"https:\/\/arantv.az\/index.php?rest_route=\/wp\/v2\/posts\/777521\/revisions\/777523"}],"wp:featuredmedia":[{"embeddable":true,"href":"https:\/\/arantv.az\/index.php?rest_route=\/wp\/v2\/media\/777522"}],"wp:attachment":[{"href":"https:\/\/arantv.az\/index.php?rest_route=%2Fwp%2Fv2%2Fmedia&parent=777521"}],"wp:term":[{"taxonomy":"category","embeddable":true,"href":"https:\/\/arantv.az\/index.php?rest_route=%2Fwp%2Fv2%2Fcategories&post=777521"},{"taxonomy":"post_tag","embeddable":true,"href":"https:\/\/arantv.az\/index.php?rest_route=%2Fwp%2Fv2%2Ftags&post=777521"}],"curies":[{"name":"wp","href":"https:\/\/api.w.org\/{rel}","templated":true}]}}