{"id":777531,"date":"2024-12-28T00:24:00","date_gmt":"2024-12-27T20:24:00","guid":{"rendered":"https:\/\/arantv.az\/?p=777531"},"modified":"2024-12-28T00:24:00","modified_gmt":"2024-12-27T20:24:00","slug":"xorvatiya-prezidenti-ilham-%c9%99liyev%c9%99-bassagligi-m%c9%99ktubu-unvanladi","status":"publish","type":"post","link":"https:\/\/arantv.az\/?p=777531","title":{"rendered":"Xorvatiya Prezidenti \u0130lham \u018fliyev\u0259 ba\u015fsa\u011fl\u0131\u011f\u0131 m\u0259ktubu \u00fcnvanlad\u0131"},"content":{"rendered":"<p><strong>Xorvatiya Prezidenti Zoran Milanovi\u00e7 Az\u0259rbaycan Prezidenti \u0130lham \u018fliyev\u0259 ba\u015fsa\u011fl\u0131\u011f\u0131 m\u0259ktubu \u00fcnvanlay\u0131b.<\/strong><\/p>\n<p><strong>ARANTV.AZ <\/strong>\u00a0x\u0259b\u0259r verir ki, m\u0259ktubda deyilir:<\/p>\n<p>&#8220;H\u00f6rm\u0259tli c\u0259nab Prezident.<\/p>\n<p>\u201cAz\u0259rbaycan Hava Yollar\u0131\u201dna m\u0259xsus s\u0259rni\u015fin t\u0259yyar\u0259sinin Qazax\u0131stan\u0131n Aktau \u015f\u0259h\u0259ri yax\u0131nl\u0131\u011f\u0131nda faci\u0259vi \u015f\u0259kild\u0259 q\u0259zaya u\u011framas\u0131 n\u0259tic\u0259sind\u0259 insanlar\u0131n h\u0259lak olmas\u0131 il\u0259 \u0259laq\u0259dar Xorvatiya Respublikas\u0131n\u0131n v\u0259t\u0259nda\u015flar\u0131 ad\u0131ndan v\u0259 \u015f\u0259xs\u0259n \u00f6z ad\u0131mdan onlar\u0131n ail\u0259l\u0259rin\u0259 v\u0259 b\u00fct\u00fcn Az\u0259rbaycan v\u0259t\u0259nda\u015flar\u0131na d\u0259rin h\u00fcznl\u0259 ba\u015fsa\u011fl\u0131\u011f\u0131 verir\u0259m.<\/p>\n<p>Bu k\u0259d\u0259rli vaxtda Az\u0259rbaycan xalq\u0131 il\u0259 h\u0259mr\u0259yliyimizi bildirir, yaral\u0131lar\u0131n tezlikl\u0259 sa\u011falmalar\u0131n\u0131 arzulay\u0131r\u0131q.<\/p>\n<p>C\u0259nab Prezident, \u0259n y\u00fcks\u0259k ehtiram\u0131m\u0131 q\u0259bul etm\u0259yinizi xahi\u015f edir\u0259m&#8221;.<\/p>\n<p>Xat\u0131rladaq ki, AZAL-a m\u0259xsus Bak\u0131-Qrozn\u0131 aviareysini h\u0259yata ke\u00e7ir\u0259n s\u0259rni\u015fin t\u0259yyar\u0259si dekabr\u0131n 25-d\u0259 Qazax\u0131stan\u0131n Aktau \u015f\u0259h\u0259ri yax\u0131nl\u0131\u011f\u0131nda q\u0259zaya u\u011fray\u0131b. Avialaynerin g\u00f6y\u0259rt\u0259sind\u0259 olan\u00a0<strong>67<\/strong>\u00a0n\u0259f\u0259rd\u0259n\u00a0<strong>42<\/strong>-si Az\u0259rbaycan,\u00a0<strong>16<\/strong>-s\u0131 Rusiya,<strong>\u00a06<\/strong>-s\u0131 Qazax\u0131stan,\u00a0<strong>3<\/strong>-\u00fc is\u0259 Q\u0131r\u011f\u0131z\u0131stan v\u0259t\u0259nda\u015f\u0131 olub. Onlardan\u00a0<strong>38<\/strong>-i h\u0259lak olub,\u00a0<strong>29<\/strong>-u sa\u011f qal\u0131b.<\/p>\n<p>Q\u0259zadan sonra x\u0259st\u0259xanaya\u00a0<strong>27<\/strong>\u00a0\u015f\u0259xs daxil olub. Onlardan\u00a0<strong>15<\/strong>\u00a0n\u0259f\u0259r Az\u0259rbaycan Respublikas\u0131n\u0131n,\u00a0<strong>8<\/strong>\u00a0n\u0259f\u0259r Rusiya Federasiyas\u0131n\u0131n,\u00a0<strong>3<\/strong>\u00a0n\u0259f\u0259r Q\u0131r\u011f\u0131z\u0131stan Respublikas\u0131n\u0131n v\u0259t\u0259nda\u015f\u0131d\u0131r. Bir n\u0259f\u0259rin \u015f\u0259xsiyy\u0259ti, h\u0259l\u0259lik m\u00fc\u0259yy\u0259n edilm\u0259yib.<\/p>\n<p>H\u0259r iki pilot da daxil olmaqla\u00a0<strong>3<\/strong>\u00a0ekipaj \u00fczv\u00fc h\u0259lak olub, iki ekipaj \u00fczv\u00fc is\u0259 sa\u011f qal\u0131b.<\/p>\n<p>Dekabr\u0131n 26-da Az\u0259rbaycana\u00a0<strong>14<\/strong>\u00a0yaral\u0131 v\u0259\u00a0<strong>4\u00a0<\/strong>n\u0259f\u0259rin c\u0259s\u0259di g\u0259tirilib.<\/p>\n<p>Qeyd ed\u0259k ki, hadis\u0259d\u0259n sonra d\u00f6vl\u0259t ba\u015f\u00e7\u0131s\u0131n\u0131n tap\u015f\u0131r\u0131\u011f\u0131 il\u0259 t\u0259yyar\u0259 q\u0259zas\u0131n\u0131n s\u0259b\u0259bl\u0259rinin ara\u015fd\u0131r\u0131lmas\u0131 \u00fc\u00e7\u00fcn Ba\u015f nazir \u018fli \u018fs\u0259dovun r\u0259hb\u0259rliyi il\u0259 D\u00f6vl\u0259t Komissiyas\u0131 yarad\u0131l\u0131b.<\/p>\n<p>Eyni zamanda Prezident \u0130lham \u018fliyev dekabr\u0131n 26-n\u0131n Az\u0259rbaycanda mat\u0259m g\u00fcn\u00fc elan olunmas\u0131 bar\u0259d\u0259 s\u0259r\u0259ncam imzalay\u0131b.<\/p>\n","protected":false},"excerpt":{"rendered":"<p>Xorvatiya Prezidenti Zoran Milanovi\u00e7 Az\u0259rbaycan Prezidenti \u0130lham \u018fliyev\u0259 ba\u015fsa\u011fl\u0131\u011f\u0131 m\u0259ktubu \u00fcnvanlay\u0131b. ARANTV.AZ \u00a0x\u0259b\u0259r verir ki, m\u0259ktubda deyilir: &#8220;H\u00f6rm\u0259tli c\u0259nab Prezident. \u201cAz\u0259rbaycan Hava Yollar\u0131\u201dna m\u0259xsus s\u0259rni\u015fin t\u0259yyar\u0259sinin Qazax\u0131stan\u0131n Aktau \u015f\u0259h\u0259ri yax\u0131nl\u0131\u011f\u0131nda faci\u0259vi \u015f\u0259kild\u0259 q\u0259zaya u\u011framas\u0131 n\u0259tic\u0259sind\u0259 insanlar\u0131n h\u0259lak olmas\u0131 il\u0259 \u0259laq\u0259dar Xorvatiya Respublikas\u0131n\u0131n v\u0259t\u0259nda\u015flar\u0131 ad\u0131ndan v\u0259 \u015f\u0259xs\u0259n \u00f6z ad\u0131mdan onlar\u0131n ail\u0259l\u0259rin\u0259 v\u0259 b\u00fct\u00fcn Az\u0259rbaycan v\u0259t\u0259nda\u015flar\u0131na d\u0259rin h\u00fcznl\u0259 ba\u015fsa\u011fl\u0131\u011f\u0131 verir\u0259m. Bu k\u0259d\u0259rli vaxtda Az\u0259rbaycan xalq\u0131 il\u0259 h\u0259mr\u0259yliyimizi bildirir, yaral\u0131lar\u0131n tezlikl\u0259 sa\u011falmalar\u0131n\u0131 arzulay\u0131r\u0131q. C\u0259nab Prezident, \u0259n y\u00fcks\u0259k ehtiram\u0131m\u0131 q\u0259bul etm\u0259yinizi xahi\u015f edir\u0259m&#8221;. Xat\u0131rladaq ki, AZAL-a m\u0259xsus Bak\u0131-Qrozn\u0131 aviareysini h\u0259yata ke\u00e7ir\u0259n s\u0259rni\u015fin t\u0259yyar\u0259si dekabr\u0131n&hellip;<\/p>\n","protected":false},"author":2,"featured_media":777532,"comment_status":"closed","ping_status":"closed","sticky":false,"template":"","format":"standard","meta":{"om_disable_all_campaigns":false,"_monsterinsights_skip_tracking":false,"_monsterinsights_sitenote_active":false,"_monsterinsights_sitenote_note":"","_monsterinsights_sitenote_category":0},"categories":[4],"tags":[],"aioseo_notices":[],"gutentor_comment":0,"rttpg_featured_image_url":{"full":["https:\/\/arantv.az\/wp-content\/uploads\/2024\/12\/45a2ce2dc7463e184424b5516dc2ab5f.jpg",850,500,false],"landscape":["https:\/\/arantv.az\/wp-content\/uploads\/2024\/12\/45a2ce2dc7463e184424b5516dc2ab5f.jpg",850,500,false],"portraits":["https:\/\/arantv.az\/wp-content\/uploads\/2024\/12\/45a2ce2dc7463e184424b5516dc2ab5f.jpg",850,500,false],"thumbnail":["https:\/\/arantv.az\/wp-content\/uploads\/2024\/12\/45a2ce2dc7463e184424b5516dc2ab5f-500x280.jpg",500,280,true],"medium":["https:\/\/arantv.az\/wp-content\/uploads\/2024\/12\/45a2ce2dc7463e184424b5516dc2ab5f-621x365.jpg",621,365,true],"large":["https:\/\/arantv.az\/wp-content\/uploads\/2024\/12\/45a2ce2dc7463e184424b5516dc2ab5f-840x494.jpg",640,376,true],"1536x1536":["https:\/\/arantv.az\/wp-content\/uploads\/2024\/12\/45a2ce2dc7463e184424b5516dc2ab5f.jpg",850,500,false],"2048x2048":["https:\/\/arantv.az\/wp-content\/uploads\/2024\/12\/45a2ce2dc7463e184424b5516dc2ab5f.jpg",850,500,false],"post-thumbnail":["https:\/\/arantv.az\/wp-content\/uploads\/2024\/12\/45a2ce2dc7463e184424b5516dc2ab5f-240x172.jpg",240,172,true],"advps-thumb-one":["https:\/\/arantv.az\/wp-content\/uploads\/2024\/12\/45a2ce2dc7463e184424b5516dc2ab5f.jpg",850,500,false]},"rttpg_author":{"display_name":"V\u00fcsal Rafiqo\u011flu","author_link":"https:\/\/arantv.az\/?author=2"},"rttpg_comment":0,"rttpg_category":"<a href=\"https:\/\/arantv.az\/?cat=4\" rel=\"category\">Siyas\u0259t<\/a>","rttpg_excerpt":"Xorvatiya Prezidenti Zoran Milanovi\u00e7 Az\u0259rbaycan Prezidenti \u0130lham \u018fliyev\u0259 ba\u015fsa\u011fl\u0131\u011f\u0131 m\u0259ktubu \u00fcnvanlay\u0131b. ARANTV.AZ \u00a0x\u0259b\u0259r verir ki, m\u0259ktubda deyilir: &#8220;H\u00f6rm\u0259tli c\u0259nab Prezident. \u201cAz\u0259rbaycan Hava Yollar\u0131\u201dna m\u0259xsus s\u0259rni\u015fin t\u0259yyar\u0259sinin Qazax\u0131stan\u0131n Aktau \u015f\u0259h\u0259ri yax\u0131nl\u0131\u011f\u0131nda faci\u0259vi \u015f\u0259kild\u0259 q\u0259zaya u\u011framas\u0131 n\u0259tic\u0259sind\u0259 insanlar\u0131n h\u0259lak olmas\u0131 il\u0259 \u0259laq\u0259dar Xorvatiya Respublikas\u0131n\u0131n v\u0259t\u0259nda\u015flar\u0131 ad\u0131ndan v\u0259 \u015f\u0259xs\u0259n \u00f6z ad\u0131mdan onlar\u0131n ail\u0259l\u0259rin\u0259 v\u0259 b\u00fct\u00fcn Az\u0259rbaycan v\u0259t\u0259nda\u015flar\u0131na d\u0259rin&hellip;","_links":{"self":[{"href":"https:\/\/arantv.az\/index.php?rest_route=\/wp\/v2\/posts\/777531"}],"collection":[{"href":"https:\/\/arantv.az\/index.php?rest_route=\/wp\/v2\/posts"}],"about":[{"href":"https:\/\/arantv.az\/index.php?rest_route=\/wp\/v2\/types\/post"}],"author":[{"embeddable":true,"href":"https:\/\/arantv.az\/index.php?rest_route=\/wp\/v2\/users\/2"}],"replies":[{"embeddable":true,"href":"https:\/\/arantv.az\/index.php?rest_route=%2Fwp%2Fv2%2Fcomments&post=777531"}],"version-history":[{"count":1,"href":"https:\/\/arantv.az\/index.php?rest_route=\/wp\/v2\/posts\/777531\/revisions"}],"predecessor-version":[{"id":777533,"href":"https:\/\/arantv.az\/index.php?rest_route=\/wp\/v2\/posts\/777531\/revisions\/777533"}],"wp:featuredmedia":[{"embeddable":true,"href":"https:\/\/arantv.az\/index.php?rest_route=\/wp\/v2\/media\/777532"}],"wp:attachment":[{"href":"https:\/\/arantv.az\/index.php?rest_route=%2Fwp%2Fv2%2Fmedia&parent=777531"}],"wp:term":[{"taxonomy":"category","embeddable":true,"href":"https:\/\/arantv.az\/index.php?rest_route=%2Fwp%2Fv2%2Fcategories&post=777531"},{"taxonomy":"post_tag","embeddable":true,"href":"https:\/\/arantv.az\/index.php?rest_route=%2Fwp%2Fv2%2Ftags&post=777531"}],"curies":[{"name":"wp","href":"https:\/\/api.w.org\/{rel}","templated":true}]}}