{"id":777534,"date":"2024-12-28T00:26:58","date_gmt":"2024-12-27T20:26:58","guid":{"rendered":"https:\/\/arantv.az\/?p=777534"},"modified":"2024-12-28T00:26:58","modified_gmt":"2024-12-27T20:26:58","slug":"sudanin-suveren-kecid-surasinin-s%c9%99dri-prezident-ilham-%c9%99liyev%c9%99-bassagligi-verib","status":"publish","type":"post","link":"https:\/\/arantv.az\/?p=777534","title":{"rendered":"Sudan\u0131n Suveren Ke\u00e7id \u015euras\u0131n\u0131n S\u0259dri Prezident \u0130lham \u018fliyev\u0259 ba\u015fsa\u011fl\u0131\u011f\u0131 verib"},"content":{"rendered":"<div class=\"text-content\" data-id=\"\" data-url=\"\">\n<p><strong>Sudan Respublikas\u0131n\u0131n Suveren Ke\u00e7id \u015euras\u0131n\u0131n S\u0259dri Abdel Fattah Al-Burhan Abdelrahman Al-Burhan Prezident \u0130lham \u018fliyev\u0259 ba\u015fsa\u011fl\u0131\u011f\u0131 verib.<\/strong><\/p>\n<p><strong>ARANTV.AZ<\/strong>\u00a0x\u0259b\u0259r verir ki, ba\u015fsa\u011fl\u0131\u011f\u0131nda deyilir:<\/p>\n<p>&#8220;Zati-alil\u0259ri, \u0259ziz Qarda\u015f\u0131m.<\/p>\n<p>Dekabr\u0131n 25-d\u0259 Qazax\u0131stan\u0131n Aktau \u015f\u0259h\u0259ri yax\u0131nl\u0131\u011f\u0131nda \u201cAz\u0259rbaycan Hava Yollar\u0131\u201dna m\u0259xsus s\u0259rni\u015fin t\u0259yyar\u0259sinin faci\u0259vi \u015f\u0259kild\u0259 q\u0259zaya u\u011framas\u0131 v\u0259 \u00e7oxsayl\u0131 insan\u0131n h\u0259lak olmas\u0131 bar\u0259d\u0259 x\u0259b\u0259ri d\u0259rin k\u0259d\u0259r hissi il\u0259 qar\u015f\u0131lad\u0131q.<\/p>\n<p>Sudan xalq\u0131 ad\u0131ndan v\u0259 \u015f\u0259xs\u0259n \u00f6z ad\u0131mdan Zati-aliniz\u0259 v\u0259 h\u0259lak olanlar\u0131n ail\u0259l\u0259rin\u0259 d\u0259rin h\u00fcznl\u0259 ba\u015fsa\u011fl\u0131\u011f\u0131 verir\u0259m. Biz, h\u0259m\u00e7inin bu d\u0259h\u015f\u0259tli hadis\u0259 zaman\u0131 x\u0259sar\u0259t alanlar\u0131n tezlikl\u0259 v\u0259 tam sa\u011falmalar\u0131 \u00fc\u00e7\u00fcn dua edirik.<\/p>\n<p>Bu k\u0259d\u0259rli vaxtda m\u0259n Sudan h\u00f6kum\u0259tinin v\u0259 xalq\u0131n\u0131n Az\u0259rbaycan Respublikas\u0131 il\u0259 davaml\u0131 h\u0259mr\u0259yliyini bir daha t\u0259sdiq edir\u0259m. Uca Allahdan dil\u0259yir\u0259m ki, h\u0259yat\u0131n\u0131 itir\u0259nl\u0259r\u0259 r\u0259hm\u0259t el\u0259sin, onlar\u0131n yax\u0131nlar\u0131na s\u0259bir v\u0259 t\u0259s\u0259lli versin.<\/p>\n<p>Zati-alil\u0259ri, \u0259ziz Qarda\u015f\u0131m, \u0259n y\u00fcks\u0259k h\u00f6rm\u0259t v\u0259 ehtiram\u0131m\u0131 q\u0259bul etm\u0259yinizi xahi\u015f edir\u0259m&#8221;.<\/p>\n<\/div>\n<div><\/div>\n<div><\/div>\n<div class=\"inner-social-box\">\n<div class=\"subs-in-social subs-whatsapp\"><\/div>\n<\/div>\n","protected":false},"excerpt":{"rendered":"<p>Sudan Respublikas\u0131n\u0131n Suveren Ke\u00e7id \u015euras\u0131n\u0131n S\u0259dri Abdel Fattah Al-Burhan Abdelrahman Al-Burhan Prezident \u0130lham \u018fliyev\u0259 ba\u015fsa\u011fl\u0131\u011f\u0131 verib. ARANTV.AZ\u00a0x\u0259b\u0259r verir ki, ba\u015fsa\u011fl\u0131\u011f\u0131nda deyilir: &#8220;Zati-alil\u0259ri, \u0259ziz Qarda\u015f\u0131m. Dekabr\u0131n 25-d\u0259 Qazax\u0131stan\u0131n Aktau \u015f\u0259h\u0259ri yax\u0131nl\u0131\u011f\u0131nda \u201cAz\u0259rbaycan Hava Yollar\u0131\u201dna m\u0259xsus s\u0259rni\u015fin t\u0259yyar\u0259sinin faci\u0259vi \u015f\u0259kild\u0259 q\u0259zaya u\u011framas\u0131 v\u0259 \u00e7oxsayl\u0131 insan\u0131n h\u0259lak olmas\u0131 bar\u0259d\u0259 x\u0259b\u0259ri d\u0259rin k\u0259d\u0259r hissi il\u0259 qar\u015f\u0131lad\u0131q. Sudan xalq\u0131 ad\u0131ndan v\u0259 \u015f\u0259xs\u0259n \u00f6z ad\u0131mdan Zati-aliniz\u0259 v\u0259 h\u0259lak olanlar\u0131n ail\u0259l\u0259rin\u0259 d\u0259rin h\u00fcznl\u0259 ba\u015fsa\u011fl\u0131\u011f\u0131 verir\u0259m. Biz, h\u0259m\u00e7inin bu d\u0259h\u015f\u0259tli hadis\u0259 zaman\u0131 x\u0259sar\u0259t alanlar\u0131n tezlikl\u0259 v\u0259 tam sa\u011falmalar\u0131 \u00fc\u00e7\u00fcn dua edirik. Bu k\u0259d\u0259rli vaxtda m\u0259n Sudan h\u00f6kum\u0259tinin v\u0259&hellip;<\/p>\n","protected":false},"author":2,"featured_media":777535,"comment_status":"closed","ping_status":"closed","sticky":false,"template":"","format":"standard","meta":{"om_disable_all_campaigns":false,"_monsterinsights_skip_tracking":false,"_monsterinsights_sitenote_active":false,"_monsterinsights_sitenote_note":"","_monsterinsights_sitenote_category":0},"categories":[4],"tags":[],"aioseo_notices":[],"gutentor_comment":0,"rttpg_featured_image_url":{"full":["https:\/\/arantv.az\/wp-content\/uploads\/2024\/12\/65745a1139151388d5e4168ce98cac97.jpg",870,500,false],"landscape":["https:\/\/arantv.az\/wp-content\/uploads\/2024\/12\/65745a1139151388d5e4168ce98cac97.jpg",870,500,false],"portraits":["https:\/\/arantv.az\/wp-content\/uploads\/2024\/12\/65745a1139151388d5e4168ce98cac97.jpg",870,500,false],"thumbnail":["https:\/\/arantv.az\/wp-content\/uploads\/2024\/12\/65745a1139151388d5e4168ce98cac97-500x280.jpg",500,280,true],"medium":["https:\/\/arantv.az\/wp-content\/uploads\/2024\/12\/65745a1139151388d5e4168ce98cac97-635x365.jpg",635,365,true],"large":["https:\/\/arantv.az\/wp-content\/uploads\/2024\/12\/65745a1139151388d5e4168ce98cac97-840x483.jpg",640,368,true],"1536x1536":["https:\/\/arantv.az\/wp-content\/uploads\/2024\/12\/65745a1139151388d5e4168ce98cac97.jpg",870,500,false],"2048x2048":["https:\/\/arantv.az\/wp-content\/uploads\/2024\/12\/65745a1139151388d5e4168ce98cac97.jpg",870,500,false],"post-thumbnail":["https:\/\/arantv.az\/wp-content\/uploads\/2024\/12\/65745a1139151388d5e4168ce98cac97-240x172.jpg",240,172,true],"advps-thumb-one":["https:\/\/arantv.az\/wp-content\/uploads\/2024\/12\/65745a1139151388d5e4168ce98cac97.jpg",870,500,false]},"rttpg_author":{"display_name":"V\u00fcsal Rafiqo\u011flu","author_link":"https:\/\/arantv.az\/?author=2"},"rttpg_comment":0,"rttpg_category":"<a href=\"https:\/\/arantv.az\/?cat=4\" rel=\"category\">Siyas\u0259t<\/a>","rttpg_excerpt":"Sudan Respublikas\u0131n\u0131n Suveren Ke\u00e7id \u015euras\u0131n\u0131n S\u0259dri Abdel Fattah Al-Burhan Abdelrahman Al-Burhan Prezident \u0130lham \u018fliyev\u0259 ba\u015fsa\u011fl\u0131\u011f\u0131 verib. ARANTV.AZ\u00a0x\u0259b\u0259r verir ki, ba\u015fsa\u011fl\u0131\u011f\u0131nda deyilir: &#8220;Zati-alil\u0259ri, \u0259ziz Qarda\u015f\u0131m. Dekabr\u0131n 25-d\u0259 Qazax\u0131stan\u0131n Aktau \u015f\u0259h\u0259ri yax\u0131nl\u0131\u011f\u0131nda \u201cAz\u0259rbaycan Hava Yollar\u0131\u201dna m\u0259xsus s\u0259rni\u015fin t\u0259yyar\u0259sinin faci\u0259vi \u015f\u0259kild\u0259 q\u0259zaya u\u011framas\u0131 v\u0259 \u00e7oxsayl\u0131 insan\u0131n h\u0259lak olmas\u0131 bar\u0259d\u0259 x\u0259b\u0259ri d\u0259rin k\u0259d\u0259r hissi il\u0259 qar\u015f\u0131lad\u0131q. Sudan xalq\u0131 ad\u0131ndan&hellip;","_links":{"self":[{"href":"https:\/\/arantv.az\/index.php?rest_route=\/wp\/v2\/posts\/777534"}],"collection":[{"href":"https:\/\/arantv.az\/index.php?rest_route=\/wp\/v2\/posts"}],"about":[{"href":"https:\/\/arantv.az\/index.php?rest_route=\/wp\/v2\/types\/post"}],"author":[{"embeddable":true,"href":"https:\/\/arantv.az\/index.php?rest_route=\/wp\/v2\/users\/2"}],"replies":[{"embeddable":true,"href":"https:\/\/arantv.az\/index.php?rest_route=%2Fwp%2Fv2%2Fcomments&post=777534"}],"version-history":[{"count":1,"href":"https:\/\/arantv.az\/index.php?rest_route=\/wp\/v2\/posts\/777534\/revisions"}],"predecessor-version":[{"id":777536,"href":"https:\/\/arantv.az\/index.php?rest_route=\/wp\/v2\/posts\/777534\/revisions\/777536"}],"wp:featuredmedia":[{"embeddable":true,"href":"https:\/\/arantv.az\/index.php?rest_route=\/wp\/v2\/media\/777535"}],"wp:attachment":[{"href":"https:\/\/arantv.az\/index.php?rest_route=%2Fwp%2Fv2%2Fmedia&parent=777534"}],"wp:term":[{"taxonomy":"category","embeddable":true,"href":"https:\/\/arantv.az\/index.php?rest_route=%2Fwp%2Fv2%2Fcategories&post=777534"},{"taxonomy":"post_tag","embeddable":true,"href":"https:\/\/arantv.az\/index.php?rest_route=%2Fwp%2Fv2%2Ftags&post=777534"}],"curies":[{"name":"wp","href":"https:\/\/api.w.org\/{rel}","templated":true}]}}