{"id":777543,"date":"2024-12-28T00:33:39","date_gmt":"2024-12-27T20:33:39","guid":{"rendered":"https:\/\/arantv.az\/?p=777543"},"modified":"2024-12-28T00:33:39","modified_gmt":"2024-12-27T20:33:39","slug":"prezident-bu-asc-ni-l%c9%99gv-etdi","status":"publish","type":"post","link":"https:\/\/arantv.az\/?p=777543","title":{"rendered":"Prezident bu ASC-ni l\u0259\u011fv etdi"},"content":{"rendered":"<div class=\"text-content\" data-id=\"\" data-url=\"\">\n<p><strong>Prezident \u0130lham \u018fliyev \u201cAz\u0259rbaycan S\u0259naye Korporasiyas\u0131\u201d ASC-nin l\u0259\u011fv edilm\u0259si, bundan ir\u0259li g\u0259l\u0259n m\u0259s\u0259l\u0259l\u0259rin t\u0259nziml\u0259nm\u0259si haqq\u0131nda s\u0259r\u0259ncam imzalay\u0131b.<\/strong><\/p>\n<p><strong>Musavat.com<\/strong>-un x\u0259b\u0259rin\u0259 g\u00f6r\u0259,\u00a0s\u0259r\u0259ncama \u0259sas\u0259n, Korporasiyan\u0131n a\u015fa\u011f\u0131dak\u0131 m\u00fc\u0259ssis\u0259l\u0259ri Az\u0259rbaycan \u0130nvestisiya Holdinqinin idar\u0259etm\u0259sin\u0259 verilib:<\/p>\n<p>&#8211; \u201cAz\u0259rbaycan al\u00fcminiumu\u201d ASC;<\/p>\n<p>&#8211; \u201cAz\u0259ral\u00fcminium\u201d MMC;<\/p>\n<p>&#8211; \u201cAz\u0259rpamb\u0131q Aqrar S\u0259naye Kompleksi\u201d MMC.<\/p>\n<p>Nazirl\u0259r Kabineti Korporasiyan\u0131n v\u0259 onun tabeliyind\u0259ki dig\u0259r m\u00fc\u0259ssis\u0259l\u0259rin l\u0259\u011fv edilm\u0259si il\u0259 ba\u011fl\u0131 z\u0259ruri t\u0259dbirl\u0259r g\u00f6rm\u0259li, normativ h\u00fcquqi aktlarda d\u0259yi\u015fiklik edilm\u0259si il\u0259 ba\u011fl\u0131 t\u0259klifl\u0259rini haz\u0131rlay\u0131b iki ay m\u00fcdd\u0259tind\u0259 d\u00f6vl\u0259t ba\u015f\u00e7\u0131s\u0131na t\u0259qdim etm\u0259li, s\u0259r\u0259ncamdan ir\u0259li g\u0259l\u0259n dig\u0259r m\u0259s\u0259l\u0259l\u0259ri h\u0259ll etm\u0259lidir.<\/p>\n<p>\u0130qtisadiyyat Nazirliyi Korporasiyan\u0131n v\u0259 onun tabeliyind\u0259ki dig\u0259r m\u00fc\u0259ssis\u0259l\u0259rin \u0259mlak\u0131 il\u0259 ba\u011fl\u0131 t\u0259klifl\u0259rini haz\u0131rlay\u0131b iki ay m\u00fcdd\u0259tind\u0259 Prezident\u0259 t\u0259qdim etm\u0259lidir.<\/p>\n<\/div>\n<div><\/div>\n<div><\/div>\n<div class=\"inner-social-box\">\n<div class=\"subs-in-social subs-whatsapp\"><\/div>\n<\/div>\n","protected":false},"excerpt":{"rendered":"<p>Prezident \u0130lham \u018fliyev \u201cAz\u0259rbaycan S\u0259naye Korporasiyas\u0131\u201d ASC-nin l\u0259\u011fv edilm\u0259si, bundan ir\u0259li g\u0259l\u0259n m\u0259s\u0259l\u0259l\u0259rin t\u0259nziml\u0259nm\u0259si haqq\u0131nda s\u0259r\u0259ncam imzalay\u0131b. Musavat.com-un x\u0259b\u0259rin\u0259 g\u00f6r\u0259,\u00a0s\u0259r\u0259ncama \u0259sas\u0259n, Korporasiyan\u0131n a\u015fa\u011f\u0131dak\u0131 m\u00fc\u0259ssis\u0259l\u0259ri Az\u0259rbaycan \u0130nvestisiya Holdinqinin idar\u0259etm\u0259sin\u0259 verilib: &#8211; \u201cAz\u0259rbaycan al\u00fcminiumu\u201d ASC; &#8211; \u201cAz\u0259ral\u00fcminium\u201d MMC; &#8211; \u201cAz\u0259rpamb\u0131q Aqrar S\u0259naye Kompleksi\u201d MMC. Nazirl\u0259r Kabineti Korporasiyan\u0131n v\u0259 onun tabeliyind\u0259ki dig\u0259r m\u00fc\u0259ssis\u0259l\u0259rin l\u0259\u011fv edilm\u0259si il\u0259 ba\u011fl\u0131 z\u0259ruri t\u0259dbirl\u0259r g\u00f6rm\u0259li, normativ h\u00fcquqi aktlarda d\u0259yi\u015fiklik edilm\u0259si il\u0259 ba\u011fl\u0131 t\u0259klifl\u0259rini haz\u0131rlay\u0131b iki ay m\u00fcdd\u0259tind\u0259 d\u00f6vl\u0259t ba\u015f\u00e7\u0131s\u0131na t\u0259qdim etm\u0259li, s\u0259r\u0259ncamdan ir\u0259li g\u0259l\u0259n dig\u0259r m\u0259s\u0259l\u0259l\u0259ri h\u0259ll etm\u0259lidir. \u0130qtisadiyyat Nazirliyi Korporasiyan\u0131n v\u0259 onun tabeliyind\u0259ki dig\u0259r m\u00fc\u0259ssis\u0259l\u0259rin \u0259mlak\u0131 il\u0259&hellip;<\/p>\n","protected":false},"author":2,"featured_media":777544,"comment_status":"closed","ping_status":"closed","sticky":false,"template":"","format":"standard","meta":{"om_disable_all_campaigns":false,"_monsterinsights_skip_tracking":false,"_monsterinsights_sitenote_active":false,"_monsterinsights_sitenote_note":"","_monsterinsights_sitenote_category":0},"categories":[4],"tags":[],"aioseo_notices":[],"gutentor_comment":0,"rttpg_featured_image_url":{"full":["https:\/\/arantv.az\/wp-content\/uploads\/2024\/12\/af76751d757b31daf07d4da553759a73.jpg",800,500,false],"landscape":["https:\/\/arantv.az\/wp-content\/uploads\/2024\/12\/af76751d757b31daf07d4da553759a73.jpg",800,500,false],"portraits":["https:\/\/arantv.az\/wp-content\/uploads\/2024\/12\/af76751d757b31daf07d4da553759a73.jpg",800,500,false],"thumbnail":["https:\/\/arantv.az\/wp-content\/uploads\/2024\/12\/af76751d757b31daf07d4da553759a73-500x280.jpg",500,280,true],"medium":["https:\/\/arantv.az\/wp-content\/uploads\/2024\/12\/af76751d757b31daf07d4da553759a73-584x365.jpg",584,365,true],"large":["https:\/\/arantv.az\/wp-content\/uploads\/2024\/12\/af76751d757b31daf07d4da553759a73.jpg",640,400,false],"1536x1536":["https:\/\/arantv.az\/wp-content\/uploads\/2024\/12\/af76751d757b31daf07d4da553759a73.jpg",800,500,false],"2048x2048":["https:\/\/arantv.az\/wp-content\/uploads\/2024\/12\/af76751d757b31daf07d4da553759a73.jpg",800,500,false],"post-thumbnail":["https:\/\/arantv.az\/wp-content\/uploads\/2024\/12\/af76751d757b31daf07d4da553759a73-240x172.jpg",240,172,true],"advps-thumb-one":["https:\/\/arantv.az\/wp-content\/uploads\/2024\/12\/af76751d757b31daf07d4da553759a73.jpg",800,500,false]},"rttpg_author":{"display_name":"V\u00fcsal Rafiqo\u011flu","author_link":"https:\/\/arantv.az\/?author=2"},"rttpg_comment":0,"rttpg_category":"<a href=\"https:\/\/arantv.az\/?cat=4\" rel=\"category\">Siyas\u0259t<\/a>","rttpg_excerpt":"Prezident \u0130lham \u018fliyev \u201cAz\u0259rbaycan S\u0259naye Korporasiyas\u0131\u201d ASC-nin l\u0259\u011fv edilm\u0259si, bundan ir\u0259li g\u0259l\u0259n m\u0259s\u0259l\u0259l\u0259rin t\u0259nziml\u0259nm\u0259si haqq\u0131nda s\u0259r\u0259ncam imzalay\u0131b. Musavat.com-un x\u0259b\u0259rin\u0259 g\u00f6r\u0259,\u00a0s\u0259r\u0259ncama \u0259sas\u0259n, Korporasiyan\u0131n a\u015fa\u011f\u0131dak\u0131 m\u00fc\u0259ssis\u0259l\u0259ri Az\u0259rbaycan \u0130nvestisiya Holdinqinin idar\u0259etm\u0259sin\u0259 verilib: &#8211; \u201cAz\u0259rbaycan al\u00fcminiumu\u201d ASC; &#8211; \u201cAz\u0259ral\u00fcminium\u201d MMC; &#8211; \u201cAz\u0259rpamb\u0131q Aqrar S\u0259naye Kompleksi\u201d MMC. Nazirl\u0259r Kabineti Korporasiyan\u0131n v\u0259 onun tabeliyind\u0259ki dig\u0259r m\u00fc\u0259ssis\u0259l\u0259rin l\u0259\u011fv edilm\u0259si il\u0259 ba\u011fl\u0131 z\u0259ruri&hellip;","_links":{"self":[{"href":"https:\/\/arantv.az\/index.php?rest_route=\/wp\/v2\/posts\/777543"}],"collection":[{"href":"https:\/\/arantv.az\/index.php?rest_route=\/wp\/v2\/posts"}],"about":[{"href":"https:\/\/arantv.az\/index.php?rest_route=\/wp\/v2\/types\/post"}],"author":[{"embeddable":true,"href":"https:\/\/arantv.az\/index.php?rest_route=\/wp\/v2\/users\/2"}],"replies":[{"embeddable":true,"href":"https:\/\/arantv.az\/index.php?rest_route=%2Fwp%2Fv2%2Fcomments&post=777543"}],"version-history":[{"count":1,"href":"https:\/\/arantv.az\/index.php?rest_route=\/wp\/v2\/posts\/777543\/revisions"}],"predecessor-version":[{"id":777545,"href":"https:\/\/arantv.az\/index.php?rest_route=\/wp\/v2\/posts\/777543\/revisions\/777545"}],"wp:featuredmedia":[{"embeddable":true,"href":"https:\/\/arantv.az\/index.php?rest_route=\/wp\/v2\/media\/777544"}],"wp:attachment":[{"href":"https:\/\/arantv.az\/index.php?rest_route=%2Fwp%2Fv2%2Fmedia&parent=777543"}],"wp:term":[{"taxonomy":"category","embeddable":true,"href":"https:\/\/arantv.az\/index.php?rest_route=%2Fwp%2Fv2%2Fcategories&post=777543"},{"taxonomy":"post_tag","embeddable":true,"href":"https:\/\/arantv.az\/index.php?rest_route=%2Fwp%2Fv2%2Ftags&post=777543"}],"curies":[{"name":"wp","href":"https:\/\/api.w.org\/{rel}","templated":true}]}}