{"id":777575,"date":"2024-12-28T09:10:01","date_gmt":"2024-12-28T05:10:01","guid":{"rendered":"https:\/\/arantv.az\/?p=777575"},"modified":"2024-12-28T09:10:01","modified_gmt":"2024-12-28T05:10:01","slug":"az%c9%99rbaycan-putind%c9%99n-aciq-etiraf-t%c9%99l%c9%99b-edir-financial-times-q%c9%99zeti-hec-yayilmayan-siyasi-detallari-ortaya-s%c9%99rdi","status":"publish","type":"post","link":"https:\/\/arantv.az\/?p=777575","title":{"rendered":"Az\u0259rbaycan Putind\u0259n a\u00e7\u0131q etiraf t\u0259l\u0259b edir: Financial Times q\u0259zeti he\u00e7 yay\u0131lmayan siyasi detallar\u0131 ortaya s\u0259rdi"},"content":{"rendered":"<p><em><strong>The Financial Times q\u0259zetinin yazd\u0131\u011f\u0131na g\u00f6r\u0259, Bak\u0131 Rusiyan\u0131n AZAL-a m\u0259xsus \u201cEmbraer-190\u201d t\u0259yyar\u0259sinin vurulmas\u0131 il\u0259 ba\u011fl\u0131 m\u0259suliyy\u0259ti a\u00e7\u0131q \u015f\u0259kild\u0259 q\u0259bul etm\u0259sini t\u0259l\u0259b edir.<\/strong><\/em><\/p>\n<p>Az\u0259rbaycan h\u00f6kum\u0259ti v\u0259 parlamenti s\u0259viyy\u0259sind\u0259 Rusiyan\u0131n h\u0259r\u0259k\u0259tl\u0259ri s\u0259rt ittiham edilir v\u0259 beyn\u0259lxalq ictimaiyy\u0259ti d\u0259 bu m\u0259s\u0259l\u0259y\u0259 reaksiya verm\u0259y\u0259 \u00e7a\u011f\u0131r\u0131r.<\/p>\n<p><strong>Musavat.com -un haz\u0131rlad\u0131\u011f\u0131 x\u0259b\u0259rd\u0259 bildirilir ki, q\u0259zaya g\u00f6r\u0259 Rusiyan\u0131n m\u0259suliyy\u0259tini vur\u011fulayan \u0259sas m\u0259qamlar:<\/strong><\/p>\n<p>\u2022 Az\u0259rbaycan\u0131n N\u0259qliyyat naziri R\u0259\u015fad N\u0259biyev: \u201cYaral\u0131 s\u0259rni\u015finl\u0259r v\u0259 sa\u011f qalan st\u00fcardessalar Qrozn\u0131 \u00fcz\u0259rind\u0259 olark\u0259n partlay\u0131\u015f s\u0259si e\u015fitdikl\u0259rini bildiribl\u0259r. X\u0259sar\u0259t alan Rusiya v\u0259t\u0259nda\u015flar\u0131 da eyni versiyan\u0131 t\u0259sdiql\u0259yibl\u0259r. T\u0259yyar\u0259y\u0259 z\u0259rb\u0259 \u00e7\u00f6ld\u0259n d\u0259yib.\u201d<br \/>\n\u2022 Deputat Rasim Musab\u0259yov: \u201cT\u0259yyar\u0259 Rusiya \u0259razisind\u0259, Qrozn\u0131 s\u0259mas\u0131nda vurulub v\u0259 bunu inkar etm\u0259k olmaz,\u201d \u2013 dey\u0259 \u201cTuran\u201d agentliyin\u0259 bildirib.<\/p>\n<p><strong>Beyn\u0259lxalq d\u0259st\u0259k art\u0131r<\/strong><\/p>\n<p>AB\u015e, Az\u0259rbaycan v\u0259 Qazax\u0131stan t\u0259r\u0259find\u0259n yarad\u0131lan birg\u0259 istintaq qrupuna texniki v\u0259 h\u00fcquqi d\u0259st\u0259k t\u0259klif edib. Bununla yana\u015f\u0131, Ukrayna Prezidenti Volodimir Zelenski d\u0259 m\u0259s\u0259l\u0259 il\u0259 ba\u011fl\u0131 s\u0259rt m\u00f6vqeyini ortaya qoyub:<\/p>\n<p>\u201cQ\u0259za yerind\u0259ki ayd\u0131n \u0259yani s\u00fcbut Rusiyan\u0131n faci\u0259y\u0259 g\u00f6r\u0259 m\u0259suliyy\u0259t da\u015f\u0131d\u0131\u011f\u0131n\u0131 g\u00f6st\u0259rir. \u018fg\u0259r Moskva MH17 hadis\u0259sind\u0259 oldu\u011fu kimi, yen\u0259 yalan dan\u0131\u015farsa, beyn\u0259lxalq ictimaiyy\u0259t buna s\u0259rt reaksiya verm\u0259lidir.\u201d<\/p>\n<p><strong>Qazax\u0131stan v\u0259 \u0130srailin t\u0259dbirl\u0259ri<\/strong><\/p>\n<p>\u2022 Qazax\u0131stan yanvar\u0131n 27-d\u0259k Yekaterinburqa u\u00e7u\u015flar\u0131 dayand\u0131r\u0131b v\u0259 davam ed\u0259n risk qiym\u0259tl\u0259ndirilm\u0259sini g\u00f6zl\u0259diyini a\u00e7\u0131qlay\u0131b.<br \/>\n\u2022 \u0130srail is\u0259 Tel-\u018fviv-Moskva reysl\u0259rini t\u0259hl\u00fck\u0259sizlik s\u0259b\u0259bil\u0259 m\u00fcv\u0259qq\u0259ti olaraq l\u0259\u011fv edib.<\/p>\n<p><strong>Az\u0259rbaycandan daha y\u00fcks\u0259k s\u0259viyy\u0259d\u0259 ittihamlar g\u00f6zl\u0259nilir<\/strong><\/p>\n<p>M\u0259qal\u0259d\u0259 vur\u011fulan\u0131r ki, Az\u0259rbaycan yaln\u0131z nazir v\u0259 deputat s\u0259viyy\u0259sind\u0259 deyil, yax\u0131n g\u00fcnl\u0259rd\u0259 daha y\u00fcks\u0259k siyasi s\u0259viyy\u0259d\u0259 Rusiyaya qar\u015f\u0131 m\u00f6vqeyini ifad\u0259 ed\u0259c\u0259k. Prosesin bel\u0259 inki\u015faf etm\u0259si Az\u0259rbaycan\u0131n m\u0259s\u0259l\u0259 il\u0259 ba\u011fl\u0131 n\u0259 q\u0259d\u0259r ciddi oldu\u011funu g\u00f6st\u0259rir.<\/p>\n<p><img loading=\"lazy\" src=\"https:\/\/cdn.musavat.com\/news\/thumbnails\/1c65b0b3cfb0e50193dfdaf75875e7d1.jpg\" alt=\"0d452e59-82d1-4686-8e49-b41edba28e66.jpg (41 KB)\" width=\"490\" height=\"460\" \/><\/p>\n<p><strong>C\u0259nubi Qafqazda Rusiyan\u0131n t\u0259sirinin z\u0259ifl\u0259m\u0259si<\/strong><\/p>\n<p>Hadis\u0259 Az\u0259rbaycan\u0131n Qaraba\u011f b\u00f6lg\u0259sini n\u0259zar\u0259t\u0259 g\u00f6t\u00fcrm\u0259sind\u0259n sonra ba\u015f verir. Bu, Rusiyan\u0131n b\u00f6lg\u0259d\u0259ki t\u0259sirinin z\u0259ifl\u0259m\u0259sin\u0259 s\u0259b\u0259b olan \u0259sas d\u00f6n\u00fc\u015f n\u00f6qt\u0259si hesab olunur. Regional Ara\u015fd\u0131rmalar M\u0259rk\u0259zinin r\u0259hb\u0259ri Ri\u00e7ard Giragosyan qeyd edir ki:<\/p>\n<p>\u201cBu q\u0259za Az\u0259rbaycan\u0131n Rusiyaya qar\u015f\u0131 daha s\u0259rt m\u00f6vqe n\u00fcmayi\u015f etdirm\u0259sin\u0259 \u015f\u0259rait yarad\u0131r. C\u0259nubi Qafqazda Rusiyan\u0131n g\u00fcc\u00fc v\u0259 n\u00fcfuzu a\u00e7\u0131q \u015f\u0259kild\u0259 azal\u0131r.\u201d<\/p>\n<p><strong>\u201cEmbraer-190\u201d: d\u00fcnyan\u0131n \u0259n t\u0259hl\u00fck\u0259siz t\u0259yyar\u0259l\u0259rind\u0259n biri<\/strong><\/p>\n<p>\u201cThe Financial Times\u201d qeyd edir ki, q\u0259za n\u0259tic\u0259sind\u0259 38 n\u0259f\u0259rin h\u0259lak oldu\u011fu \u201cEmbraer-190\u201d modeli d\u00fcnyan\u0131n \u0259n etibarl\u0131 t\u0259yyar\u0259l\u0259rind\u0259n biridir. T\u0259yyar\u0259nin vurulmas\u0131 il\u0259 ba\u011fl\u0131 artan s\u00fcbutlar Rusiyan\u0131n zenit-raket sisteml\u0259rind\u0259n istifad\u0259y\u0259 i\u015far\u0259 edir.<\/p>\n<p>Az\u0259rbaycan ictimaiyy\u0259ti, beyn\u0259lxalq istintaq\u0131n obyektiv apar\u0131lmas\u0131n\u0131 v\u0259 m\u0259suliyy\u0259tin q\u0259bul edilm\u0259sini g\u00f6zl\u0259yir. \u201cAz\u0259rbaycan Hava Yollar\u0131\u201d is\u0259 haz\u0131rda Qrozn\u0131ya v\u0259 Rusiyan\u0131n dig\u0259r c\u0259nub \u015f\u0259h\u0259rl\u0259rin\u0259 reysl\u0259ri dayand\u0131r\u0131b.<\/p>\n<p>Musavat.com bu x\u0259b\u0259rin haz\u0131rlanmas\u0131 \u00fc\u00e7\u00fcn qaynaq olan linki t\u0259qdim edir:\u00a0<a href=\"https:\/\/www.ft.com\/content\/c6b98c15-9c91-4f74-a494-ffea4f3fdab4\" target=\"_blank\" rel=\"noopener\">https:\/\/www.ft.com\/content\/c6b98c15-9c91-4f74-a494-ffea4f3fdab4<\/a><\/p>\n","protected":false},"excerpt":{"rendered":"<p>The Financial Times q\u0259zetinin yazd\u0131\u011f\u0131na g\u00f6r\u0259, Bak\u0131 Rusiyan\u0131n AZAL-a m\u0259xsus \u201cEmbraer-190\u201d t\u0259yyar\u0259sinin vurulmas\u0131 il\u0259 ba\u011fl\u0131 m\u0259suliyy\u0259ti a\u00e7\u0131q \u015f\u0259kild\u0259 q\u0259bul etm\u0259sini t\u0259l\u0259b edir. Az\u0259rbaycan h\u00f6kum\u0259ti v\u0259 parlamenti s\u0259viyy\u0259sind\u0259 Rusiyan\u0131n h\u0259r\u0259k\u0259tl\u0259ri s\u0259rt ittiham edilir v\u0259 beyn\u0259lxalq ictimaiyy\u0259ti d\u0259 bu m\u0259s\u0259l\u0259y\u0259 reaksiya verm\u0259y\u0259 \u00e7a\u011f\u0131r\u0131r. Musavat.com -un haz\u0131rlad\u0131\u011f\u0131 x\u0259b\u0259rd\u0259 bildirilir ki, q\u0259zaya g\u00f6r\u0259 Rusiyan\u0131n m\u0259suliyy\u0259tini vur\u011fulayan \u0259sas m\u0259qamlar: \u2022 Az\u0259rbaycan\u0131n N\u0259qliyyat naziri R\u0259\u015fad N\u0259biyev: \u201cYaral\u0131 s\u0259rni\u015finl\u0259r v\u0259 sa\u011f qalan st\u00fcardessalar Qrozn\u0131 \u00fcz\u0259rind\u0259 olark\u0259n partlay\u0131\u015f s\u0259si e\u015fitdikl\u0259rini bildiribl\u0259r. X\u0259sar\u0259t alan Rusiya v\u0259t\u0259nda\u015flar\u0131 da eyni versiyan\u0131 t\u0259sdiql\u0259yibl\u0259r. T\u0259yyar\u0259y\u0259 z\u0259rb\u0259 \u00e7\u00f6ld\u0259n d\u0259yib.\u201d \u2022 Deputat Rasim Musab\u0259yov: \u201cT\u0259yyar\u0259&hellip;<\/p>\n","protected":false},"author":2,"featured_media":777576,"comment_status":"closed","ping_status":"closed","sticky":false,"template":"","format":"standard","meta":{"om_disable_all_campaigns":false,"_monsterinsights_skip_tracking":false,"_monsterinsights_sitenote_active":false,"_monsterinsights_sitenote_note":"","_monsterinsights_sitenote_category":0},"categories":[19],"tags":[],"aioseo_notices":[],"gutentor_comment":0,"rttpg_featured_image_url":{"full":["https:\/\/arantv.az\/wp-content\/uploads\/2024\/12\/649ef5d5635195d4f0429e41fae31702.jpg",700,394,false],"landscape":["https:\/\/arantv.az\/wp-content\/uploads\/2024\/12\/649ef5d5635195d4f0429e41fae31702.jpg",700,394,false],"portraits":["https:\/\/arantv.az\/wp-content\/uploads\/2024\/12\/649ef5d5635195d4f0429e41fae31702.jpg",700,394,false],"thumbnail":["https:\/\/arantv.az\/wp-content\/uploads\/2024\/12\/649ef5d5635195d4f0429e41fae31702-500x280.jpg",500,280,true],"medium":["https:\/\/arantv.az\/wp-content\/uploads\/2024\/12\/649ef5d5635195d4f0429e41fae31702-648x365.jpg",648,365,true],"large":["https:\/\/arantv.az\/wp-content\/uploads\/2024\/12\/649ef5d5635195d4f0429e41fae31702.jpg",640,360,false],"1536x1536":["https:\/\/arantv.az\/wp-content\/uploads\/2024\/12\/649ef5d5635195d4f0429e41fae31702.jpg",700,394,false],"2048x2048":["https:\/\/arantv.az\/wp-content\/uploads\/2024\/12\/649ef5d5635195d4f0429e41fae31702.jpg",700,394,false],"post-thumbnail":["https:\/\/arantv.az\/wp-content\/uploads\/2024\/12\/649ef5d5635195d4f0429e41fae31702-240x172.jpg",240,172,true],"advps-thumb-one":["https:\/\/arantv.az\/wp-content\/uploads\/2024\/12\/649ef5d5635195d4f0429e41fae31702.jpg",700,394,false]},"rttpg_author":{"display_name":"V\u00fcsal Rafiqo\u011flu","author_link":"https:\/\/arantv.az\/?author=2"},"rttpg_comment":0,"rttpg_category":"<a href=\"https:\/\/arantv.az\/?cat=19\" rel=\"category\">G\u00fcnd\u0259m<\/a>","rttpg_excerpt":"The Financial Times q\u0259zetinin yazd\u0131\u011f\u0131na g\u00f6r\u0259, Bak\u0131 Rusiyan\u0131n AZAL-a m\u0259xsus \u201cEmbraer-190\u201d t\u0259yyar\u0259sinin vurulmas\u0131 il\u0259 ba\u011fl\u0131 m\u0259suliyy\u0259ti a\u00e7\u0131q \u015f\u0259kild\u0259 q\u0259bul etm\u0259sini t\u0259l\u0259b edir. Az\u0259rbaycan h\u00f6kum\u0259ti v\u0259 parlamenti s\u0259viyy\u0259sind\u0259 Rusiyan\u0131n h\u0259r\u0259k\u0259tl\u0259ri s\u0259rt ittiham edilir v\u0259 beyn\u0259lxalq ictimaiyy\u0259ti d\u0259 bu m\u0259s\u0259l\u0259y\u0259 reaksiya verm\u0259y\u0259 \u00e7a\u011f\u0131r\u0131r. Musavat.com -un haz\u0131rlad\u0131\u011f\u0131 x\u0259b\u0259rd\u0259 bildirilir ki, q\u0259zaya g\u00f6r\u0259 Rusiyan\u0131n m\u0259suliyy\u0259tini vur\u011fulayan \u0259sas m\u0259qamlar: \u2022&hellip;","_links":{"self":[{"href":"https:\/\/arantv.az\/index.php?rest_route=\/wp\/v2\/posts\/777575"}],"collection":[{"href":"https:\/\/arantv.az\/index.php?rest_route=\/wp\/v2\/posts"}],"about":[{"href":"https:\/\/arantv.az\/index.php?rest_route=\/wp\/v2\/types\/post"}],"author":[{"embeddable":true,"href":"https:\/\/arantv.az\/index.php?rest_route=\/wp\/v2\/users\/2"}],"replies":[{"embeddable":true,"href":"https:\/\/arantv.az\/index.php?rest_route=%2Fwp%2Fv2%2Fcomments&post=777575"}],"version-history":[{"count":1,"href":"https:\/\/arantv.az\/index.php?rest_route=\/wp\/v2\/posts\/777575\/revisions"}],"predecessor-version":[{"id":777577,"href":"https:\/\/arantv.az\/index.php?rest_route=\/wp\/v2\/posts\/777575\/revisions\/777577"}],"wp:featuredmedia":[{"embeddable":true,"href":"https:\/\/arantv.az\/index.php?rest_route=\/wp\/v2\/media\/777576"}],"wp:attachment":[{"href":"https:\/\/arantv.az\/index.php?rest_route=%2Fwp%2Fv2%2Fmedia&parent=777575"}],"wp:term":[{"taxonomy":"category","embeddable":true,"href":"https:\/\/arantv.az\/index.php?rest_route=%2Fwp%2Fv2%2Fcategories&post=777575"},{"taxonomy":"post_tag","embeddable":true,"href":"https:\/\/arantv.az\/index.php?rest_route=%2Fwp%2Fv2%2Ftags&post=777575"}],"curies":[{"name":"wp","href":"https:\/\/api.w.org\/{rel}","templated":true}]}}