{"id":777593,"date":"2024-12-28T10:25:24","date_gmt":"2024-12-28T06:25:24","guid":{"rendered":"https:\/\/arantv.az\/?p=777593"},"modified":"2024-12-28T10:25:24","modified_gmt":"2024-12-28T06:25:24","slug":"ekipaj-uzvl%c9%99rinin-q%c9%99hr%c9%99manligi-yeni-m%c9%99lumatlar-bilinm%c9%99y%c9%99n-m%c9%99qamlar","status":"publish","type":"post","link":"https:\/\/arantv.az\/?p=777593","title":{"rendered":"Ekipaj \u00fczvl\u0259rinin Q\u018fHR\u018fMANLI\u011eI &#8211; Yeni m\u0259lumatlar, bilinm\u0259y\u0259n m\u0259qamlar"},"content":{"rendered":"<p><strong>AZAL avia\u015firk\u0259tin\u0259 m\u0259xsus t\u0259yyar\u0259nin Aktauda q\u0259zaya u\u011framas\u0131ndan 4 g\u00fcn ke\u00e7ir. T\u0259yyar\u0259nin 29 s\u0259rni\u015fininin sa\u011f qalmas\u0131 m\u00fcst\u0259sna olaraq pilotlar\u0131n &#8211; \u0130qor K\u015fnyakin v\u0259 Aleksandr Kalyaninovun pe\u015f\u0259karl\u0131\u011f\u0131 say\u0259sind\u0259 m\u00fcmk\u00fcn olub. H\u0259m\u00e7inin st\u00fcardessalar\u0131n salonda panika ya\u015fanmamas\u0131 \u00fc\u00e7\u00fcn \u0259ll\u0259rind\u0259n g\u0259l\u0259ni etm\u0259si, c\u0259sar\u0259tl\u0259, tam t\u0259limata uy\u011fun h\u0259r\u0259k\u0259t etm\u0259si x\u00fcsusi f\u0259dakarl\u0131q n\u00fcmun\u0259sidir.\u00a0\u00a0\u00a0\u00a0<\/strong><\/p>\n<p>Pilot Vadim Bazykin bu x\u00fcsusda deyib: \u201cBel\u0259 q\u0259zalar zaman\u0131 sa\u011f qalanlar nadir hallarda olur. Burada q\u0259za zaman\u0131, y\u0259qin ki, yan\u011f\u0131n olmay\u0131b v\u0259 t\u0259yyar\u0259 a\u015fa\u011f\u0131 s\u00fcr\u0259tl\u0259 yer\u0259 d\u00fc\u015f\u00fcb. Bu is\u0259 hey\u0259tin s\u0259rni\u015finl\u0259rinin h\u0259yat\u0131n\u0131 xilas etm\u0259k \u00fc\u00e7\u00fcn m\u00fcbariz\u0259 apard\u0131\u011f\u0131n\u0131 g\u00f6st\u0259rir. Sa\u011f qalanlar varsa, bu, 100% hey\u0259tin xidm\u0259tidir\u201d.<\/p>\n<p>Sa\u011f qalm\u0131\u015f b\u0259l\u0259d\u00e7i Z\u00fclf\u00fcqar \u018fs\u0259dov APA-ya a\u00e7\u0131qlamas\u0131nda bildirib ki, sa\u011f qalmalar\u0131 m\u00f6c\u00fcz\u0259dir. \u201cEkipaj komandiri, ikinci pilotun q\u0259hr\u0259manl\u0131q g\u00f6st\u0259rm\u0259si n\u0259tic\u0259sind\u0259 sa\u011f qalm\u0131\u015f\u0131q. Biz pilotun yan\u0131nda deyildik. Amma bu m\u0259qamda pilotun fikri t\u0259yyar\u0259nin nec\u0259 eni\u015f ed\u0259c\u0259yind\u0259 olub. Y\u0259qin ki, o da h\u0259y\u0259can ke\u00e7irib\u201d, &#8211; dey\u0259 o bildirib.<\/p>\n<p><img src=\"https:\/\/olay.az\/uploads\/posts\/2024-12\/thumbs\/ghjghjdghjdghj.webp\" alt=\"H\u0259lak olan ekipaj \u00fczvl\u0259ri II F\u0259xri xiyabanda d\u0259fn olunacaqlar\" \/><\/p>\n<p><strong>B\u0259l\u0259d\u00e7i h\u0259m\u00e7inin qeyd edib ki, t\u0259yyar\u0259nin salonunda qaz balonunun partlamas\u0131 versiyas\u0131 a\u011flas\u0131\u011fmazd\u0131r, yaland\u0131r. O qeyd edib ki, t\u0259yyar\u0259nin salonunda h\u0259r hans\u0131 bir \u015fey, h\u0259tta oksigen balonu bel\u0259 partlasa, t\u0259yyar\u0259 h\u0259min an par\u00e7alanard\u0131.<\/strong><\/p>\n<p>\u201cT\u0259yyar\u0259nin salonuna qaz balonu ke\u00e7irm\u0259k m\u00fcmk\u00fcn deyil. Hava liman\u0131nda b\u00fct\u00fcn y\u00fckl\u0259r, o c\u00fcml\u0259d\u0259n \u0259l y\u00fckl\u0259ri yoxlan\u0131l\u0131r\u201d, dey\u0259 o bildirib.<\/p>\n<p>Z\u00fclf\u00fcqar \u018fs\u0259dov qeyd edib ki, t\u0259yyar\u0259y\u0259 bay\u0131rdan t\u0259sir olub, t\u0259yyar\u0259y\u0259 n\u0259s\u0259 d\u0259yib, k\u0259nardan salona ke\u00e7\u0259n yad cisim onun qolunu yaralay\u0131b.<\/p>\n<p>AZAL-\u0131n prezidenti Samir Rzayev jurnalistl\u0259r\u0259 a\u00e7\u0131qlamas\u0131nda deyib ki, ekipaj \u00fczvl\u0259rinin pe\u015f\u0259karl\u0131\u011f\u0131 n\u0259tic\u0259sind\u0259 29 s\u0259rni\u015fin sa\u011f qal\u0131b. \u201cPilotlar\u0131m\u0131z pe\u015f\u0259kar olub, onlar 10 min saatdan \u00e7ox u\u00e7u\u015f edibl\u0259r. T\u0259yyar\u0259 oktyabr ay\u0131nda tam t\u0259mird\u0259n \u00e7\u0131x\u0131b. Texniki nasazl\u0131q olmay\u0131b\u201d, &#8211; Rzayev bildirib.<\/p>\n<p>T\u0259\u0259ss\u00fcf ki, pilotlar v\u0259 bir st\u00fcardessa q\u0259zadan sa\u011f \u00e7\u0131xmay\u0131b.<\/p>\n<p><img src=\"https:\/\/bizim.media\/file\/articles\/2023\/10\/01\/1696168201_1687594627_1677491165_2.jpg\" alt=\"BMT missiyas\u0131 Az\u0259rbaycan\u0131n s\u00fclh ist\u0259diyini g\u00f6rm\u0259lidir\u201d - Hikm\u0259t Babao\u011flu\" \/><\/p>\n<p><strong>\u00a0Hikm\u0259t Babao\u011flu<\/strong><\/p>\n<p><strong>Milli M\u0259clisin deputat\u0131 Hikm\u0259t Babao\u011flu \u201cYeni M\u00fcsavat\u201da a\u00e7\u0131qlamas\u0131nda bildirdi ki, h\u0259yat xilas etm\u0259k \u00f6z-\u00f6zl\u00fcy\u00fcnd\u0259 q\u0259hr\u0259manl\u0131qd\u0131r:<\/strong>\u00a0\u201cEkipaj \u00fczvl\u0259rinin q\u0259hr\u0259manl\u0131\u011f\u0131 t\u0259qdir olundu. C\u0259sur pilotlar\u0131m\u0131z, b\u0259l\u0259d\u00e7il\u0259rimiz q\u0259zaya u\u011fram\u0131\u015f t\u0259yyar\u0259d\u0259 olan s\u0259rni\u015finl\u0259rin h\u0259yat\u0131n\u0131 xilas etm\u0259k\u00a0 \u00fc\u00e7\u00fcn \u0259ll\u0259rind\u0259n g\u0259l\u0259ni etdil\u0259r, s\u00f6z\u00fcn \u0259sl m\u0259nas\u0131nda q\u0259hr\u0259manl\u0131q g\u00f6st\u0259rdil\u0259r. Az\u0259rbaycan c\u0259miyy\u0259ti t\u0259r\u0259find\u0259n bu \u00e7ox t\u0259qdir olundu. \u015e\u00fcbh\u0259siz ki, onlar\u0131n t\u0259ltif olunmas\u0131 g\u00fcnd\u0259m\u0259 g\u0259l\u0259 bil\u0259r. Onlar\u0131n f\u0259aliyy\u0259tinin motivasiya olunmas\u0131 da g\u00fcnd\u0259m\u0259 g\u0259l\u0259 bil\u0259r. C\u0259miyy\u0259td\u0259 olan yax\u015f\u0131 n\u00fcmun\u0259nin h\u0259r biri m\u00fctl\u0259q m\u00fckafatland\u0131r\u0131lmal\u0131d\u0131r ki, f\u0259dakarl\u0131q, q\u0259hr\u0259manl\u0131q kimi d\u0259y\u0259rl\u0259r t\u0259bli\u011f olunsun. H\u0259l\u0259lik Az\u0259rbaycan d\u00f6vl\u0259ti, Prezident t\u0259r\u0259find\u0259n yarad\u0131lan komissiya q\u0259zan\u0131n ba\u015f verm\u0259 s\u0259b\u0259bl\u0259ri il\u0259 m\u0259\u015f\u011fuldur. Art\u0131q z\u0259r\u0259r\u00e7\u0259k\u0259n s\u0259rni\u015finl\u0259r\u0259 kompensasiyan\u0131n verilm\u0259si il\u0259 ba\u011fl\u0131 q\u0259rar elan olunub. N\u00f6vb\u0259ti m\u0259rh\u0259l\u0259d\u0259 ekipaj \u00fczvl\u0259rind\u0259n sa\u011f qalanlar\u0131n, h\u0259lak olanlar\u0131n is\u0259 \u00f6l\u00fcm\u00fcnd\u0259n sonra t\u0259ltif olunmas\u0131 m\u0259s\u0259l\u0259si g\u00fcnd\u0259m\u0259 g\u0259l\u0259 bil\u0259r\u201d.<\/p>\n<p><strong>H.Babao\u011flu vur\u011fulad\u0131 ki, Az\u0259rbaycanda m\u00fckafatland\u0131rman\u0131n x\u00fcsusi qaydas\u0131 var:<\/strong>\u00a0\u201cAyr\u0131-ayr\u0131 sah\u0259l\u0259r \u00fczr\u0259 t\u0259tbiq olunan m\u00fckafatland\u0131rma qaydas\u0131 m\u00f6vcuddur ki, bu xidm\u0259ti sah\u0259d\u0259 f\u0259aliyy\u0259t g\u00f6st\u0259r\u0259n h\u0259r bir Az\u0259rbaycan v\u0259t\u0259nda\u015f\u0131na \u015famil edilir. B\u00fct\u00fcn sah\u0259l\u0259rd\u0259 v\u0259zif\u0259 borcunu layiqinc\u0259 yerin\u0259 yetir\u0259n, yax\u015f\u0131 n\u00fcmun\u0259 yaradan, f\u0259dakarl\u0131q n\u00fcmayi\u015f etdir\u0259n, \u0259m\u0259k f\u0259aliyy\u0259tind\u0259 f\u0259rql\u0259n\u0259n h\u0259r bir Az\u0259rbaycan v\u0259t\u0259nda\u015f\u0131 m\u00fckafatland\u0131r\u0131la bilir. Ekipaj \u00fczvl\u0259rinin f\u0259dakarl\u0131\u011f\u0131 g\u00f6z \u00f6n\u00fcnd\u0259dir. Onlar Az\u0259rbaycan\u0131n m\u00fcvafiq qanunlar\u0131na uy\u011fun olaraq pe\u015f\u0259 f\u0259aliyy\u0259tini yerin\u0259 yetir\u0259rk\u0259n g\u00f6st\u0259rdikl\u0259ri igidliy\u0259 g\u00f6r\u0259 m\u00fcfakata layiq g\u00f6r\u00fcl\u0259 bil\u0259rl\u0259r\u201d.<\/p>\n<p><img src=\"https:\/\/cebheinfo.az\/uploads\/images\/2024\/02\/720x400\/1707393805612748465c4c30dd3db7.jpg\" alt=\"Razi Nurullayev \u0130lham \u018fliyev\u0259 z\u0259ng edib\" \/><\/p>\n<p><strong>Razi Nurullayev\u00a0<\/strong><\/p>\n<p>Milli M\u0259clisin deputat\u0131, Milli C\u0259bh\u0259 Partiyas\u0131n\u0131n s\u0259dri Razi Nurullayev \u201cYeni M\u00fcsavat\u201d a \u015f\u0259rhind\u0259 bildirdi ki, t\u0259yyar\u0259 q\u0259zas\u0131nda h\u0259lak olan ekipaj \u00fczvl\u0259ri do\u011frudan da q\u0259hr\u0259manl\u0131q n\u00fcmun\u0259si g\u00f6st\u0259ribl\u0259r, vurulmu\u015f t\u0259yyar\u0259ni X\u0259z\u0259r d\u0259nizinin \u00fcz\u0259rind\u0259n u\u00e7urub Aktauya q\u0259d\u0259r apara bilibl\u0259r. Yay\u0131lan g\u00f6r\u00fcnt\u00fcl\u0259rd\u0259n ayd\u0131n olur ki, pilotlar\u0131n bir ne\u00e7\u0259 d\u0259f\u0259 enm\u0259 niyy\u0259ti olub, lakin son anda yenid\u0259n t\u0259yyar\u0259 yuxar\u0131 istiqam\u0259tl\u0259ndirilib. Pilotlar q\u0259za olarsa, insanlar\u0131 xilas etm\u0259k \u00fc\u00e7\u00fcn \u00e7\u0131x\u0131\u015f yolu axtar\u0131blar. Y\u0259ni, m\u0259n o videolara baxd\u0131qca g\u00f6r\u00fcr\u0259m ki, ekipaj \u00fczvl\u0259ri &#8211; st\u00fcardessalar da, pilotlar da \u0259ll\u0259rind\u0259n g\u0259l\u0259ni edibl\u0259r ki, h\u0259m s\u0259rni\u015finl\u0259ri, h\u0259m d\u0259 t\u0259yyar\u0259ni qorusunlar. Do\u011frudan da o videolara baxanda insan g\u00f6z ya\u015flar\u0131n\u0131 saxlaya bilmir. V\u0259 m\u0259n inan\u0131ram ki, onlar m\u00fckafata layiqdirl\u0259r. D\u00f6vl\u0259timiz, x\u00fcsusil\u0259 C\u0259nab Prezident d\u0259 bu m\u0259s\u0259l\u0259l\u0259rd\u0259 h\u0259ssas davran\u0131r. \u00dcmid edir\u0259m ki, d\u00f6vl\u0259timiz onlar\u0131n bu f\u0259aliyy\u0259tini, bu f\u0259dakarl\u0131\u011f\u0131n\u0131 qiym\u0259tl\u0259ndir\u0259c\u0259k v\u0259 onlar d\u00f6vl\u0259t m\u00fckafatlar\u0131na layiq g\u00f6r\u00fcl\u0259c\u0259kl\u0259r, m\u00fckafatlar sa\u011f qalanlar\u0131n\u00a0 \u00f6zl\u0259rin\u0259, h\u0259lak olanlar\u0131n is\u0259 ail\u0259 \u00fczvl\u0259rin\u0259 t\u0259qdim olunar. \u0130st\u0259nil\u0259n halda biz onlar\u0131n hans\u0131 f\u0259dakar\u0131\u011f\u0131 g\u00f6st\u0259rdikl\u0259rini bilirik. Xalq da, Prezident d\u0259 g\u00f6rd\u00fc. D\u00f6vl\u0259timiz d\u0259 bu m\u0259s\u0259l\u0259y\u0259 h\u0259ssas yana\u015f\u0131r. \u018fmin\u0259m ki, d\u00f6vl\u0259timiz bu haqda d\u00fc\u015f\u00fcn\u00fcr. Onlar h\u0259qiq\u0259t\u0259n xalq\u0131m\u0131z\u0131n g\u00f6z\u00fcnd\u0259 q\u0259hr\u0259mand\u0131rlar, daim q\u0259lbimizd\u0259 ya\u015fayacaqlar, g\u0259l\u0259c\u0259k n\u0259sill\u0259r d\u0259 onlar\u0131n ruhuna r\u0259hm\u0259t oxuyacaq&#8221;.<\/p>\n<p>Qeyd ed\u0259k ki, AZAL-\u0131n s\u0259rni\u015fin t\u0259yyar\u0259sinin Qazax\u0131standa q\u0259zaya u\u011framas\u0131 n\u0259tic\u0259sind\u0259 h\u0259lak olmu\u015f pilotlar \u0130qor K\u015fnyakin, Aleksandr Kalyaninov v\u0259 b\u0259l\u0259d\u00e7i H\u00f6kum\u0259 \u018fliyeva II F\u0259xri xiyabanda d\u0259fn olunacaq. Onlar\u0131n n\u0259\u015fi Qazax\u0131standan g\u0259tiril\u0259r\u0259k II F\u0259xri xiyabanda torpa\u011fa tap\u015f\u0131r\u0131lacaq.<\/p>\n<p><strong>Yeri g\u0259lmi\u015fk\u0259n, AZAL-a m\u0259xsus q\u0259zaya u\u011frayan t\u0259yyar\u0259nin istehsal edildiyi \u201cEmbraer\u201d \u015firk\u0259tinin m\u00fct\u0259x\u0259ssisl\u0259ri Aktauya gedib. Onlar Qazax\u0131stan\u0131n H\u00f6kum\u0259t Komissiyas\u0131n\u0131n \u00fczvl\u0259ri il\u0259 birlikd\u0259 hadis\u0259 yerinin m\u00fcayin\u0259sini aparacaq, el\u0259c\u0259 d\u0259 yekun r\u0259y haz\u0131rlayacaqlar.<\/strong><\/p>\n<p>Eyni zamanda Braziliyadan olan istintaq\u00e7\u0131lar qrupu da art\u0131q Qazax\u0131standad\u0131r. Onlar\u0131n yerli h\u00fcquq-m\u00fchafiz\u0259 orqanlar\u0131n\u0131n \u0259m\u0259kda\u015flar\u0131 il\u0259 birlikd\u0259 istintaq prosesind\u0259 i\u015ftirak\u0131 n\u0259z\u0259rd\u0259 tutulub.<\/p>\n<p>Xat\u0131rladaq ki, dekabr\u0131n 25-d\u0259 AZAL-\u0131n Bak\u0131-Qrozn\u0131 reysini yerin\u0259 yetir\u0259n s\u0259rni\u015fin t\u0259yyar\u0259si Qazax\u0131stan\u0131n Aktau \u015f\u0259h\u0259ri yax\u0131nl\u0131\u011f\u0131nda q\u0259zaya u\u011fray\u0131b. T\u0259yyar\u0259d\u0259 62 s\u0259rni\u015fin, 5 ekipaj \u00fczv\u00fc olub.<\/p>\n<p>Q\u0259za n\u0259tic\u0259sind\u0259 38 n\u0259f\u0259r h\u0259lak olub, 29 n\u0259f\u0259r sa\u011f qal\u0131b.<\/p>\n","protected":false},"excerpt":{"rendered":"<p>AZAL avia\u015firk\u0259tin\u0259 m\u0259xsus t\u0259yyar\u0259nin Aktauda q\u0259zaya u\u011framas\u0131ndan 4 g\u00fcn ke\u00e7ir. T\u0259yyar\u0259nin 29 s\u0259rni\u015fininin sa\u011f qalmas\u0131 m\u00fcst\u0259sna olaraq pilotlar\u0131n &#8211; \u0130qor K\u015fnyakin v\u0259 Aleksandr Kalyaninovun pe\u015f\u0259karl\u0131\u011f\u0131 say\u0259sind\u0259 m\u00fcmk\u00fcn olub. H\u0259m\u00e7inin st\u00fcardessalar\u0131n salonda panika ya\u015fanmamas\u0131 \u00fc\u00e7\u00fcn \u0259ll\u0259rind\u0259n g\u0259l\u0259ni etm\u0259si, c\u0259sar\u0259tl\u0259, tam t\u0259limata uy\u011fun h\u0259r\u0259k\u0259t etm\u0259si x\u00fcsusi f\u0259dakarl\u0131q n\u00fcmun\u0259sidir.\u00a0\u00a0\u00a0\u00a0 Pilot Vadim Bazykin bu x\u00fcsusda deyib: \u201cBel\u0259 q\u0259zalar zaman\u0131 sa\u011f qalanlar nadir hallarda olur. Burada q\u0259za zaman\u0131, y\u0259qin ki, yan\u011f\u0131n olmay\u0131b v\u0259 t\u0259yyar\u0259 a\u015fa\u011f\u0131 s\u00fcr\u0259tl\u0259 yer\u0259 d\u00fc\u015f\u00fcb. Bu is\u0259 hey\u0259tin s\u0259rni\u015finl\u0259rinin h\u0259yat\u0131n\u0131 xilas etm\u0259k \u00fc\u00e7\u00fcn m\u00fcbariz\u0259 apard\u0131\u011f\u0131n\u0131 g\u00f6st\u0259rir. Sa\u011f qalanlar varsa, bu, 100% hey\u0259tin&hellip;<\/p>\n","protected":false},"author":2,"featured_media":777594,"comment_status":"closed","ping_status":"closed","sticky":false,"template":"","format":"standard","meta":{"om_disable_all_campaigns":false,"_monsterinsights_skip_tracking":false,"_monsterinsights_sitenote_active":false,"_monsterinsights_sitenote_note":"","_monsterinsights_sitenote_category":0},"categories":[19],"tags":[],"aioseo_notices":[],"gutentor_comment":0,"rttpg_featured_image_url":{"full":["https:\/\/arantv.az\/wp-content\/uploads\/2024\/12\/4404ebea41786c2eddcbfdaf0d2fd33e.jpg",800,500,false],"landscape":["https:\/\/arantv.az\/wp-content\/uploads\/2024\/12\/4404ebea41786c2eddcbfdaf0d2fd33e.jpg",800,500,false],"portraits":["https:\/\/arantv.az\/wp-content\/uploads\/2024\/12\/4404ebea41786c2eddcbfdaf0d2fd33e.jpg",800,500,false],"thumbnail":["https:\/\/arantv.az\/wp-content\/uploads\/2024\/12\/4404ebea41786c2eddcbfdaf0d2fd33e-500x280.jpg",500,280,true],"medium":["https:\/\/arantv.az\/wp-content\/uploads\/2024\/12\/4404ebea41786c2eddcbfdaf0d2fd33e-584x365.jpg",584,365,true],"large":["https:\/\/arantv.az\/wp-content\/uploads\/2024\/12\/4404ebea41786c2eddcbfdaf0d2fd33e.jpg",640,400,false],"1536x1536":["https:\/\/arantv.az\/wp-content\/uploads\/2024\/12\/4404ebea41786c2eddcbfdaf0d2fd33e.jpg",800,500,false],"2048x2048":["https:\/\/arantv.az\/wp-content\/uploads\/2024\/12\/4404ebea41786c2eddcbfdaf0d2fd33e.jpg",800,500,false],"post-thumbnail":["https:\/\/arantv.az\/wp-content\/uploads\/2024\/12\/4404ebea41786c2eddcbfdaf0d2fd33e-240x172.jpg",240,172,true],"advps-thumb-one":["https:\/\/arantv.az\/wp-content\/uploads\/2024\/12\/4404ebea41786c2eddcbfdaf0d2fd33e.jpg",800,500,false]},"rttpg_author":{"display_name":"V\u00fcsal Rafiqo\u011flu","author_link":"https:\/\/arantv.az\/?author=2"},"rttpg_comment":0,"rttpg_category":"<a href=\"https:\/\/arantv.az\/?cat=19\" rel=\"category\">G\u00fcnd\u0259m<\/a>","rttpg_excerpt":"AZAL avia\u015firk\u0259tin\u0259 m\u0259xsus t\u0259yyar\u0259nin Aktauda q\u0259zaya u\u011framas\u0131ndan 4 g\u00fcn ke\u00e7ir. T\u0259yyar\u0259nin 29 s\u0259rni\u015fininin sa\u011f qalmas\u0131 m\u00fcst\u0259sna olaraq pilotlar\u0131n &#8211; \u0130qor K\u015fnyakin v\u0259 Aleksandr Kalyaninovun pe\u015f\u0259karl\u0131\u011f\u0131 say\u0259sind\u0259 m\u00fcmk\u00fcn olub. H\u0259m\u00e7inin st\u00fcardessalar\u0131n salonda panika ya\u015fanmamas\u0131 \u00fc\u00e7\u00fcn \u0259ll\u0259rind\u0259n g\u0259l\u0259ni etm\u0259si, c\u0259sar\u0259tl\u0259, tam t\u0259limata uy\u011fun h\u0259r\u0259k\u0259t etm\u0259si x\u00fcsusi f\u0259dakarl\u0131q n\u00fcmun\u0259sidir.\u00a0\u00a0\u00a0\u00a0 Pilot Vadim Bazykin bu x\u00fcsusda deyib: \u201cBel\u0259 q\u0259zalar zaman\u0131&hellip;","_links":{"self":[{"href":"https:\/\/arantv.az\/index.php?rest_route=\/wp\/v2\/posts\/777593"}],"collection":[{"href":"https:\/\/arantv.az\/index.php?rest_route=\/wp\/v2\/posts"}],"about":[{"href":"https:\/\/arantv.az\/index.php?rest_route=\/wp\/v2\/types\/post"}],"author":[{"embeddable":true,"href":"https:\/\/arantv.az\/index.php?rest_route=\/wp\/v2\/users\/2"}],"replies":[{"embeddable":true,"href":"https:\/\/arantv.az\/index.php?rest_route=%2Fwp%2Fv2%2Fcomments&post=777593"}],"version-history":[{"count":2,"href":"https:\/\/arantv.az\/index.php?rest_route=\/wp\/v2\/posts\/777593\/revisions"}],"predecessor-version":[{"id":777596,"href":"https:\/\/arantv.az\/index.php?rest_route=\/wp\/v2\/posts\/777593\/revisions\/777596"}],"wp:featuredmedia":[{"embeddable":true,"href":"https:\/\/arantv.az\/index.php?rest_route=\/wp\/v2\/media\/777594"}],"wp:attachment":[{"href":"https:\/\/arantv.az\/index.php?rest_route=%2Fwp%2Fv2%2Fmedia&parent=777593"}],"wp:term":[{"taxonomy":"category","embeddable":true,"href":"https:\/\/arantv.az\/index.php?rest_route=%2Fwp%2Fv2%2Fcategories&post=777593"},{"taxonomy":"post_tag","embeddable":true,"href":"https:\/\/arantv.az\/index.php?rest_route=%2Fwp%2Fv2%2Ftags&post=777593"}],"curies":[{"name":"wp","href":"https:\/\/api.w.org\/{rel}","templated":true}]}}