{"id":777597,"date":"2024-12-28T10:26:32","date_gmt":"2024-12-28T06:26:32","guid":{"rendered":"https:\/\/arantv.az\/?p=777597"},"modified":"2024-12-28T10:42:16","modified_gmt":"2024-12-28T06:42:16","slug":"new-york-times-az%c9%99rbaycandaki-t%c9%99yyar%c9%99-q%c9%99zasini-manset-etdi","status":"publish","type":"post","link":"https:\/\/arantv.az\/?p=777597","title":{"rendered":"&#8220;New York Times&#8221; Az\u0259rbaycandak\u0131 t\u0259yyar\u0259 q\u0259zas\u0131n\u0131 man\u015fet etdi"},"content":{"rendered":"<p>D\u00fcnyan\u0131n n\u00fcfuzlu media orqanlar\u0131ndan biri olan &#8220;New York Times&#8221;, Az\u0259rbaycan\u0131n AZAL-a m\u0259xsus t\u0259yyar\u0259sinin Qazax\u0131standa q\u0259zaya u\u011framas\u0131 il\u0259 ba\u011fl\u0131 geni\u015f material yay\u0131mlay\u0131b. M\u0259qal\u0259 q\u0259zan\u0131n t\u0259f\u0259rr\u00fcatlar\u0131na, h\u0259lak olanlar\u0131n v\u0259 sa\u011f qalanlar\u0131n say\u0131na, el\u0259c\u0259 d\u0259 beyn\u0259lxalq reaksiyalara diqq\u0259t \u00e7\u0259kir.<\/p>\n<p><strong>&#8220;New York Times&#8221; yaz\u0131r ki,<\/strong>\u00a0Bak\u0131dan Qrozn\u0131ya u\u00e7an t\u0259yyar\u0259d\u0259 67 n\u0259f\u0259r, o c\u00fcml\u0259d\u0259n ekipaj \u00fczvl\u0259ri olub. Hadis\u0259 n\u0259tic\u0259sind\u0259 38 n\u0259f\u0259r h\u0259yat\u0131n\u0131 itirib, 29 n\u0259f\u0259r is\u0259 sa\u011f qal\u0131b. M\u0259qal\u0259d\u0259 sa\u011f qalan s\u0259rni\u015finl\u0259rin ifad\u0259l\u0259rin\u0259 \u0259saslanaraq t\u0259yyar\u0259d\u0259 partlay\u0131\u015f s\u0259sl\u0259rinin e\u015fidildiyi vur\u011fulan\u0131r.<\/p>\n<p><img src=\"https:\/\/static01.nytimes.com\/newsgraphics\/2024-12-27-kazakhstan-crash\/9602079e-a2dd-4c38-a362-688cabfd5c28\/_assets\/flightradar24-Artboard_1.jpg\" width=\"700\" \/><\/p>\n<p><strong>&#8220;New York Times&#8221; h\u0259lak olanlar\u0131n ail\u0259l\u0259rin\u0259 ba\u015fsa\u011fl\u0131\u011f\u0131 ver\u0259n liderl\u0259rin a\u00e7\u0131qlamalar\u0131n\u0131 da oxuculara t\u0259qdim edir.<\/strong><\/p>\n<p>\u2022 Az\u0259rbaycan Prezidenti \u0130lham \u018fliyev q\u0259zan\u0131n ba\u015f verdiyi andan hadis\u0259ni diqq\u0259t m\u0259rk\u0259zind\u0259 saxlay\u0131b v\u0259 beyn\u0259lxalq ara\u015fd\u0131rman\u0131n apar\u0131lmas\u0131n\u0131 d\u0259st\u0259kl\u0259yib.<\/p>\n<p>\u2022 Ukrayna Prezidenti Volodimir Zelenski hadis\u0259ni MH17 il\u0259 m\u00fcqayis\u0259 ed\u0259r\u0259k Rusiyan\u0131n m\u0259suliyy\u0259tini g\u00fcnd\u0259m\u0259 g\u0259tirib.<\/p>\n<p>\u2022 AB\u015e h\u00f6kum\u0259ti, Az\u0259rbaycan v\u0259 Qazax\u0131stanla birg\u0259 istintaqa texniki d\u0259st\u0259k t\u0259klif edib.<\/p>\n<p><img loading=\"lazy\" src=\"https:\/\/cdn.musavat.com\/news\/images\/kka.JPG\" alt=\"kka.JPG (42 KB)\" width=\"700\" height=\"410\" \/><\/p>\n<p>M\u0259qal\u0259d\u0259 Az\u0259rbaycan d\u00f6vl\u0259tinin m\u0259suliyy\u0259tli v\u0259 t\u0259qdir\u0259layiq davran\u0131\u015f\u0131 x\u00fcsusi vur\u011fulan\u0131r. Prezident \u0130lham \u018fliyevin \u015f\u0259ffaf v\u0259 obyektiv ara\u015fd\u0131rman\u0131n apar\u0131lmas\u0131 istiqam\u0259tind\u0259 beyn\u0259lxalq d\u0259st\u0259yi c\u0259lb etm\u0259si, h\u0259m\u00e7inin h\u0259lak olanlar\u0131n ail\u0259l\u0259rin\u0259 g\u00f6st\u0259ril\u0259n humanitar yard\u0131m qeyd olunur.<\/p>\n<p>&#8220;New York Times&#8221; q\u0259zan\u0131 \u00f6z man\u015fetind\u0259 yay\u0131mlamaqla, hadis\u0259nin beyn\u0259lxalq ictimaiyy\u0259t \u00fc\u00e7\u00fcn n\u0259 q\u0259d\u0259r \u00f6n\u0259mli oldu\u011funu bir daha g\u00f6st\u0259rdi. M\u0259qal\u0259d\u0259 h\u0259m\u00e7inin, liderl\u0259rin a\u00e7\u0131qlamalar\u0131, Az\u0259rbaycan h\u00f6kum\u0259tinin reaksiyas\u0131 v\u0259 t\u0259yyar\u0259nin vurulmas\u0131 il\u0259 ba\u011fl\u0131 artan \u015f\u00fcbh\u0259l\u0259r\u0259 diqq\u0259t \u00e7\u0259kilir.<\/p>\n<p><strong>Musavat.com<\/strong><\/p>\n","protected":false},"excerpt":{"rendered":"<p>D\u00fcnyan\u0131n n\u00fcfuzlu media orqanlar\u0131ndan biri olan &#8220;New York Times&#8221;, Az\u0259rbaycan\u0131n AZAL-a m\u0259xsus t\u0259yyar\u0259sinin Qazax\u0131standa q\u0259zaya u\u011framas\u0131 il\u0259 ba\u011fl\u0131 geni\u015f material yay\u0131mlay\u0131b. M\u0259qal\u0259 q\u0259zan\u0131n t\u0259f\u0259rr\u00fcatlar\u0131na, h\u0259lak olanlar\u0131n v\u0259 sa\u011f qalanlar\u0131n say\u0131na, el\u0259c\u0259 d\u0259 beyn\u0259lxalq reaksiyalara diqq\u0259t \u00e7\u0259kir. &#8220;New York Times&#8221; yaz\u0131r ki,\u00a0Bak\u0131dan Qrozn\u0131ya u\u00e7an t\u0259yyar\u0259d\u0259 67 n\u0259f\u0259r, o c\u00fcml\u0259d\u0259n ekipaj \u00fczvl\u0259ri olub. Hadis\u0259 n\u0259tic\u0259sind\u0259 38 n\u0259f\u0259r h\u0259yat\u0131n\u0131 itirib, 29 n\u0259f\u0259r is\u0259 sa\u011f qal\u0131b. M\u0259qal\u0259d\u0259 sa\u011f qalan s\u0259rni\u015finl\u0259rin ifad\u0259l\u0259rin\u0259 \u0259saslanaraq t\u0259yyar\u0259d\u0259 partlay\u0131\u015f s\u0259sl\u0259rinin e\u015fidildiyi vur\u011fulan\u0131r. &#8220;New York Times&#8221; h\u0259lak olanlar\u0131n ail\u0259l\u0259rin\u0259 ba\u015fsa\u011fl\u0131\u011f\u0131 ver\u0259n liderl\u0259rin a\u00e7\u0131qlamalar\u0131n\u0131 da oxuculara t\u0259qdim edir. \u2022 Az\u0259rbaycan Prezidenti&hellip;<\/p>\n","protected":false},"author":2,"featured_media":777601,"comment_status":"closed","ping_status":"closed","sticky":false,"template":"","format":"standard","meta":{"om_disable_all_campaigns":false,"_monsterinsights_skip_tracking":false,"_monsterinsights_sitenote_active":false,"_monsterinsights_sitenote_note":"","_monsterinsights_sitenote_category":0},"categories":[19],"tags":[],"aioseo_notices":[],"gutentor_comment":0,"rttpg_featured_image_url":{"full":["https:\/\/arantv.az\/wp-content\/uploads\/2024\/12\/5a1f9a86422da5f9864c7852b721abda-1.jpg",870,500,false],"landscape":["https:\/\/arantv.az\/wp-content\/uploads\/2024\/12\/5a1f9a86422da5f9864c7852b721abda-1.jpg",870,500,false],"portraits":["https:\/\/arantv.az\/wp-content\/uploads\/2024\/12\/5a1f9a86422da5f9864c7852b721abda-1.jpg",870,500,false],"thumbnail":["https:\/\/arantv.az\/wp-content\/uploads\/2024\/12\/5a1f9a86422da5f9864c7852b721abda-1-500x280.jpg",500,280,true],"medium":["https:\/\/arantv.az\/wp-content\/uploads\/2024\/12\/5a1f9a86422da5f9864c7852b721abda-1-635x365.jpg",635,365,true],"large":["https:\/\/arantv.az\/wp-content\/uploads\/2024\/12\/5a1f9a86422da5f9864c7852b721abda-1-840x483.jpg",640,368,true],"1536x1536":["https:\/\/arantv.az\/wp-content\/uploads\/2024\/12\/5a1f9a86422da5f9864c7852b721abda-1.jpg",870,500,false],"2048x2048":["https:\/\/arantv.az\/wp-content\/uploads\/2024\/12\/5a1f9a86422da5f9864c7852b721abda-1.jpg",870,500,false],"post-thumbnail":["https:\/\/arantv.az\/wp-content\/uploads\/2024\/12\/5a1f9a86422da5f9864c7852b721abda-1-240x172.jpg",240,172,true],"advps-thumb-one":["https:\/\/arantv.az\/wp-content\/uploads\/2024\/12\/5a1f9a86422da5f9864c7852b721abda-1.jpg",870,500,false]},"rttpg_author":{"display_name":"V\u00fcsal Rafiqo\u011flu","author_link":"https:\/\/arantv.az\/?author=2"},"rttpg_comment":0,"rttpg_category":"<a href=\"https:\/\/arantv.az\/?cat=19\" rel=\"category\">G\u00fcnd\u0259m<\/a>","rttpg_excerpt":"D\u00fcnyan\u0131n n\u00fcfuzlu media orqanlar\u0131ndan biri olan &#8220;New York Times&#8221;, Az\u0259rbaycan\u0131n AZAL-a m\u0259xsus t\u0259yyar\u0259sinin Qazax\u0131standa q\u0259zaya u\u011framas\u0131 il\u0259 ba\u011fl\u0131 geni\u015f material yay\u0131mlay\u0131b. M\u0259qal\u0259 q\u0259zan\u0131n t\u0259f\u0259rr\u00fcatlar\u0131na, h\u0259lak olanlar\u0131n v\u0259 sa\u011f qalanlar\u0131n say\u0131na, el\u0259c\u0259 d\u0259 beyn\u0259lxalq reaksiyalara diqq\u0259t \u00e7\u0259kir. &#8220;New York Times&#8221; yaz\u0131r ki,\u00a0Bak\u0131dan Qrozn\u0131ya u\u00e7an t\u0259yyar\u0259d\u0259 67 n\u0259f\u0259r, o c\u00fcml\u0259d\u0259n ekipaj \u00fczvl\u0259ri olub. Hadis\u0259 n\u0259tic\u0259sind\u0259 38 n\u0259f\u0259r&hellip;","_links":{"self":[{"href":"https:\/\/arantv.az\/index.php?rest_route=\/wp\/v2\/posts\/777597"}],"collection":[{"href":"https:\/\/arantv.az\/index.php?rest_route=\/wp\/v2\/posts"}],"about":[{"href":"https:\/\/arantv.az\/index.php?rest_route=\/wp\/v2\/types\/post"}],"author":[{"embeddable":true,"href":"https:\/\/arantv.az\/index.php?rest_route=\/wp\/v2\/users\/2"}],"replies":[{"embeddable":true,"href":"https:\/\/arantv.az\/index.php?rest_route=%2Fwp%2Fv2%2Fcomments&post=777597"}],"version-history":[{"count":1,"href":"https:\/\/arantv.az\/index.php?rest_route=\/wp\/v2\/posts\/777597\/revisions"}],"predecessor-version":[{"id":777599,"href":"https:\/\/arantv.az\/index.php?rest_route=\/wp\/v2\/posts\/777597\/revisions\/777599"}],"wp:featuredmedia":[{"embeddable":true,"href":"https:\/\/arantv.az\/index.php?rest_route=\/wp\/v2\/media\/777601"}],"wp:attachment":[{"href":"https:\/\/arantv.az\/index.php?rest_route=%2Fwp%2Fv2%2Fmedia&parent=777597"}],"wp:term":[{"taxonomy":"category","embeddable":true,"href":"https:\/\/arantv.az\/index.php?rest_route=%2Fwp%2Fv2%2Fcategories&post=777597"},{"taxonomy":"post_tag","embeddable":true,"href":"https:\/\/arantv.az\/index.php?rest_route=%2Fwp%2Fv2%2Ftags&post=777597"}],"curies":[{"name":"wp","href":"https:\/\/api.w.org\/{rel}","templated":true}]}}