{"id":777600,"date":"2024-12-28T10:27:39","date_gmt":"2024-12-28T06:27:39","guid":{"rendered":"https:\/\/arantv.az\/?p=777600"},"modified":"2024-12-28T10:45:49","modified_gmt":"2024-12-28T06:45:49","slug":"2024-d%c9%99-n%c9%99l%c9%99r-oldu-az%c9%99rbaycan-tarixind%c9%99-qalacaq-il","status":"publish","type":"post","link":"https:\/\/arantv.az\/?p=777600","title":{"rendered":"2024-d\u0259 n\u0259l\u0259r oldu? &#8211; Az\u0259rbaycan tarixind\u0259 qalacaq il"},"content":{"rendered":"<p><strong>2024-c\u00fc il Az\u0259rbaycan \u00fc\u00e7\u00fcn bir s\u0131ra hadis\u0259l\u0259rl\u0259 \u0259lam\u0259tdar oldu. Bu il Rusiya v\u0259 Az\u0259rbaycan ali r\u0259hb\u0259rl\u0259rinin raz\u0131la\u015fmas\u0131 \u0259sas\u0131nda s\u00fclhm\u0259raml\u0131 h\u0259rbi kontingent Qaraba\u011f\u0131 vaxt\u0131ndan tez t\u0259rk etdi. Bu, diplomatiyam\u0131z\u0131n n\u00f6vb\u0259ti u\u011furlu gedi\u015fl\u0259rind\u0259n biri idi.<\/strong><\/p>\n<p>Dig\u0259r hadis\u0259 Erm\u0259nistanla ilk d\u0259f\u0259 s\u0259rh\u0259din Qazax istiqam\u0259tind\u0259 delimitasiya v\u0259 demarkasiya apar\u0131lmas\u0131, h\u0259m\u00e7inin i\u015f\u011falda olan 4 k\u0259ndin qaytar\u0131lmas\u0131 oldu. Bu ilin dig\u0259r \u0259n yaddaqalan hadis\u0259l\u0259rind\u0259n biri, s\u00f6zs\u00fcz ki, Bak\u0131da BMT-nin \u0130qlim D\u0259yi\u015fikliyi konfrans\u0131 &#8211; COP29 oldu. Az\u0259rbaycan \u00f6z\u00fcn\u00fcn beyn\u0259lxalq imicin\u0259 n\u00f6vb\u0259ti m\u00fch\u00fcm xallar \u0259lav\u0259 etdi.<\/p>\n<p>2024 Az\u0259rbaycan \u00fc\u00e7\u00fcn h\u0259m d\u0259 se\u00e7kil\u0259r t\u0259qvimi idi. Bu il n\u00f6vb\u0259d\u0259nk\u0259nar prezident v\u0259 n\u00f6vb\u0259d\u0259nk\u0259nar parlament se\u00e7kil\u0259ri ke\u00e7irildi. \u0130lin sonuna say\u0131l\u0131 g\u00fcnl\u0259r qalm\u0131\u015f is\u0259 Az\u0259rbaycan xalq\u0131n\u0131 sars\u0131dan t\u0259yyar\u0259 q\u0259zas\u0131 ba\u015f verdi.<\/p>\n<p><strong>\u00dcmumilikd\u0259 \u00f6lk\u0259miz \u00fc\u00e7\u00fcn taley\u00fckl\u00fc bir d\u00f6vr oldu v\u0259 Az\u0259rbaycan d\u00f6vl\u0259ti, xalq\u0131 bu s\u0131naqlardan, m\u00fcr\u0259kk\u0259b siyasi \u015f\u0259raitl\u0259rd\u0259n ba\u015f\u0131uca \u00e7\u0131xma\u011f\u0131 bacard\u0131.<\/strong><\/p>\n<p><strong><img src=\"https:\/\/etikxeber.az\/wp-content\/uploads\/2019\/11\/aydin-budca.jpg\" alt=\"Ayd\u0131n Mirz\u0259zad\u0259-\u015e\u018fH\u0130D\u0130N D\u018fFN M\u018fRAS\u0130M\u0130N\u018f QATILDI \u2013 EtikX\u0259b\u0259r\" \/><\/strong><\/p>\n<p><strong>Ayd\u0131n Mirz\u0259zad\u0259\u00a0<\/strong><\/p>\n<p>Yeni Az\u0259rbaycan Partiyas\u0131n\u0131n deputat\u0131 Ayd\u0131n Mirz\u0259zad\u0259 \u201cYeni M\u00fcsavat\u201da bildirdi ki, h\u0259r il oldu\u011fu kimi 2024-c\u00fc il d\u0259 u\u011frlarla v\u0259 Az\u0259rbaycan d\u00f6vl\u0259tinin inki\u015faf\u0131nda n\u00f6vb\u0259ti m\u00fcsb\u0259t il kimi\u00a0 yadda qalacaq. Yen\u0259 d\u0259 c\u0259miyy\u0259timiz v\u0259 d\u00f6vl\u0259timiz m\u00fcst\u0259qilliyimizin, suverenliyimizin ke\u015fiyind\u0259 durdu: \u201c44 g\u00fcnl\u00fck m\u00fcharib\u0259d\u0259 v\u0259 bir g\u00fcnl\u00fck anti-terror \u0259m\u0259liyyat\u0131nda qazand\u0131\u011f\u0131m\u0131z q\u0259l\u0259b\u0259nin bu g\u00fcn v\u0259 sabah \u00fc\u00e7\u00fcn n\u0259 q\u0259d\u0259r \u0259h\u0259miyy\u0259tli oldu\u011funun bu il bir daha f\u0259rqind\u0259 olduq. 2024-c\u00fc ild\u0259 b\u00fct\u00fcn sah\u0259l\u0259rd\u0259 inki\u015faf getdiyini dey\u0259 bil\u0259rik. 2024-c\u00fc il \u00fc\u00e7\u00fcn parlament t\u0259r\u0259find\u0259n q\u0259bul edil\u0259n d\u00f6vl\u0259t b\u00fcdc\u0259sinin b\u00fct\u00fcn madd\u0259l\u0259r \u00fczr\u0259 yerin\u0259 yetirilm\u0259sini g\u00f6rd\u00fck. Az\u0259rbaycan manat\u0131 yen\u0259 d\u0259 sabitdir. Qeyri-neft sektorunun inki\u015faf\u0131 2024-c\u00fc ild\u0259 d\u0259 davam etdi. \u0130qtisadi inki\u015faf m\u0259rk\u0259zi t\u0259dric\u0259n reguonlara ke\u00e7m\u0259kd\u0259dir. \u0130nfrastrukturun yax\u015f\u0131la\u015fmas\u0131 \u00fc\u00e7\u00fcn n\u00f6vb\u0259ti add\u0131mlar at\u0131l\u0131r. Regionlarda i\u015f yerl\u0259ri a\u00e7\u0131l\u0131r, sosial obyektl\u0259r tikilir, t\u0259hsilin, s\u0259hiyy\u0259nin keyfiyy\u0259tinin art\u0131r\u0131lmas\u0131 \u00fc\u00e7\u00fcn d\u00f6vl\u0259t t\u0259r\u0259find\u0259n b\u00f6y\u00fck i\u015fl\u0259r g\u00f6r\u00fcl\u00fcr. \u00d6z\u0259l sektorun inki\u015faf\u0131na d\u00f6vl\u0259t t\u0259r\u0259find\u0259n diqq\u0259t oldu. Vaxta\u015f\u0131r\u0131 iqtisadi qanunvericiliy\u0259 edil\u0259n d\u0259yi\u015fiklikl\u0259r \u00f6z\u0259l sektorun inki\u015faf\u0131na yeni \u015f\u0259rait yarad\u0131r. Siyasi hadis\u0259l\u0259rd\u0259n is\u0259 m\u0259n n\u00f6vb\u0259d\u0259nk\u0259nar prezident v\u0259 parlament se\u00e7kil\u0259rini x\u00fcsusi vur\u011fulamaq ist\u0259rdim. Bu il prezident se\u00e7kil\u0259ri ilk d\u0259f\u0259 olaraq Az\u0259rbaycan\u0131n b\u00fct\u00fcn \u0259rzisind\u0259 ke\u00e7irildi. Se\u00e7icil\u0259r Prezident \u0130lham \u018fliyev\u0259 m\u00fctl\u0259q \u015f\u0259kild\u0259 s\u0259s verdil\u0259r. Parlament se\u00e7kil\u0259ri d\u0259 demokratik, \u015f\u0259ffaf, r\u0259qab\u0259tli ke\u00e7di. Parlament bu g\u00fcn se\u00e7icil\u0259rl\u0259 s\u0131x i\u015fl\u0259m\u0259kl\u0259 d\u00f6vl\u0259t \u00fc\u00e7\u00fcn vacib olan qanunlar\u0131n q\u0259bulu il\u0259 diqq\u0259ti c\u0259lb edir. Eyni zamanda Az\u0259rbaycanda COP29 kimi \u00e7ox n\u00fcfuzlu beyn\u0259lxalq t\u0259dbirin ke\u00e7irilm\u0259si Az\u0259rbaycan\u0131n beyn\u0259lxalq birlikd\u0259 artan n\u00fcfuzunu g\u00f6st\u0259rdi. \u0130lk d\u0259f\u0259 idi ki, d\u00fcnyan\u0131n 197 \u00f6lk\u0259sind\u0259n 76 min i\u015ftirak\u0131, 80-d\u0259n \u00e7ox \u00f6lk\u0259nin prezidenti, vitse-prezidenti, ba\u015f naziri Az\u0259rbaycanda ke\u00e7iril\u0259n bu t\u0259dbird\u0259 i\u015ftirak etdi. \u00c7ox t\u0259\u0259ss\u00fcf ki, ilimiz aviasiya q\u0259zas\u0131 il\u0259 d\u0259 yadda qald\u0131. Az\u0259rbaycan d\u00f6vl\u0259ti c\u0259nab Prezidentimizin simas\u0131nda bu a\u011f\u0131r m\u0259qamda laz\u0131mi add\u0131mlar\u0131 atd\u0131. Az\u0259rbaycan v\u0259t\u0259nda\u015flar\u0131 d\u00f6vl\u0259tinin daim onun \u00fc\u00e7\u00fcn \u00e7al\u0131\u015fd\u0131\u011f\u0131n\u0131n bir daha f\u0259rqind\u0259 oldu\u201d.<\/p>\n<p><img src=\"https:\/\/cdn.qaynarinfo.az\/2024-06\/42d83eb4a13214e45dad8c70f7ed077earzuxan-jpg.jpg\" alt=\"qaynarinfo.az\" \/><\/p>\n<p><strong>Arzuxan \u018flizad\u0259\u00a0<\/strong><\/p>\n<p><strong>Deputat, AM\u0130P s\u0259dri Arzuxan \u018flizad\u0259 is\u0259 bildirdi ki, 2024-c\u00fc il Az\u0259rbaycan \u00fc\u00e7\u00fcn bir s\u0131ra m\u0259s\u0259l\u0259l\u0259rl\u0259 x\u00fcsusi diqq\u0259td\u0259 qalan il oldu:<\/strong>\u00a0\u201cB\u00fct\u00f6vl\u00fckd\u0259 2024-c\u00fc ili Az\u0259rbaycan \u00fc\u00e7\u00fcn u\u011furlu il hesab edr\u0259m. Bu il fevral\u0131n 7-d\u0259 ilk d\u0259f\u0259 idi ki, Az\u0259rbaycan\u0131n b\u00fct\u00fcn suveren \u0259razil\u0259rind\u0259 Prezident se\u00e7kil\u0259ri ke\u00e7irildi. 2024 bu hadis\u0259 il\u0259 tarixd\u0259 qalan \u0259lam\u0259tdar il oldu. Eyni zamanda 1 sentyabrda m\u00fcst\u0259qillik tariximizd\u0259 ilk d\u0259f\u0259 b\u00fct\u00fcn \u00f6lk\u0259mizin \u0259razisind\u0259 parlament se\u00e7kil\u0259ri ke\u00e7irildi. H\u0259m\u00e7inin bu il COP29 kimi n\u00fcfuzlu beyn\u0259lxalq t\u0259dbir\u0259 haz\u0131rl\u0131q v\u0259 t\u0259dbirin ke\u00e7irildiyi il kimi d\u0259 Az\u0259rbaycan\u0131n tarixind\u0259 yer alacaq. Az\u0259rbaycan m\u0259hz bu il D-8 T\u0259\u015fkilat\u0131na \u00fczv oldu. Bu da q\u00fcrurverici hadis\u0259dir. T\u0259\u0259ss\u00fcfl\u0259r olsun ki, 2024-c\u00fc il dekabr\u0131n 25-d\u0259 Az\u0259rbaycan\u0131n m\u00fclki t\u0259yyar\u0259sinin Rusiya havas\u0131 m\u0259kan\u0131nda vurulmas\u0131 v\u0259 \u00e7oxlu sayda insan\u0131n h\u0259yat\u0131n\u0131 itirm\u0259si kimi hadis\u0259 il\u0259 d\u0259 tarixd\u0259 qalacaq\u201d.<\/p>\n<p><img loading=\"lazy\" src=\"https:\/\/ednews.net\/uploads\/news\/50598\/aff.jpg\" alt=\"Akif Na\u011f\u0131: &quot;Az\u0259rbaycanda he\u00e7 bir partiya biziml\u0259 m\u00fcqayis\u0259 oluna bilm\u0259z&quot;\" width=\"748\" height=\"449\" \/><\/p>\n<p><strong>\u00a0Akif Na\u011f\u0131\u00a0<\/strong><\/p>\n<p><strong>Azad V\u0259t\u0259n Partiyas\u0131n\u0131n s\u0259dri Akif Na\u011f\u0131 bildirdi ki, 2024-c\u00fc il Az\u0259rbaycan \u00fc\u00e7\u00fcn u\u011furlu il oldu:<\/strong>\u00a0\u201c\u00dcmumi \u015f\u0259kild\u0259 bel\u0259 dem\u0259k olar ki, 2024 Az\u0259rbaycan\u0131n 2023-c\u00fc ild\u0259ki \u00e7ox ciddi u\u011furlar\u0131n\u0131n m\u00f6hk\u0259ml\u0259ndirilm\u0259si ili oldu. H\u0259m daxili siyas\u0259t sah\u0259sind\u0259, h\u0259m xarici siyas\u0259td\u0259 u\u011furlar \u0259ld\u0259 edildi. \u0130qtsadi, sosial siyas\u0259t sah\u0259sind\u0259, \u0259halinin rifah hal\u0131n\u0131n yax\u015f\u0131la\u015fd\u0131r\u0131lmas\u0131 istiqam\u0259tind\u0259 add\u0131mlar at\u0131ld\u0131. Az\u0259rbaycan sosial d\u00f6vl\u0259t oldu\u011funu n\u00fcmayi\u015f etdirdi. \u0130\u015f\u011faldan azad edilmi\u015f rayonlar\u0131m\u0131zda quruculuq i\u015fl\u0259rinin v\u0259 qay\u0131d\u0131\u015f prosesinin s\u00fcr\u0259tl\u0259ndiyini d\u0259 bu il m\u00fc\u015fahid\u0259 etdik. 2024 daha \u00e7ox siyasi hadis\u0259l\u0259rin z\u0259ngin oldu\u011fu il kimi yadda qalacaq. Prezident se\u00e7kil\u0259ri, parlament se\u00e7kil\u0259ri ke\u00e7irildi, b\u0259l\u0259diyy\u0259 se\u00e7kil\u0259ri kampaniyas\u0131n\u0131n bir hiss\u0259si m\u0259hz bu il\u0259 d\u00fc\u015fd\u00fc. Se\u00e7kil\u0259rd\u0259 bizim partiya da \u00f6z\u00fcn\u00fc s\u0131naqdan \u00e7\u0131xard\u0131. Partiyam\u0131z parlament se\u00e7kil\u0259rind\u0259 ilk d\u0259f\u0259 olaraq partiya kimi i\u015ftirak el\u0259di. 14 partiyan\u0131n i\u00e7\u0259risind\u0259 4-5-ci yerd\u0259 olduq. \u0130ndi is\u0259 b\u0259l\u0259diyy\u0259 se\u00e7kil\u0259rind\u0259 i\u015ftirak edirik. Az\u0259rbaycan \u00fc\u00e7\u00fcn bu il yadda qalan il oldu. Rusiya s\u00fclhm\u0259raml\u0131 q\u00fcvv\u0259l\u0259ri m\u0259hz bu il Az\u0259rbaycan\u0131n Qaraba\u011f \u0259razind\u0259n \u00e7\u0131x\u0131b getdi. \u0130l COP29 kimi b\u00f6y\u00fck beyn\u0259lxalq t\u0259dbirin \u00f6lk\u0259mizd\u0259 ke\u00e7irilm\u0259si bax\u0131m\u0131ndan da yaddan qalan oldu. Az\u0259rbaycanda bir s\u0131ra m\u00fch\u00fcm qanunlarda bu il vacib d\u0259yi\u015fiklikl\u0259r edildi. M\u0259s\u0259l\u0259n, h\u0259qiqi h\u0259rbi xidm\u0259t ke\u00e7m\u0259 ya\u015f\u0131 qanunvericilikd\u0259 35 ya\u015fdan 30 ya\u015fa endirildi. Bu add\u0131m da c\u0259miyy\u0259tmizd\u0259 at\u0131lmas\u0131 vacib add\u0131m kimi g\u00f6zl\u0259nil\u0259nilirdi v\u0259 h\u0259yata ke\u00e7di. Az\u0259rbaycan\u0131n t\u00fcrk d\u00f6vl\u0259tl\u0259ri il\u0259, el\u0259c\u0259 d\u0259 d\u00fcnyan\u0131n bir s\u0131ra d\u00f6vl\u0259tl\u0259ri, t\u0259\u015fkilatlar\u0131 il\u0259 \u0259m\u0259kda\u015fl\u0131\u011f\u0131 istiqam\u0259tind\u0259 d\u0259 m\u00fcsb\u0259t prosesl\u0259r ya\u015fand\u0131. Az\u0259rbaycan bu il g\u0259l\u0259n il \u00fc\u00e7\u00fcn bir \u00e7ox u\u011furlar\u0131n t\u0259m\u0259lini qoyma\u011f\u0131 bacard\u0131. Bununla yana\u015f\u0131 2024-c\u00fc il Az\u0259rbaycana q\u0259r\u0259zli beyn\u0259lxalq t\u0259\u015fkilatlar v\u0259 d\u00f6vl\u0259tl\u0259r t\u0259r\u0259find\u0259n t\u0259zyiql\u0259rin d\u0259 \u00e7ox oldu\u011fu il kimi ke\u00e7di\u201d.<\/p>\n","protected":false},"excerpt":{"rendered":"<p>2024-c\u00fc il Az\u0259rbaycan \u00fc\u00e7\u00fcn bir s\u0131ra hadis\u0259l\u0259rl\u0259 \u0259lam\u0259tdar oldu. Bu il Rusiya v\u0259 Az\u0259rbaycan ali r\u0259hb\u0259rl\u0259rinin raz\u0131la\u015fmas\u0131 \u0259sas\u0131nda s\u00fclhm\u0259raml\u0131 h\u0259rbi kontingent Qaraba\u011f\u0131 vaxt\u0131ndan tez t\u0259rk etdi. Bu, diplomatiyam\u0131z\u0131n n\u00f6vb\u0259ti u\u011furlu gedi\u015fl\u0259rind\u0259n biri idi. Dig\u0259r hadis\u0259 Erm\u0259nistanla ilk d\u0259f\u0259 s\u0259rh\u0259din Qazax istiqam\u0259tind\u0259 delimitasiya v\u0259 demarkasiya apar\u0131lmas\u0131, h\u0259m\u00e7inin i\u015f\u011falda olan 4 k\u0259ndin qaytar\u0131lmas\u0131 oldu. Bu ilin dig\u0259r \u0259n yaddaqalan hadis\u0259l\u0259rind\u0259n biri, s\u00f6zs\u00fcz ki, Bak\u0131da BMT-nin \u0130qlim D\u0259yi\u015fikliyi konfrans\u0131 &#8211; COP29 oldu. Az\u0259rbaycan \u00f6z\u00fcn\u00fcn beyn\u0259lxalq imicin\u0259 n\u00f6vb\u0259ti m\u00fch\u00fcm xallar \u0259lav\u0259 etdi. 2024 Az\u0259rbaycan \u00fc\u00e7\u00fcn h\u0259m d\u0259 se\u00e7kil\u0259r t\u0259qvimi idi. Bu il n\u00f6vb\u0259d\u0259nk\u0259nar prezident&hellip;<\/p>\n","protected":false},"author":2,"featured_media":777627,"comment_status":"closed","ping_status":"closed","sticky":false,"template":"","format":"standard","meta":{"om_disable_all_campaigns":false,"_monsterinsights_skip_tracking":false,"_monsterinsights_sitenote_active":false,"_monsterinsights_sitenote_note":"","_monsterinsights_sitenote_category":0},"categories":[1],"tags":[],"aioseo_notices":[],"gutentor_comment":0,"rttpg_featured_image_url":{"full":["https:\/\/arantv.az\/wp-content\/uploads\/2024\/12\/003c21cbc532b3db49b6f81602205deb.jpg",696,436,false],"landscape":["https:\/\/arantv.az\/wp-content\/uploads\/2024\/12\/003c21cbc532b3db49b6f81602205deb.jpg",696,436,false],"portraits":["https:\/\/arantv.az\/wp-content\/uploads\/2024\/12\/003c21cbc532b3db49b6f81602205deb.jpg",696,436,false],"thumbnail":["https:\/\/arantv.az\/wp-content\/uploads\/2024\/12\/003c21cbc532b3db49b6f81602205deb-500x280.jpg",500,280,true],"medium":["https:\/\/arantv.az\/wp-content\/uploads\/2024\/12\/003c21cbc532b3db49b6f81602205deb-583x365.jpg",583,365,true],"large":["https:\/\/arantv.az\/wp-content\/uploads\/2024\/12\/003c21cbc532b3db49b6f81602205deb.jpg",640,401,false],"1536x1536":["https:\/\/arantv.az\/wp-content\/uploads\/2024\/12\/003c21cbc532b3db49b6f81602205deb.jpg",696,436,false],"2048x2048":["https:\/\/arantv.az\/wp-content\/uploads\/2024\/12\/003c21cbc532b3db49b6f81602205deb.jpg",696,436,false],"post-thumbnail":["https:\/\/arantv.az\/wp-content\/uploads\/2024\/12\/003c21cbc532b3db49b6f81602205deb-240x172.jpg",240,172,true],"advps-thumb-one":["https:\/\/arantv.az\/wp-content\/uploads\/2024\/12\/003c21cbc532b3db49b6f81602205deb.jpg",696,436,false]},"rttpg_author":{"display_name":"V\u00fcsal Rafiqo\u011flu","author_link":"https:\/\/arantv.az\/?author=2"},"rttpg_comment":0,"rttpg_category":"<a href=\"https:\/\/arantv.az\/?cat=1\" rel=\"category\">C\u0259miyy\u0259t<\/a>","rttpg_excerpt":"2024-c\u00fc il Az\u0259rbaycan \u00fc\u00e7\u00fcn bir s\u0131ra hadis\u0259l\u0259rl\u0259 \u0259lam\u0259tdar oldu. Bu il Rusiya v\u0259 Az\u0259rbaycan ali r\u0259hb\u0259rl\u0259rinin raz\u0131la\u015fmas\u0131 \u0259sas\u0131nda s\u00fclhm\u0259raml\u0131 h\u0259rbi kontingent Qaraba\u011f\u0131 vaxt\u0131ndan tez t\u0259rk etdi. Bu, diplomatiyam\u0131z\u0131n n\u00f6vb\u0259ti u\u011furlu gedi\u015fl\u0259rind\u0259n biri idi. Dig\u0259r hadis\u0259 Erm\u0259nistanla ilk d\u0259f\u0259 s\u0259rh\u0259din Qazax istiqam\u0259tind\u0259 delimitasiya v\u0259 demarkasiya apar\u0131lmas\u0131, h\u0259m\u00e7inin i\u015f\u011falda olan 4 k\u0259ndin qaytar\u0131lmas\u0131 oldu. Bu ilin dig\u0259r&hellip;","_links":{"self":[{"href":"https:\/\/arantv.az\/index.php?rest_route=\/wp\/v2\/posts\/777600"}],"collection":[{"href":"https:\/\/arantv.az\/index.php?rest_route=\/wp\/v2\/posts"}],"about":[{"href":"https:\/\/arantv.az\/index.php?rest_route=\/wp\/v2\/types\/post"}],"author":[{"embeddable":true,"href":"https:\/\/arantv.az\/index.php?rest_route=\/wp\/v2\/users\/2"}],"replies":[{"embeddable":true,"href":"https:\/\/arantv.az\/index.php?rest_route=%2Fwp%2Fv2%2Fcomments&post=777600"}],"version-history":[{"count":1,"href":"https:\/\/arantv.az\/index.php?rest_route=\/wp\/v2\/posts\/777600\/revisions"}],"predecessor-version":[{"id":777602,"href":"https:\/\/arantv.az\/index.php?rest_route=\/wp\/v2\/posts\/777600\/revisions\/777602"}],"wp:featuredmedia":[{"embeddable":true,"href":"https:\/\/arantv.az\/index.php?rest_route=\/wp\/v2\/media\/777627"}],"wp:attachment":[{"href":"https:\/\/arantv.az\/index.php?rest_route=%2Fwp%2Fv2%2Fmedia&parent=777600"}],"wp:term":[{"taxonomy":"category","embeddable":true,"href":"https:\/\/arantv.az\/index.php?rest_route=%2Fwp%2Fv2%2Fcategories&post=777600"},{"taxonomy":"post_tag","embeddable":true,"href":"https:\/\/arantv.az\/index.php?rest_route=%2Fwp%2Fv2%2Ftags&post=777600"}],"curies":[{"name":"wp","href":"https:\/\/api.w.org\/{rel}","templated":true}]}}