{"id":777606,"date":"2024-12-28T10:31:00","date_gmt":"2024-12-28T06:31:00","guid":{"rendered":"https:\/\/arantv.az\/?p=777606"},"modified":"2024-12-28T10:31:00","modified_gmt":"2024-12-28T06:31:00","slug":"moskvadan-baki-v%c9%99-ir%c9%99vana-surpriz-t%c9%99klif","status":"publish","type":"post","link":"https:\/\/arantv.az\/?p=777606","title":{"rendered":"Moskvadan Bak\u0131 v\u0259 \u0130r\u0259vana \u201cs\u00fcrpriz\u201d t\u0259klif"},"content":{"rendered":"<div class=\"text-content\" data-id=\"\" data-url=\"\">\n<p><strong>Rusiya Minsk konfrans\u0131n\u0131n b\u00fct\u00fcn strukturlar\u0131n\u0131 l\u0259\u011fv etm\u0259y\u0259 \u00e7a\u011f\u0131r\u0131b; Az\u0259rbaycan d\u00fcn\u0259nd\u0259n raz\u0131, Erm\u0259nistan n\u0259 dey\u0259c\u0259k?<\/strong><\/p>\n<p>\u201cMinsk Qrupunun amerikal\u0131 v\u0259 fransal\u0131 h\u0259ms\u0259drl\u0259ri rusiyal\u0131 h\u0259ms\u0259drl\u0259 2022-ci ilin fevral\u0131ndan t\u0259maslar\u0131 k\u0259sib\u201d. \u201cYeni M\u00fcsavat\u201d xat\u0131rlad\u0131r ki, bunu dekabr\u0131n 25-d\u0259 Rusiya Xarici \u0130\u015fl\u0259r Nazirliyinin r\u0259smisi Mariya Zaxarova deyib.<\/p>\n<p><strong>\u201c2022-ci il oktyabr\u0131n 6-da Praqada ke\u00e7iril\u0259n Az\u0259rbaycan, Erm\u0259nistan, Fransa v\u0259 Avropa Birliyinin sammitinin n\u0259tic\u0259l\u0259rin\u0259 \u0259sas\u0259n, Erm\u0259nistan\u0131n Qaraba\u011f\u0131 Az\u0259rbaycan\u0131n ayr\u0131lmaz t\u0259rkib hiss\u0259si kimi tan\u0131mas\u0131, 2023-c\u00fc ilin sentyabr\u0131nda yerd\u0259 v\u0259ziyy\u0259tin kardinal \u015f\u0259kild\u0259 d\u0259yi\u015fm\u0259si AT\u018fT-in Minsk Qrupunun mandat\u0131n\u0131n aktuall\u0131\u011f\u0131n\u0131 itirm\u0259si il\u0259 n\u0259tic\u0259l\u0259nib\u201d, &#8211; Zaxarova vur\u011fulay\u0131b. Onun s\u00f6zl\u0259rin\u0259 g\u00f6r\u0259, Minsk konfrans\u0131n\u0131n b\u00fct\u00fcn strukturlar\u0131 &#8211; Minsk Qrupu, y\u00fcks\u0259k s\u0259viyy\u0259li planla\u015fd\u0131rma qrupu, AT\u018fT-in f\u0259aliyy\u0259td\u0259 olan s\u0259drinin Qaraba\u011f m\u0259s\u0259l\u0259sinin h\u0259lli \u00fczr\u0259 \u015f\u0259xsi n\u00fcmay\u0259nd\u0259si v\u0259zif\u0259si l\u0259\u011fv edilm\u0259lidir: \u201cRusiya t\u0259r\u0259fi hesab edir ki, bununla ba\u011fl\u0131 m\u00fcvafiq q\u0259rarlar\u0131n q\u0259bul edilm\u0259sinin optimal yolu Bak\u0131 v\u0259 \u0130r\u0259van\u0131n m\u00fcvafiq qurumlar\u0131n l\u0259\u011fvi il\u0259 ba\u011fl\u0131 birg\u0259 m\u00fcraci\u0259tidir\u201d.<\/strong><\/p>\n<p><em>Sirr deyil ki, Erm\u0259nistandak\u0131 radikal-revan\u015fist k\u0259sim h\u0259l\u0259 d\u0259 AT\u018fT-in \u00fczd\u0259niraq Minsk Qrupunun (MQ) n\u0259 vaxtsa t\u0259z\u0259d\u0259n \u201cdiril\u0259c\u0259yin\u0259\u201d v\u0259 onun say\u0259sind\u0259 ke\u00e7mi\u015f Da\u011fl\u0131q Qaraba\u011f probleminin d\u00fcnya g\u00fcnd\u0259min\u0259 qay\u0131daca\u011f\u0131na \u00fcmid edir. T\u0259\u0259ss\u00fcf ki, bu \u00fcmidd\u0259 olanlar Nikol Pa\u015finyan komandas\u0131nda da var. \u018fks halda, Pa\u015finyan r\u0259smi Bak\u0131n\u0131n MQ-nin l\u0259\u011fvi il\u0259 ba\u011fl\u0131 AT\u018fT-\u0259 birg\u0259 m\u00fcraci\u0259t t\u0259klifini \u00e7oxdan q\u0259bul ed\u0259r, bu y\u00f6nd\u0259 real add\u0131m atard\u0131. Art\u0131q m\u0259lumdur ki, Az\u0259rbaycan Prezidenti \u0130lham \u018fliyev h\u0259min t\u0259klifi dekabr\u0131n 18-d\u0259 Bak\u0131da rusiyal\u0131 telejurnalist Dmitri Kiselyova m\u00fcsahib\u0259sind\u0259 bir daha t\u0259krarlay\u0131b. Eyni zamanda, \u0130r\u0259vanla s\u00fclh m\u00fcqavil\u0259sinin imzalanmas\u0131 \u00fc\u00e7\u00fcn 2 \u015f\u0259rtd\u0259n biri kimi t\u0259qdim edib (dig\u0259ri Erm\u0259nistan Konstitusiyas\u0131 il\u0259 ba\u011fl\u0131 m\u0259lum t\u0259l\u0259bdir).<\/em><\/p>\n<p>Y\u0259ni bu iki \u015f\u0259rt realla\u015fmay\u0131nca geni\u015f anlamda s\u00fclh m\u00fcqavil\u0259si, iki \u00f6lk\u0259 aras\u0131nda diplomatik \u0259laq\u0259l\u0259rin qurulmas\u0131 m\u00fcmk\u00fcn olmayacaq. Erm\u0259nistan r\u0259hb\u0259rliyi is\u0259 \u0259ksin\u0259, MQ-nin l\u0259\u011fvin\u0259 s\u00fclh m\u00fcqavil\u0259sind\u0259n sonra raz\u0131l\u0131q ver\u0259c\u0259yini bildirir. Y\u0259ni \u201cat\u0131 araban\u0131n arxas\u0131na qo\u015fmaq\u201d m\u0259s\u0259l\u0259si. Paralel sur\u0259td\u0259 x\u00fcsus\u0259n d\u0259 erm\u0259ni radikal-revan\u015fist d\u00fc\u015f\u0259rg\u0259sind\u0259 iddialar s\u0259sl\u0259nir ki, MQ-nin \u00fc\u00e7 h\u0259ms\u0259drind\u0259n he\u00e7 biri (Rusiya, AB\u015e, Fransa) indiy\u0259d\u0259k qurumun r\u0259smi l\u0259\u011fvinin vacibliyini b\u0259yan etm\u0259yib. Amma v\u0259 lakin&#8230;Y\u0259ni r\u0259smi Moskva Bak\u0131n\u0131n t\u0259klifini d\u0259st\u0259kl\u0259yib. B\u0259s AB\u015e v\u0259 Fransadan da analoji t\u0259klifi e\u015fid\u0259c\u0259yikmi?<\/p>\n<p><img src=\"https:\/\/ictimai.az\/core\/uploads\/2023\/10\/ictimai_f603c4e29d1ed250670c1743d5cec28b_ftshwmexc8uoanrj34q5-620x460.jpg\" alt=\"M\u00fchacirl\u0259r\u0259 \u201ct\u0259rs \u015fill\u0259\u201d - Ehtiram Mehdiyev | \u0130CT\u0130MA\u0130.AZ\" \/><\/p>\n<p><strong>Ehtiram Mehdiyev<\/strong><\/p>\n<p><strong>Milli C\u0259bh\u0259 Partiyas\u0131n\u0131n s\u0259dr m\u00fcavini Ehtiram Mehdiyev Minsk Qrupunun arxiv\u0259 qovu\u015fdu\u011funu d\u00fc\u015f\u00fcn\u00fcr. Onun fikrinc\u0259, h\u0259ms\u0259dr \u00f6lk\u0259l\u0259r s\u00fclh prosesin\u0259 d\u0259 t\u00f6hf\u0259 ver\u0259 bilmirl\u0259r:<\/strong>\u00a0\u201cOnlar\u0131n k\u0259nardan seyir\u00e7i qalmas\u0131 m\u0259sl\u0259h\u0259tdir. N\u0259 q\u0259d\u0259r ki qar\u0131\u015fm\u0131rlar, bir o q\u0259d\u0259r dan\u0131\u015f\u0131qlarda ir\u0259lil\u0259yi\u015f \u0259ld\u0259 olunur. Haz\u0131rda Az\u0259rbaycanla Erm\u0259nistan aras\u0131nda etimad m\u00fchiti yaran\u0131b. T\u0259r\u0259fl\u0259r vasit\u0259\u00e7isiz t\u0259mas qura, dan\u0131\u015f\u0131qlar apara, s\u00fclh m\u0259tnini birg\u0259 raz\u0131la\u015fd\u0131ra bilirl\u0259r. Gerid\u0259 qalan d\u00f6vr \u0259rzind\u0259 ikit\u0259r\u0259fli dan\u0131\u015f\u0131qlar\u0131n u\u011furu olaraq 15 b\u0259nd raz\u0131la\u015fd\u0131r\u0131l\u0131b. Bu, ki\u00e7ik n\u0259tic\u0259 deyil, xeyli yol q\u0259t edilib. Sad\u0259c\u0259, iki b\u0259ndi raz\u0131la\u015fd\u0131rmaq qal\u0131b. \u0130nan\u0131ram ki, bu da dan\u0131\u015f\u0131qlar zaman\u0131 h\u0259lli tapacaq. Minsk Qrupu bel\u0259 bir \u015f\u0259raitd\u0259 he\u00e7 kim\u0259 laz\u0131m deyil. Erm\u0259nistan siyasi irad\u0259 ortaya qoyaraq bu formatdan imtina etm\u0259lidir. Sad\u0259c\u0259, ed\u0259 bilmir. \u00c7\u00fcnki iki h\u0259ms\u0259dr \u00f6lk\u0259d\u0259n &#8211; AB\u015e v\u0259 Fransadan as\u0131l\u0131 v\u0259ziyy\u0259td\u0259dir. Onlar diqt\u0259 edirl\u0259r ki, bu formatdan \u0259l \u00e7\u0259km\u0259, regionda siyasi \u015f\u0259rait d\u0259yi\u015f\u0259 bil\u0259r\u201d.<\/p>\n<p><strong>Partiya funksionerinin s\u00f6zl\u0259rin\u0259 g\u00f6r\u0259, Pa\u015finyan\u0131n m\u00f6vqeyi c\u0131\u011fald\u0131r:<\/strong>\u00a0\u201cDeyir ki, s\u00fclh s\u0259n\u0259dind\u0259n sonra Minsk Qrupu de-yure l\u0259\u011fv olunsun. \u0130ndi l\u0259\u011fv edil\u0259nd\u0259 n\u0259 problem olacaq ki? Sad\u0259c\u0259, s\u00fclh m\u00fcqavil\u0259sinin imzalanmamas\u0131 \u00fc\u00e7\u00fcn vaxt uzad\u0131r, \u0259lav\u0259 probleml\u0259r yarad\u0131r. Erm\u0259nistan\u0131n yaratd\u0131\u011f\u0131 \u0259ng\u0259ll\u0259r yaln\u0131z \u00f6zl\u0259rin\u0259 z\u0259r\u0259r vurur. Pa\u015finyan erm\u0259ni xalq\u0131na xitab edir ki, T\u00fcrkiy\u0259 il\u0259 s\u0259rh\u0259dl\u0259ri a\u00e7mal\u0131y\u0131q, qon\u015fular\u0131m\u0131za m\u00fcnasib\u0259ti d\u0259yi\u015fm\u0259liyik, iqtisadi dir\u00e7\u0259li\u015fimiz bundan as\u0131l\u0131d\u0131r. Dem\u0259li, s\u00fclh\u00fcn alternativi olmad\u0131\u011f\u0131n\u0131 d\u0259rk edir. Bunu qavrayan siyas\u0259t\u00e7i t\u0259l\u0259sm\u0259lidir ki, ayaq alt\u0131nda olan da\u015flar y\u0131\u011f\u0131\u015fd\u0131r\u0131ls\u0131n, yekun s\u00fclh m\u00fcqavil\u0259si imzalans\u0131n. \u018ffsular olsun ki, Erm\u0259nistan \u00fcr\u0259kbuland\u0131r\u0131c\u0131 b\u0259han\u0259l\u0259rl\u0259 prosesi l\u0259ngidir. Onlardan biri d\u0259 Minsk Qrupudur. Rusiyan\u0131n bundan qabaq da m\u00f6vqeyi olub, Lavrov bildirib ki, bu institut da\u011f\u0131l\u0131b. \u0130ndi d\u0259 Zaxarova sonuncu m\u00f6h\u00fcr\u00fc vurdu ki, Minsk Qrupu olmayacaq, l\u0259\u011fv edilm\u0259lidir\u201d.<\/p>\n<p><img src=\"https:\/\/avrasiya.net\/uploads\/posts\/2024-01\/1704873287_fuad-eliyev-aldp.jpg\" alt=\"Fuad \u018fliyev v\u0259zif\u0259sinin icras\u0131n\u0131 dayand\u0131r\u0131b \u00bb Avrasiya.Net\" \/><\/p>\n<p><strong>\u00a0Fuad \u018fliyev\u00a0<\/strong><\/p>\n<p><strong>Siyasi ekspert Fuad \u018fliyev Rusiyan\u0131n t\u0259klifin\u0259 Az\u0259rbaycan\u0131n d\u00fcn\u0259nd\u0259n raz\u0131 oldu\u011funu dey\u0259r\u0259k, Erm\u0259nistan\u0131n reaksiyas\u0131n\u0131 g\u00f6zl\u0259m\u0259yi vacib bilir. Onun s\u00f6zl\u0259rin\u0259 g\u00f6r\u0259, \u0130r\u0259van Moskvadan g\u0259l\u0259n t\u0259klif\u0259 m\u00fcsb\u0259t r\u0259y verm\u0259y\u0259 bil\u0259r:<\/strong>\u00a0\u201c\u018fg\u0259r Makron, ya da Bayden ona bunu \u0259mr ets\u0259ydil\u0259r, iki\u0259lli raz\u0131la\u015fm\u0131\u015fd\u0131. Pa\u015finyan Q\u0259rbin \u0259lind\u0259 oyunca\u011fa \u00e7evrilib, he\u00e7 bir m\u00fcst\u0259qil siyas\u0259ti yoxdur, onu dirijor \u00e7ubu\u011fu il\u0259 idar\u0259 edirl\u0259r. H\u0259min d\u00f6vl\u0259tl\u0259r Erm\u0259nistana t\u0259kid edirl\u0259r ki, Minsk Qrupunun l\u0259\u011fvin\u0259 raz\u0131la\u015fma. Bu da ciddi problemin oldu\u011funu ortaya qoyur. Bu d\u00f6vl\u0259tl\u0259r Erm\u0259nistan hakimiyy\u0259tini idar\u0259 etdikl\u0259ri \u00fc\u00e7\u00fcn Minsk Qrupunun l\u0259\u011fvin\u0259 nail olmaq \u00e7\u0259tin g\u00f6r\u00fcn\u00fcr. Az\u0259rbaycan yeni ild\u0259n diplomatik t\u0259zyiql\u0259ri art\u0131rmal\u0131d\u0131r\u201d.<\/p>\n<p><strong>Emil SALAMO\u011eLU,<\/strong><br \/>\n<strong>\u201cYeni M\u00fcsavat\u201d<\/strong><\/p>\n<\/div>\n<div><\/div>\n<div><\/div>\n<div class=\"inner-social-box\">\n<div class=\"subs-in-social subs-whatsapp\"><\/div>\n<\/div>\n","protected":false},"excerpt":{"rendered":"<p>Rusiya Minsk konfrans\u0131n\u0131n b\u00fct\u00fcn strukturlar\u0131n\u0131 l\u0259\u011fv etm\u0259y\u0259 \u00e7a\u011f\u0131r\u0131b; Az\u0259rbaycan d\u00fcn\u0259nd\u0259n raz\u0131, Erm\u0259nistan n\u0259 dey\u0259c\u0259k? \u201cMinsk Qrupunun amerikal\u0131 v\u0259 fransal\u0131 h\u0259ms\u0259drl\u0259ri rusiyal\u0131 h\u0259ms\u0259drl\u0259 2022-ci ilin fevral\u0131ndan t\u0259maslar\u0131 k\u0259sib\u201d. \u201cYeni M\u00fcsavat\u201d xat\u0131rlad\u0131r ki, bunu dekabr\u0131n 25-d\u0259 Rusiya Xarici \u0130\u015fl\u0259r Nazirliyinin r\u0259smisi Mariya Zaxarova deyib. \u201c2022-ci il oktyabr\u0131n 6-da Praqada ke\u00e7iril\u0259n Az\u0259rbaycan, Erm\u0259nistan, Fransa v\u0259 Avropa Birliyinin sammitinin n\u0259tic\u0259l\u0259rin\u0259 \u0259sas\u0259n, Erm\u0259nistan\u0131n Qaraba\u011f\u0131 Az\u0259rbaycan\u0131n ayr\u0131lmaz t\u0259rkib hiss\u0259si kimi tan\u0131mas\u0131, 2023-c\u00fc ilin sentyabr\u0131nda yerd\u0259 v\u0259ziyy\u0259tin kardinal \u015f\u0259kild\u0259 d\u0259yi\u015fm\u0259si AT\u018fT-in Minsk Qrupunun mandat\u0131n\u0131n aktuall\u0131\u011f\u0131n\u0131 itirm\u0259si il\u0259 n\u0259tic\u0259l\u0259nib\u201d, &#8211; Zaxarova vur\u011fulay\u0131b. Onun s\u00f6zl\u0259rin\u0259 g\u00f6r\u0259, Minsk konfrans\u0131n\u0131n b\u00fct\u00fcn&hellip;<\/p>\n","protected":false},"author":2,"featured_media":777607,"comment_status":"closed","ping_status":"closed","sticky":false,"template":"","format":"standard","meta":{"om_disable_all_campaigns":false,"_monsterinsights_skip_tracking":false,"_monsterinsights_sitenote_active":false,"_monsterinsights_sitenote_note":"","_monsterinsights_sitenote_category":0},"categories":[4],"tags":[],"aioseo_notices":[],"gutentor_comment":0,"rttpg_featured_image_url":{"full":["https:\/\/arantv.az\/wp-content\/uploads\/2024\/12\/21dc0c1578ece993f06a666a3a34dc6a.jpg",600,343,false],"landscape":["https:\/\/arantv.az\/wp-content\/uploads\/2024\/12\/21dc0c1578ece993f06a666a3a34dc6a.jpg",600,343,false],"portraits":["https:\/\/arantv.az\/wp-content\/uploads\/2024\/12\/21dc0c1578ece993f06a666a3a34dc6a.jpg",600,343,false],"thumbnail":["https:\/\/arantv.az\/wp-content\/uploads\/2024\/12\/21dc0c1578ece993f06a666a3a34dc6a-500x280.jpg",500,280,true],"medium":["https:\/\/arantv.az\/wp-content\/uploads\/2024\/12\/21dc0c1578ece993f06a666a3a34dc6a.jpg",600,343,false],"large":["https:\/\/arantv.az\/wp-content\/uploads\/2024\/12\/21dc0c1578ece993f06a666a3a34dc6a.jpg",600,343,false],"1536x1536":["https:\/\/arantv.az\/wp-content\/uploads\/2024\/12\/21dc0c1578ece993f06a666a3a34dc6a.jpg",600,343,false],"2048x2048":["https:\/\/arantv.az\/wp-content\/uploads\/2024\/12\/21dc0c1578ece993f06a666a3a34dc6a.jpg",600,343,false],"post-thumbnail":["https:\/\/arantv.az\/wp-content\/uploads\/2024\/12\/21dc0c1578ece993f06a666a3a34dc6a-240x172.jpg",240,172,true],"advps-thumb-one":["https:\/\/arantv.az\/wp-content\/uploads\/2024\/12\/21dc0c1578ece993f06a666a3a34dc6a.jpg",600,343,false]},"rttpg_author":{"display_name":"V\u00fcsal Rafiqo\u011flu","author_link":"https:\/\/arantv.az\/?author=2"},"rttpg_comment":0,"rttpg_category":"<a href=\"https:\/\/arantv.az\/?cat=4\" rel=\"category\">Siyas\u0259t<\/a>","rttpg_excerpt":"Rusiya Minsk konfrans\u0131n\u0131n b\u00fct\u00fcn strukturlar\u0131n\u0131 l\u0259\u011fv etm\u0259y\u0259 \u00e7a\u011f\u0131r\u0131b; Az\u0259rbaycan d\u00fcn\u0259nd\u0259n raz\u0131, Erm\u0259nistan n\u0259 dey\u0259c\u0259k? \u201cMinsk Qrupunun amerikal\u0131 v\u0259 fransal\u0131 h\u0259ms\u0259drl\u0259ri rusiyal\u0131 h\u0259ms\u0259drl\u0259 2022-ci ilin fevral\u0131ndan t\u0259maslar\u0131 k\u0259sib\u201d. \u201cYeni M\u00fcsavat\u201d xat\u0131rlad\u0131r ki, bunu dekabr\u0131n 25-d\u0259 Rusiya Xarici \u0130\u015fl\u0259r Nazirliyinin r\u0259smisi Mariya Zaxarova deyib. \u201c2022-ci il oktyabr\u0131n 6-da Praqada ke\u00e7iril\u0259n Az\u0259rbaycan, Erm\u0259nistan, Fransa v\u0259 Avropa Birliyinin sammitinin&hellip;","_links":{"self":[{"href":"https:\/\/arantv.az\/index.php?rest_route=\/wp\/v2\/posts\/777606"}],"collection":[{"href":"https:\/\/arantv.az\/index.php?rest_route=\/wp\/v2\/posts"}],"about":[{"href":"https:\/\/arantv.az\/index.php?rest_route=\/wp\/v2\/types\/post"}],"author":[{"embeddable":true,"href":"https:\/\/arantv.az\/index.php?rest_route=\/wp\/v2\/users\/2"}],"replies":[{"embeddable":true,"href":"https:\/\/arantv.az\/index.php?rest_route=%2Fwp%2Fv2%2Fcomments&post=777606"}],"version-history":[{"count":1,"href":"https:\/\/arantv.az\/index.php?rest_route=\/wp\/v2\/posts\/777606\/revisions"}],"predecessor-version":[{"id":777608,"href":"https:\/\/arantv.az\/index.php?rest_route=\/wp\/v2\/posts\/777606\/revisions\/777608"}],"wp:featuredmedia":[{"embeddable":true,"href":"https:\/\/arantv.az\/index.php?rest_route=\/wp\/v2\/media\/777607"}],"wp:attachment":[{"href":"https:\/\/arantv.az\/index.php?rest_route=%2Fwp%2Fv2%2Fmedia&parent=777606"}],"wp:term":[{"taxonomy":"category","embeddable":true,"href":"https:\/\/arantv.az\/index.php?rest_route=%2Fwp%2Fv2%2Fcategories&post=777606"},{"taxonomy":"post_tag","embeddable":true,"href":"https:\/\/arantv.az\/index.php?rest_route=%2Fwp%2Fv2%2Ftags&post=777606"}],"curies":[{"name":"wp","href":"https:\/\/api.w.org\/{rel}","templated":true}]}}