{"id":777698,"date":"2024-12-28T15:17:21","date_gmt":"2024-12-28T11:17:21","guid":{"rendered":"https:\/\/arantv.az\/?p=777698"},"modified":"2024-12-28T15:17:21","modified_gmt":"2024-12-28T11:17:21","slug":"asan-xidm%c9%99t-bayram-gunl%c9%99ri-isl%c9%99y%c9%99c%c9%99k-r%c9%99smi","status":"publish","type":"post","link":"https:\/\/arantv.az\/?p=777698","title":{"rendered":"&#8220;ASAN xidm\u0259t&#8221; bayram g\u00fcnl\u0259ri i\u015fl\u0259y\u0259c\u0259k? &#8211; R\u018fSM\u0130"},"content":{"rendered":"<p><strong>D\u00fcnya Az\u0259rbaycanl\u0131lar\u0131n\u0131n H\u0259mr\u0259yliyi G\u00fcn\u00fc v\u0259 Yeni il bayram\u0131 il\u0259 \u0259laq\u0259dar 30 dekabr &#8211; 3 yanvar tarixind\u0259 &#8220;ASAN xidm\u0259t&#8221; v\u0259 &#8220;ASAN kommunal&#8221; m\u0259rk\u0259zl\u0259rind\u0259 qeyri-i\u015f g\u00fcn\u00fc olacaq.<\/strong><\/p>\n<p><strong>Musavat.com<\/strong>-un<strong>\u00a0<\/strong>x\u0259b\u0259rin\u0259 g\u00f6r\u0259, bu bar\u0259d\u0259 &#8220;ASAN xidm\u0259t&#8221;d\u0259n m\u0259lumat verilib.<\/p>\n<p>Qeyd edilib ki, 4 yanvar tarixind\u0259n v\u0259t\u0259nda\u015flar m\u0259rk\u0259zl\u0259r\u0259 m\u00fcraci\u0259t etm\u0259kl\u0259 m\u00fcvafiq xidm\u0259tl\u0259rd\u0259n yararlana bil\u0259rl\u0259r.<\/p>\n","protected":false},"excerpt":{"rendered":"<p>D\u00fcnya Az\u0259rbaycanl\u0131lar\u0131n\u0131n H\u0259mr\u0259yliyi G\u00fcn\u00fc v\u0259 Yeni il bayram\u0131 il\u0259 \u0259laq\u0259dar 30 dekabr &#8211; 3 yanvar tarixind\u0259 &#8220;ASAN xidm\u0259t&#8221; v\u0259 &#8220;ASAN kommunal&#8221; m\u0259rk\u0259zl\u0259rind\u0259 qeyri-i\u015f g\u00fcn\u00fc olacaq. Musavat.com-un\u00a0x\u0259b\u0259rin\u0259 g\u00f6r\u0259, bu bar\u0259d\u0259 &#8220;ASAN xidm\u0259t&#8221;d\u0259n m\u0259lumat verilib. Qeyd edilib ki, 4 yanvar tarixind\u0259n v\u0259t\u0259nda\u015flar m\u0259rk\u0259zl\u0259r\u0259 m\u00fcraci\u0259t etm\u0259kl\u0259 m\u00fcvafiq xidm\u0259tl\u0259rd\u0259n yararlana bil\u0259rl\u0259r.<\/p>\n","protected":false},"author":2,"featured_media":777700,"comment_status":"closed","ping_status":"closed","sticky":false,"template":"","format":"standard","meta":{"om_disable_all_campaigns":false,"_monsterinsights_skip_tracking":false,"_monsterinsights_sitenote_active":false,"_monsterinsights_sitenote_note":"","_monsterinsights_sitenote_category":0},"categories":[1],"tags":[],"aioseo_notices":[],"gutentor_comment":0,"rttpg_featured_image_url":{"full":["https:\/\/arantv.az\/wp-content\/uploads\/2024\/12\/d41d67b8dd17114ef452b76444e019a7.jpg",870,500,false],"landscape":["https:\/\/arantv.az\/wp-content\/uploads\/2024\/12\/d41d67b8dd17114ef452b76444e019a7.jpg",870,500,false],"portraits":["https:\/\/arantv.az\/wp-content\/uploads\/2024\/12\/d41d67b8dd17114ef452b76444e019a7.jpg",870,500,false],"thumbnail":["https:\/\/arantv.az\/wp-content\/uploads\/2024\/12\/d41d67b8dd17114ef452b76444e019a7-500x280.jpg",500,280,true],"medium":["https:\/\/arantv.az\/wp-content\/uploads\/2024\/12\/d41d67b8dd17114ef452b76444e019a7-635x365.jpg",635,365,true],"large":["https:\/\/arantv.az\/wp-content\/uploads\/2024\/12\/d41d67b8dd17114ef452b76444e019a7-840x483.jpg",640,368,true],"1536x1536":["https:\/\/arantv.az\/wp-content\/uploads\/2024\/12\/d41d67b8dd17114ef452b76444e019a7.jpg",870,500,false],"2048x2048":["https:\/\/arantv.az\/wp-content\/uploads\/2024\/12\/d41d67b8dd17114ef452b76444e019a7.jpg",870,500,false],"post-thumbnail":["https:\/\/arantv.az\/wp-content\/uploads\/2024\/12\/d41d67b8dd17114ef452b76444e019a7-240x172.jpg",240,172,true],"advps-thumb-one":["https:\/\/arantv.az\/wp-content\/uploads\/2024\/12\/d41d67b8dd17114ef452b76444e019a7.jpg",870,500,false]},"rttpg_author":{"display_name":"V\u00fcsal Rafiqo\u011flu","author_link":"https:\/\/arantv.az\/?author=2"},"rttpg_comment":0,"rttpg_category":"<a href=\"https:\/\/arantv.az\/?cat=1\" rel=\"category\">C\u0259miyy\u0259t<\/a>","rttpg_excerpt":"D\u00fcnya Az\u0259rbaycanl\u0131lar\u0131n\u0131n H\u0259mr\u0259yliyi G\u00fcn\u00fc v\u0259 Yeni il bayram\u0131 il\u0259 \u0259laq\u0259dar 30 dekabr &#8211; 3 yanvar tarixind\u0259 &#8220;ASAN xidm\u0259t&#8221; v\u0259 &#8220;ASAN kommunal&#8221; m\u0259rk\u0259zl\u0259rind\u0259 qeyri-i\u015f g\u00fcn\u00fc olacaq. Musavat.com-un\u00a0x\u0259b\u0259rin\u0259 g\u00f6r\u0259, bu bar\u0259d\u0259 &#8220;ASAN xidm\u0259t&#8221;d\u0259n m\u0259lumat verilib. Qeyd edilib ki, 4 yanvar tarixind\u0259n v\u0259t\u0259nda\u015flar m\u0259rk\u0259zl\u0259r\u0259 m\u00fcraci\u0259t etm\u0259kl\u0259 m\u00fcvafiq xidm\u0259tl\u0259rd\u0259n yararlana bil\u0259rl\u0259r.","_links":{"self":[{"href":"https:\/\/arantv.az\/index.php?rest_route=\/wp\/v2\/posts\/777698"}],"collection":[{"href":"https:\/\/arantv.az\/index.php?rest_route=\/wp\/v2\/posts"}],"about":[{"href":"https:\/\/arantv.az\/index.php?rest_route=\/wp\/v2\/types\/post"}],"author":[{"embeddable":true,"href":"https:\/\/arantv.az\/index.php?rest_route=\/wp\/v2\/users\/2"}],"replies":[{"embeddable":true,"href":"https:\/\/arantv.az\/index.php?rest_route=%2Fwp%2Fv2%2Fcomments&post=777698"}],"version-history":[{"count":1,"href":"https:\/\/arantv.az\/index.php?rest_route=\/wp\/v2\/posts\/777698\/revisions"}],"predecessor-version":[{"id":777701,"href":"https:\/\/arantv.az\/index.php?rest_route=\/wp\/v2\/posts\/777698\/revisions\/777701"}],"wp:featuredmedia":[{"embeddable":true,"href":"https:\/\/arantv.az\/index.php?rest_route=\/wp\/v2\/media\/777700"}],"wp:attachment":[{"href":"https:\/\/arantv.az\/index.php?rest_route=%2Fwp%2Fv2%2Fmedia&parent=777698"}],"wp:term":[{"taxonomy":"category","embeddable":true,"href":"https:\/\/arantv.az\/index.php?rest_route=%2Fwp%2Fv2%2Fcategories&post=777698"},{"taxonomy":"post_tag","embeddable":true,"href":"https:\/\/arantv.az\/index.php?rest_route=%2Fwp%2Fv2%2Ftags&post=777698"}],"curies":[{"name":"wp","href":"https:\/\/api.w.org\/{rel}","templated":true}]}}