{"id":777774,"date":"2024-12-29T08:02:46","date_gmt":"2024-12-29T04:02:46","guid":{"rendered":"https:\/\/arantv.az\/?p=777774"},"modified":"2024-12-29T08:02:46","modified_gmt":"2024-12-29T04:02:46","slug":"leyla-%c9%99liyeva-m%c9%99d%c9%99ni-v%c9%99-yaradici-s%c9%99nayel%c9%99rin-inkisafi-m%c9%99rk%c9%99zinin-acilisindafoto","status":"publish","type":"post","link":"https:\/\/arantv.az\/?p=777774","title":{"rendered":"Leyla \u018fliyeva M\u0259d\u0259ni v\u0259 Yarad\u0131c\u0131 S\u0259nayel\u0259rin \u0130nki\u015faf\u0131 M\u0259rk\u0259zinin A\u00c7ILI\u015eINDAFOTO"},"content":{"rendered":"<div class=\"text-content\" data-id=\"\" data-url=\"\">\n<p><strong>M\u0259d\u0259niyy\u0259t Nazirliyi t\u0259r\u0259find\u0259n t\u0259sis edilmi\u015f M\u0259d\u0259ni v\u0259 Yarad\u0131c\u0131 S\u0259nayel\u0259rin \u0130nki\u015faf\u0131 M\u0259rk\u0259zinin (Yarad\u0131c\u0131 M\u0259rk\u0259z) dekabr\u0131n 28-d\u0259 a\u00e7\u0131l\u0131\u015f\u0131 olub.<\/strong><\/p>\n<p><strong>ARANTV.AZ <\/strong>\u00a0x\u0259b\u0259r verir ki, Heyd\u0259r \u018fliyev Fondunun vitse-prezidenti Leyla \u018fliyeva t\u0259dbird\u0259 i\u015ftirak edib.<\/p>\n<p>M\u0259d\u0259niyy\u0259t naziri Adil K\u0259rimli Leyla \u018fliyevaya M\u0259rk\u0259zd\u0259 yarad\u0131lan \u015f\u0259rait bar\u0259d\u0259 m\u0259lumat verib.<\/p>\n<p>Bildirilib ki, Yarad\u0131c\u0131 M\u0259rk\u0259zin \u0259sas m\u0259qs\u0259di g\u0259nc istedadlar\u0131 d\u0259st\u0259kl\u0259m\u0259k, onlar\u0131n ixtisaslar\u0131n\u0131 art\u0131rmaq v\u0259 yarad\u0131c\u0131l\u0131q potensial\u0131n\u0131n realla\u015fd\u0131r\u0131lmas\u0131na \u015f\u0259rait yaratmaqd\u0131r. El\u0259c\u0259 d\u0259 m\u0259d\u0259ni v\u0259 yarad\u0131c\u0131 s\u0259nayel\u0259r sah\u0259sind\u0259 layih\u0259l\u0259r h\u0259yata ke\u00e7irm\u0259k, bu sah\u0259d\u0259 yeni sahibkarl\u0131q subyektl\u0259rinin, startaplar\u0131n formala\u015fmas\u0131na v\u0259 inki\u015faf\u0131na d\u0259st\u0259k verm\u0259kdir. H\u0259m\u00e7inin yerli yarad\u0131c\u0131 m\u0259hsul v\u0259 xidm\u0259tl\u0259rin yarad\u0131lmas\u0131 v\u0259 ixrac\u0131n\u0131n art\u0131r\u0131lmas\u0131na k\u00f6m\u0259k g\u00f6st\u0259rm\u0259k, m\u00fcvafiq istiqam\u0259tl\u0259r \u00fczr\u0259 regionlardan istedadl\u0131 g\u0259ncl\u0259ri c\u0259lb etm\u0259kdir.<\/p>\n<p>Diqq\u0259t\u0259 \u00e7atd\u0131r\u0131l\u0131b ki, haz\u0131rda Yarad\u0131c\u0131 M\u0259rk\u0259z bir s\u0131ra u\u011furlu layih\u0259l\u0259r, o c\u00fcml\u0259d\u0259n 3 inkubasiya proqram\u0131 h\u0259yata ke\u00e7irir: Musiqi, \u201cGametech\u201d, \u201cCultech\u201d. Bu proqramlar \u00e7\u0259r\u00e7iv\u0259sind\u0259 art\u0131q 20 yeni startap yarad\u0131l\u0131b v\u0259 \u00fcmumilikd\u0259 50-d\u0259n \u00e7ox rezident M\u0259rk\u0259zin xidm\u0259tl\u0259rind\u0259n istifad\u0259 edir.<\/p>\n<p>Adil K\u0259rimli qeyd edib ki, nazirliyin t\u0259\u015fkilat\u00e7\u0131l\u0131\u011f\u0131 il\u0259 2023-c\u00fc ild\u0259n etibar\u0259n \u201cYarad\u0131c\u0131 m\u00fczakir\u0259l\u0259r\u201d (\u201cCreative Talks\u201d) layih\u0259si h\u0259yata ke\u00e7irilir. \u201cYarad\u0131c\u0131 m\u00fczakir\u0259l\u0259r\u201d layih\u0259si paytaxtda v\u0259 regionlarda m\u0259d\u0259niyy\u0259t v\u0259 yarad\u0131c\u0131l\u0131q sah\u0259l\u0259rind\u0259 bacar\u0131qlar\u0131n inki\u015faf\u0131n\u0131 t\u0259\u015fviq ed\u0259n maarifl\u0259ndirici t\u0259\u015f\u0259bb\u00fcsd\u00fcr v\u0259 yarad\u0131c\u0131 subyektl\u0259rin formala\u015fmas\u0131n\u0131n d\u0259st\u0259kl\u0259nm\u0259sin\u0259 y\u00f6n\u0259lib.<\/p>\n<p>M\u0259rk\u0259zd\u0259 animasiya, musiqi v\u0259 kino s\u0259nayesi, dizayn, yarad\u0131c\u0131l\u0131q sah\u0259l\u0259rind\u0259 \u201cAi4Art\u201d layih\u0259si \u00e7\u0259r\u00e7iv\u0259sind\u0259 s\u00fcni intellektin istifad\u0259si \u00fczr\u0259 ustad d\u0259rsl\u0259ri v\u0259 t\u0259liml\u0259r ke\u00e7irilir. Bu t\u0259hsil proqramlar\u0131nda 200-d\u0259n \u00e7ox g\u0259nc i\u015ftirak edir. M\u0259rk\u0259zin t\u0259rkibin\u0259, h\u0259m\u00e7inin \u201cYarad\u0131c\u0131 Market\u201d bazar platformas\u0131, \u201cYarad\u0131c\u0131 Edu.az\u201d t\u0259dris m\u0259rk\u0259zi d\u0259 daxildir.<\/p>\n<p>Burada m\u00fcxt\u0259lif yarad\u0131c\u0131 sah\u0259l\u0259rd\u0259 y\u00fcks\u0259kkeyfiyy\u0259tli i\u015fl\u0259rin \u0259rs\u0259y\u0259 g\u0259lm\u0259si \u00fc\u00e7\u00fcn m\u00fcasir texnologiyalarla t\u0259chiz olunmu\u015f foto v\u0259 video, s\u0259syazma, animasiya, r\u0259qs v\u0259 dig\u0259r studiyalar var.<\/p>\n<p>Yarad\u0131c\u0131 M\u0259rk\u0259zin t\u0259r\u0259fda\u015flar\u0131 aras\u0131nda h\u0259m yerli qurumlar, t\u0259\u015fkilatlar, h\u0259m d\u0259 xarici beyn\u0259lxalq t\u0259\u015fkilatlar yer al\u0131r.<\/p>\n<p>Qeyd ed\u0259k ki, M\u0259d\u0259ni v\u0259 Yarad\u0131c\u0131 S\u0259nayel\u0259rin \u0130nki\u015faf\u0131 M\u0259rk\u0259zi (Yarad\u0131c\u0131 M\u0259rk\u0259z) 2022-ci il 22 iyulda Az\u0259rbaycan Prezidentinin S\u0259r\u0259ncam\u0131 il\u0259 t\u0259sdiql\u0259nib. M\u0259rk\u0259z \u201cAz\u0259rbaycan Respublikas\u0131n\u0131n 2022-2026-c\u0131 ill\u0259rd\u0259 sosial-iqtisadi inki\u015faf Strategiyas\u0131\u201dna dair T\u0259dbirl\u0259r Plan\u0131n\u0131n icras\u0131 m\u0259qs\u0259dil\u0259 2024-c\u00fc ild\u0259 M\u0259d\u0259niyy\u0259t Nazirliyi t\u0259r\u0259find\u0259n t\u0259sis edilib.<\/p>\n<\/div>\n<div>\n<div class=\"form-group\"><img class=\"img-responsive\" src=\"https:\/\/cdn.musavat.com\/news\/images\/Gugu\/WhatsApp%20Image%202024-12-28%20at%2022.10.12.jpeg\" \/><\/div>\n<div class=\"form-group\"><img class=\"img-responsive\" src=\"https:\/\/cdn.musavat.com\/news\/images\/Gugu\/WhatsApp%20Image%202024-12-28%20at%2022.10.10.jpeg\" \/><\/div>\n<div class=\"form-group\"><img class=\"img-responsive\" src=\"https:\/\/cdn.musavat.com\/news\/images\/Gugu\/WhatsApp%20Image%202024-12-28%20at%2022.10.03%20%281%29.jpeg\" \/><\/div>\n<div class=\"form-group\"><img class=\"img-responsive\" src=\"https:\/\/cdn.musavat.com\/news\/images\/Gugu\/WhatsApp%20Image%202024-12-28%20at%2022.10.03.jpeg\" \/><\/div>\n<div class=\"form-group\"><img class=\"img-responsive\" src=\"https:\/\/cdn.musavat.com\/news\/images\/Gugu\/WhatsApp%20Image%202024-12-28%20at%2022.10.00%20%281%29.jpeg\" \/><\/div>\n<div class=\"form-group\"><img class=\"img-responsive\" src=\"https:\/\/cdn.musavat.com\/news\/images\/Gugu\/WhatsApp%20Image%202024-12-28%20at%2022.10.00.jpeg\" \/><\/div>\n<div class=\"form-group\"><img class=\"img-responsive\" src=\"https:\/\/cdn.musavat.com\/news\/images\/Gugu\/WhatsApp%20Image%202024-12-28%20at%2022.09.55.jpeg\" \/><\/div>\n<\/div>\n","protected":false},"excerpt":{"rendered":"<p>M\u0259d\u0259niyy\u0259t Nazirliyi t\u0259r\u0259find\u0259n t\u0259sis edilmi\u015f M\u0259d\u0259ni v\u0259 Yarad\u0131c\u0131 S\u0259nayel\u0259rin \u0130nki\u015faf\u0131 M\u0259rk\u0259zinin (Yarad\u0131c\u0131 M\u0259rk\u0259z) dekabr\u0131n 28-d\u0259 a\u00e7\u0131l\u0131\u015f\u0131 olub. ARANTV.AZ \u00a0x\u0259b\u0259r verir ki, Heyd\u0259r \u018fliyev Fondunun vitse-prezidenti Leyla \u018fliyeva t\u0259dbird\u0259 i\u015ftirak edib. M\u0259d\u0259niyy\u0259t naziri Adil K\u0259rimli Leyla \u018fliyevaya M\u0259rk\u0259zd\u0259 yarad\u0131lan \u015f\u0259rait bar\u0259d\u0259 m\u0259lumat verib. Bildirilib ki, Yarad\u0131c\u0131 M\u0259rk\u0259zin \u0259sas m\u0259qs\u0259di g\u0259nc istedadlar\u0131 d\u0259st\u0259kl\u0259m\u0259k, onlar\u0131n ixtisaslar\u0131n\u0131 art\u0131rmaq v\u0259 yarad\u0131c\u0131l\u0131q potensial\u0131n\u0131n realla\u015fd\u0131r\u0131lmas\u0131na \u015f\u0259rait yaratmaqd\u0131r. El\u0259c\u0259 d\u0259 m\u0259d\u0259ni v\u0259 yarad\u0131c\u0131 s\u0259nayel\u0259r sah\u0259sind\u0259 layih\u0259l\u0259r h\u0259yata ke\u00e7irm\u0259k, bu sah\u0259d\u0259 yeni sahibkarl\u0131q subyektl\u0259rinin, startaplar\u0131n formala\u015fmas\u0131na v\u0259 inki\u015faf\u0131na d\u0259st\u0259k verm\u0259kdir. H\u0259m\u00e7inin yerli yarad\u0131c\u0131 m\u0259hsul v\u0259 xidm\u0259tl\u0259rin yarad\u0131lmas\u0131 v\u0259 ixrac\u0131n\u0131n&hellip;<\/p>\n","protected":false},"author":2,"featured_media":777775,"comment_status":"closed","ping_status":"closed","sticky":false,"template":"","format":"standard","meta":{"om_disable_all_campaigns":false,"_monsterinsights_skip_tracking":false,"_monsterinsights_sitenote_active":false,"_monsterinsights_sitenote_note":"","_monsterinsights_sitenote_category":0},"categories":[1],"tags":[],"aioseo_notices":[],"gutentor_comment":0,"rttpg_featured_image_url":{"full":["https:\/\/arantv.az\/wp-content\/uploads\/2024\/12\/9ac11a374cc39d7c8bd1c4d492182844.jpg",870,500,false],"landscape":["https:\/\/arantv.az\/wp-content\/uploads\/2024\/12\/9ac11a374cc39d7c8bd1c4d492182844.jpg",870,500,false],"portraits":["https:\/\/arantv.az\/wp-content\/uploads\/2024\/12\/9ac11a374cc39d7c8bd1c4d492182844.jpg",870,500,false],"thumbnail":["https:\/\/arantv.az\/wp-content\/uploads\/2024\/12\/9ac11a374cc39d7c8bd1c4d492182844-500x280.jpg",500,280,true],"medium":["https:\/\/arantv.az\/wp-content\/uploads\/2024\/12\/9ac11a374cc39d7c8bd1c4d492182844-635x365.jpg",635,365,true],"large":["https:\/\/arantv.az\/wp-content\/uploads\/2024\/12\/9ac11a374cc39d7c8bd1c4d492182844-840x483.jpg",640,368,true],"1536x1536":["https:\/\/arantv.az\/wp-content\/uploads\/2024\/12\/9ac11a374cc39d7c8bd1c4d492182844.jpg",870,500,false],"2048x2048":["https:\/\/arantv.az\/wp-content\/uploads\/2024\/12\/9ac11a374cc39d7c8bd1c4d492182844.jpg",870,500,false],"post-thumbnail":["https:\/\/arantv.az\/wp-content\/uploads\/2024\/12\/9ac11a374cc39d7c8bd1c4d492182844-240x172.jpg",240,172,true],"advps-thumb-one":["https:\/\/arantv.az\/wp-content\/uploads\/2024\/12\/9ac11a374cc39d7c8bd1c4d492182844.jpg",870,500,false]},"rttpg_author":{"display_name":"V\u00fcsal Rafiqo\u011flu","author_link":"https:\/\/arantv.az\/?author=2"},"rttpg_comment":0,"rttpg_category":"<a href=\"https:\/\/arantv.az\/?cat=1\" rel=\"category\">C\u0259miyy\u0259t<\/a>","rttpg_excerpt":"M\u0259d\u0259niyy\u0259t Nazirliyi t\u0259r\u0259find\u0259n t\u0259sis edilmi\u015f M\u0259d\u0259ni v\u0259 Yarad\u0131c\u0131 S\u0259nayel\u0259rin \u0130nki\u015faf\u0131 M\u0259rk\u0259zinin (Yarad\u0131c\u0131 M\u0259rk\u0259z) dekabr\u0131n 28-d\u0259 a\u00e7\u0131l\u0131\u015f\u0131 olub. ARANTV.AZ \u00a0x\u0259b\u0259r verir ki, Heyd\u0259r \u018fliyev Fondunun vitse-prezidenti Leyla \u018fliyeva t\u0259dbird\u0259 i\u015ftirak edib. M\u0259d\u0259niyy\u0259t naziri Adil K\u0259rimli Leyla \u018fliyevaya M\u0259rk\u0259zd\u0259 yarad\u0131lan \u015f\u0259rait bar\u0259d\u0259 m\u0259lumat verib. Bildirilib ki, Yarad\u0131c\u0131 M\u0259rk\u0259zin \u0259sas m\u0259qs\u0259di g\u0259nc istedadlar\u0131 d\u0259st\u0259kl\u0259m\u0259k, onlar\u0131n ixtisaslar\u0131n\u0131 art\u0131rmaq v\u0259&hellip;","_links":{"self":[{"href":"https:\/\/arantv.az\/index.php?rest_route=\/wp\/v2\/posts\/777774"}],"collection":[{"href":"https:\/\/arantv.az\/index.php?rest_route=\/wp\/v2\/posts"}],"about":[{"href":"https:\/\/arantv.az\/index.php?rest_route=\/wp\/v2\/types\/post"}],"author":[{"embeddable":true,"href":"https:\/\/arantv.az\/index.php?rest_route=\/wp\/v2\/users\/2"}],"replies":[{"embeddable":true,"href":"https:\/\/arantv.az\/index.php?rest_route=%2Fwp%2Fv2%2Fcomments&post=777774"}],"version-history":[{"count":1,"href":"https:\/\/arantv.az\/index.php?rest_route=\/wp\/v2\/posts\/777774\/revisions"}],"predecessor-version":[{"id":777776,"href":"https:\/\/arantv.az\/index.php?rest_route=\/wp\/v2\/posts\/777774\/revisions\/777776"}],"wp:featuredmedia":[{"embeddable":true,"href":"https:\/\/arantv.az\/index.php?rest_route=\/wp\/v2\/media\/777775"}],"wp:attachment":[{"href":"https:\/\/arantv.az\/index.php?rest_route=%2Fwp%2Fv2%2Fmedia&parent=777774"}],"wp:term":[{"taxonomy":"category","embeddable":true,"href":"https:\/\/arantv.az\/index.php?rest_route=%2Fwp%2Fv2%2Fcategories&post=777774"},{"taxonomy":"post_tag","embeddable":true,"href":"https:\/\/arantv.az\/index.php?rest_route=%2Fwp%2Fv2%2Ftags&post=777774"}],"curies":[{"name":"wp","href":"https:\/\/api.w.org\/{rel}","templated":true}]}}