{"id":777781,"date":"2024-12-29T08:05:23","date_gmt":"2024-12-29T04:05:23","guid":{"rendered":"https:\/\/arantv.az\/?p=777781"},"modified":"2024-12-29T08:05:23","modified_gmt":"2024-12-29T04:05:23","slug":"az%c9%99rbaycan-v%c9%99-serbiya-arasinda-h%c9%99rbi-%c9%99m%c9%99kdasliq-plani-imzalandi","status":"publish","type":"post","link":"https:\/\/arantv.az\/?p=777781","title":{"rendered":"Az\u0259rbaycan v\u0259 Serbiya aras\u0131nda h\u0259rbi \u0259m\u0259kda\u015fl\u0131q plan\u0131 \u0130MZALANDI"},"content":{"rendered":"<div class=\"text-content\" data-id=\"\" data-url=\"\">\n<p><strong>M\u00fcdafi\u0259 Nazirliyinin Beyn\u0259lxalq H\u0259rbi \u018fm\u0259kda\u015fl\u0131q \u0130dar\u0259si r\u0259isinin r\u0259hb\u0259rlik etdiyi n\u00fcmay\u0259nd\u0259 hey\u0259ti h\u0259rbi \u0259m\u0259kda\u015fl\u0131q dan\u0131\u015f\u0131qlar\u0131n\u0131n apar\u0131lmas\u0131 m\u0259qs\u0259dil\u0259 Serbiya Respublikas\u0131na s\u0259f\u0259r edib.<\/strong><\/p>\n<p><b>ARANTV.AZ <\/b>x\u0259b\u0259r verir ki, bu bar\u0259d\u0259 M\u00fcdafi\u0259 Nazirliyi m\u0259lumat yay\u0131b.<\/p>\n<p>Qeyd olunub ki, s\u0259f\u0259r \u00e7\u0259r\u00e7iv\u0259sind\u0259 n\u00fcmay\u0259nd\u0259 hey\u0259ti Serbiya m\u00fcdafi\u0259 nazirinin k\u00f6m\u0259k\u00e7isi Predraq Bandi\u00e7 t\u0259r\u0259find\u0259n q\u0259bul edilib, daha sonra h\u0259r iki \u00f6lk\u0259nin Beyn\u0259lxalq H\u0259rbi \u018fm\u0259kda\u015fl\u0131q \u0130dar\u0259sinin n\u00fcmay\u0259nd\u0259l\u0259ri aras\u0131nda ikit\u0259r\u0259fli g\u00f6r\u00fc\u015f ke\u00e7irilib.<\/p>\n<p>G\u00f6r\u00fc\u015f zaman\u0131 t\u0259r\u0259fl\u0259r aras\u0131ndak\u0131 h\u0259rbi \u0259m\u0259kda\u015fl\u0131\u011f\u0131n cari v\u0259ziyy\u0259ti t\u0259hlil edilib v\u0259 inki\u015faf perspektivl\u0259ri m\u00fczakir\u0259 olunub, el\u0259c\u0259 d\u0259 qar\u015f\u0131l\u0131ql\u0131 maraq do\u011furan m\u00f6vzular \u0259traf\u0131nda geni\u015f fikir m\u00fcbadil\u0259si apar\u0131l\u0131b. Bu x\u00fcsusda 2024-c\u00fc il \u00fc\u00e7\u00fcn h\u0259rbi \u0259m\u0259kda\u015fl\u0131q plan\u0131nda n\u0259z\u0259rd\u0259 tutulmu\u015f f\u0259aliyy\u0259tl\u0259rin implementasiyas\u0131ndan m\u0259mnunluq ifad\u0259 edilib.<\/p>\n<p>S\u0259f\u0259r proqram\u0131na \u0259sas\u0259n, n\u00fcmay\u0259nd\u0259 hey\u0259ti Serbiya Respublikas\u0131n\u0131n S\u00fclhm\u0259raml\u0131 \u018fm\u0259liyyatlar M\u0259rk\u0259zini ziyar\u0259t edib v\u0259 m\u0259rk\u0259zin f\u0259aliyy\u0259t istiqam\u0259tl\u0259ri il\u0259 tan\u0131\u015f olub.<\/p>\n<p>R\u0259smi f\u0259aliyy\u0259tl\u0259rin sonunda &#8220;Az\u0259rbaycan Respublikas\u0131n\u0131n M\u00fcdafi\u0259 Nazirliyi il\u0259 Serbiya Respublikas\u0131n\u0131n M\u00fcdafi\u0259 Nazirliyi aras\u0131nda 2025-ci il \u00fc\u00e7\u00fcn h\u0259rbi \u0259m\u0259kda\u015fl\u0131q Plan\u0131&#8221; imzalan\u0131b.<\/p>\n<\/div>\n<div><\/div>\n<div><\/div>\n<div class=\"inner-social-box\">\n<div class=\"subs-in-social subs-whatsapp\"><\/div>\n<\/div>\n","protected":false},"excerpt":{"rendered":"<p>M\u00fcdafi\u0259 Nazirliyinin Beyn\u0259lxalq H\u0259rbi \u018fm\u0259kda\u015fl\u0131q \u0130dar\u0259si r\u0259isinin r\u0259hb\u0259rlik etdiyi n\u00fcmay\u0259nd\u0259 hey\u0259ti h\u0259rbi \u0259m\u0259kda\u015fl\u0131q dan\u0131\u015f\u0131qlar\u0131n\u0131n apar\u0131lmas\u0131 m\u0259qs\u0259dil\u0259 Serbiya Respublikas\u0131na s\u0259f\u0259r edib. ARANTV.AZ x\u0259b\u0259r verir ki, bu bar\u0259d\u0259 M\u00fcdafi\u0259 Nazirliyi m\u0259lumat yay\u0131b. Qeyd olunub ki, s\u0259f\u0259r \u00e7\u0259r\u00e7iv\u0259sind\u0259 n\u00fcmay\u0259nd\u0259 hey\u0259ti Serbiya m\u00fcdafi\u0259 nazirinin k\u00f6m\u0259k\u00e7isi Predraq Bandi\u00e7 t\u0259r\u0259find\u0259n q\u0259bul edilib, daha sonra h\u0259r iki \u00f6lk\u0259nin Beyn\u0259lxalq H\u0259rbi \u018fm\u0259kda\u015fl\u0131q \u0130dar\u0259sinin n\u00fcmay\u0259nd\u0259l\u0259ri aras\u0131nda ikit\u0259r\u0259fli g\u00f6r\u00fc\u015f ke\u00e7irilib. G\u00f6r\u00fc\u015f zaman\u0131 t\u0259r\u0259fl\u0259r aras\u0131ndak\u0131 h\u0259rbi \u0259m\u0259kda\u015fl\u0131\u011f\u0131n cari v\u0259ziyy\u0259ti t\u0259hlil edilib v\u0259 inki\u015faf perspektivl\u0259ri m\u00fczakir\u0259 olunub, el\u0259c\u0259 d\u0259 qar\u015f\u0131l\u0131ql\u0131 maraq do\u011furan m\u00f6vzular \u0259traf\u0131nda geni\u015f fikir m\u00fcbadil\u0259si apar\u0131l\u0131b. Bu x\u00fcsusda 2024-c\u00fc il&hellip;<\/p>\n","protected":false},"author":2,"featured_media":777782,"comment_status":"closed","ping_status":"closed","sticky":false,"template":"","format":"standard","meta":{"om_disable_all_campaigns":false,"_monsterinsights_skip_tracking":false,"_monsterinsights_sitenote_active":false,"_monsterinsights_sitenote_note":"","_monsterinsights_sitenote_category":0},"categories":[10],"tags":[],"aioseo_notices":[],"gutentor_comment":0,"rttpg_featured_image_url":{"full":["https:\/\/arantv.az\/wp-content\/uploads\/2024\/12\/3ddd07bdca4b9d21952f3eed47abfacd.jpg",870,500,false],"landscape":["https:\/\/arantv.az\/wp-content\/uploads\/2024\/12\/3ddd07bdca4b9d21952f3eed47abfacd.jpg",870,500,false],"portraits":["https:\/\/arantv.az\/wp-content\/uploads\/2024\/12\/3ddd07bdca4b9d21952f3eed47abfacd.jpg",870,500,false],"thumbnail":["https:\/\/arantv.az\/wp-content\/uploads\/2024\/12\/3ddd07bdca4b9d21952f3eed47abfacd-500x280.jpg",500,280,true],"medium":["https:\/\/arantv.az\/wp-content\/uploads\/2024\/12\/3ddd07bdca4b9d21952f3eed47abfacd-635x365.jpg",635,365,true],"large":["https:\/\/arantv.az\/wp-content\/uploads\/2024\/12\/3ddd07bdca4b9d21952f3eed47abfacd-840x483.jpg",640,368,true],"1536x1536":["https:\/\/arantv.az\/wp-content\/uploads\/2024\/12\/3ddd07bdca4b9d21952f3eed47abfacd.jpg",870,500,false],"2048x2048":["https:\/\/arantv.az\/wp-content\/uploads\/2024\/12\/3ddd07bdca4b9d21952f3eed47abfacd.jpg",870,500,false],"post-thumbnail":["https:\/\/arantv.az\/wp-content\/uploads\/2024\/12\/3ddd07bdca4b9d21952f3eed47abfacd-240x172.jpg",240,172,true],"advps-thumb-one":["https:\/\/arantv.az\/wp-content\/uploads\/2024\/12\/3ddd07bdca4b9d21952f3eed47abfacd.jpg",870,500,false]},"rttpg_author":{"display_name":"V\u00fcsal Rafiqo\u011flu","author_link":"https:\/\/arantv.az\/?author=2"},"rttpg_comment":0,"rttpg_category":"<a href=\"https:\/\/arantv.az\/?cat=10\" rel=\"category\">C\u0259bh\u0259d\u0259n X\u0259b\u0259r<\/a>","rttpg_excerpt":"M\u00fcdafi\u0259 Nazirliyinin Beyn\u0259lxalq H\u0259rbi \u018fm\u0259kda\u015fl\u0131q \u0130dar\u0259si r\u0259isinin r\u0259hb\u0259rlik etdiyi n\u00fcmay\u0259nd\u0259 hey\u0259ti h\u0259rbi \u0259m\u0259kda\u015fl\u0131q dan\u0131\u015f\u0131qlar\u0131n\u0131n apar\u0131lmas\u0131 m\u0259qs\u0259dil\u0259 Serbiya Respublikas\u0131na s\u0259f\u0259r edib. ARANTV.AZ x\u0259b\u0259r verir ki, bu bar\u0259d\u0259 M\u00fcdafi\u0259 Nazirliyi m\u0259lumat yay\u0131b. Qeyd olunub ki, s\u0259f\u0259r \u00e7\u0259r\u00e7iv\u0259sind\u0259 n\u00fcmay\u0259nd\u0259 hey\u0259ti Serbiya m\u00fcdafi\u0259 nazirinin k\u00f6m\u0259k\u00e7isi Predraq Bandi\u00e7 t\u0259r\u0259find\u0259n q\u0259bul edilib, daha sonra h\u0259r iki \u00f6lk\u0259nin Beyn\u0259lxalq H\u0259rbi \u018fm\u0259kda\u015fl\u0131q \u0130dar\u0259sinin&hellip;","_links":{"self":[{"href":"https:\/\/arantv.az\/index.php?rest_route=\/wp\/v2\/posts\/777781"}],"collection":[{"href":"https:\/\/arantv.az\/index.php?rest_route=\/wp\/v2\/posts"}],"about":[{"href":"https:\/\/arantv.az\/index.php?rest_route=\/wp\/v2\/types\/post"}],"author":[{"embeddable":true,"href":"https:\/\/arantv.az\/index.php?rest_route=\/wp\/v2\/users\/2"}],"replies":[{"embeddable":true,"href":"https:\/\/arantv.az\/index.php?rest_route=%2Fwp%2Fv2%2Fcomments&post=777781"}],"version-history":[{"count":2,"href":"https:\/\/arantv.az\/index.php?rest_route=\/wp\/v2\/posts\/777781\/revisions"}],"predecessor-version":[{"id":777784,"href":"https:\/\/arantv.az\/index.php?rest_route=\/wp\/v2\/posts\/777781\/revisions\/777784"}],"wp:featuredmedia":[{"embeddable":true,"href":"https:\/\/arantv.az\/index.php?rest_route=\/wp\/v2\/media\/777782"}],"wp:attachment":[{"href":"https:\/\/arantv.az\/index.php?rest_route=%2Fwp%2Fv2%2Fmedia&parent=777781"}],"wp:term":[{"taxonomy":"category","embeddable":true,"href":"https:\/\/arantv.az\/index.php?rest_route=%2Fwp%2Fv2%2Fcategories&post=777781"},{"taxonomy":"post_tag","embeddable":true,"href":"https:\/\/arantv.az\/index.php?rest_route=%2Fwp%2Fv2%2Ftags&post=777781"}],"curies":[{"name":"wp","href":"https:\/\/api.w.org\/{rel}","templated":true}]}}