{"id":777833,"date":"2024-12-29T15:06:17","date_gmt":"2024-12-29T11:06:17","guid":{"rendered":"https:\/\/arantv.az\/?p=777833"},"modified":"2024-12-29T15:06:17","modified_gmt":"2024-12-29T11:06:17","slug":"parlament-dunya-az%c9%99rbaycanlilarina-muraci%c9%99t-etdi","status":"publish","type":"post","link":"https:\/\/arantv.az\/?p=777833","title":{"rendered":"Parlament d\u00fcnya az\u0259rbaycanl\u0131lar\u0131na m\u00fcraci\u0259t etdi"},"content":{"rendered":"<p><strong>Milli M\u0259clisin bu g\u00fcn ke\u00e7iril\u0259n plenar iclas\u0131nda D\u00fcnya az\u0259rbaycanl\u0131lar\u0131n\u0131n h\u0259mr\u0259yliyi g\u00fcn\u00fc m\u00fcnasib\u0259ti il\u0259 Az\u0259rbaycan Respublikas\u0131 Milli M\u0259clisinin M\u00fcraci\u0259ti t\u0259qdim olunub.<\/strong><\/p>\n<p><strong>ARANTV.AZ <\/strong>\u00a0bildirir ki, Az\u0259rbaycan\u0131n artan u\u011furlar\u0131n\u0131n, \u0259razi b\u00fct\u00f6vl\u00fcy\u00fcm\u00fcz\u00fcn tam t\u0259min olunmas\u0131 \u015f\u0259raitind\u0259 ke\u00e7iril\u0259n prezident v\u0259 parlament se\u00e7kil\u0259rinin ke\u00e7irilm\u0259sinin xat\u0131rland\u0131\u011f\u0131, COP29-un y\u00fcks\u0259k s\u0259viyy\u0259d\u0259 realla\u015fd\u0131r\u0131lmas\u0131ndan, d\u00f6vl\u0259timizin milli m\u0259nafel\u0259r\u0259 uy\u011fun olaraq m\u00fcst\u0259qil siyas\u0259t y\u00fcr\u00fctm\u0259sind\u0259n v\u0259 dig\u0259r u\u011furlardan b\u0259hs ed\u0259n m\u00fcraci\u0259ti deputat Samir V\u0259liyev parlament tribunas\u0131ndan s\u0259sl\u0259ndirib.<\/p>\n<p>Soyda\u015flar\u0131m\u0131za xitab\u0259n onlara ya\u015fad\u0131qlar\u0131 \u00f6lk\u0259l\u0259rd\u0259 milli d\u0259y\u0259rl\u0259rimizi uca tutma\u011fa \u00e7a\u011f\u0131r\u0131\u015f ifad\u0259 olunub. Deputatlar alq\u0131\u015flarla m\u00fcraci\u0259ti t\u0259sdiq edibl\u0259r.<\/p>\n","protected":false},"excerpt":{"rendered":"<p>Milli M\u0259clisin bu g\u00fcn ke\u00e7iril\u0259n plenar iclas\u0131nda D\u00fcnya az\u0259rbaycanl\u0131lar\u0131n\u0131n h\u0259mr\u0259yliyi g\u00fcn\u00fc m\u00fcnasib\u0259ti il\u0259 Az\u0259rbaycan Respublikas\u0131 Milli M\u0259clisinin M\u00fcraci\u0259ti t\u0259qdim olunub. ARANTV.AZ \u00a0bildirir ki, Az\u0259rbaycan\u0131n artan u\u011furlar\u0131n\u0131n, \u0259razi b\u00fct\u00f6vl\u00fcy\u00fcm\u00fcz\u00fcn tam t\u0259min olunmas\u0131 \u015f\u0259raitind\u0259 ke\u00e7iril\u0259n prezident v\u0259 parlament se\u00e7kil\u0259rinin ke\u00e7irilm\u0259sinin xat\u0131rland\u0131\u011f\u0131, COP29-un y\u00fcks\u0259k s\u0259viyy\u0259d\u0259 realla\u015fd\u0131r\u0131lmas\u0131ndan, d\u00f6vl\u0259timizin milli m\u0259nafel\u0259r\u0259 uy\u011fun olaraq m\u00fcst\u0259qil siyas\u0259t y\u00fcr\u00fctm\u0259sind\u0259n v\u0259 dig\u0259r u\u011furlardan b\u0259hs ed\u0259n m\u00fcraci\u0259ti deputat Samir V\u0259liyev parlament tribunas\u0131ndan s\u0259sl\u0259ndirib. Soyda\u015flar\u0131m\u0131za xitab\u0259n onlara ya\u015fad\u0131qlar\u0131 \u00f6lk\u0259l\u0259rd\u0259 milli d\u0259y\u0259rl\u0259rimizi uca tutma\u011fa \u00e7a\u011f\u0131r\u0131\u015f ifad\u0259 olunub. Deputatlar alq\u0131\u015flarla m\u00fcraci\u0259ti t\u0259sdiq edibl\u0259r.<\/p>\n","protected":false},"author":2,"featured_media":777834,"comment_status":"closed","ping_status":"closed","sticky":false,"template":"","format":"standard","meta":{"om_disable_all_campaigns":false,"_monsterinsights_skip_tracking":false,"_monsterinsights_sitenote_active":false,"_monsterinsights_sitenote_note":"","_monsterinsights_sitenote_category":0},"categories":[19],"tags":[],"aioseo_notices":[],"gutentor_comment":0,"rttpg_featured_image_url":{"full":["https:\/\/arantv.az\/wp-content\/uploads\/2024\/12\/12b0f490a1bf05a27fdecd5584a597fb.jpg",850,500,false],"landscape":["https:\/\/arantv.az\/wp-content\/uploads\/2024\/12\/12b0f490a1bf05a27fdecd5584a597fb.jpg",850,500,false],"portraits":["https:\/\/arantv.az\/wp-content\/uploads\/2024\/12\/12b0f490a1bf05a27fdecd5584a597fb.jpg",850,500,false],"thumbnail":["https:\/\/arantv.az\/wp-content\/uploads\/2024\/12\/12b0f490a1bf05a27fdecd5584a597fb-500x280.jpg",500,280,true],"medium":["https:\/\/arantv.az\/wp-content\/uploads\/2024\/12\/12b0f490a1bf05a27fdecd5584a597fb-621x365.jpg",621,365,true],"large":["https:\/\/arantv.az\/wp-content\/uploads\/2024\/12\/12b0f490a1bf05a27fdecd5584a597fb-840x494.jpg",640,376,true],"1536x1536":["https:\/\/arantv.az\/wp-content\/uploads\/2024\/12\/12b0f490a1bf05a27fdecd5584a597fb.jpg",850,500,false],"2048x2048":["https:\/\/arantv.az\/wp-content\/uploads\/2024\/12\/12b0f490a1bf05a27fdecd5584a597fb.jpg",850,500,false],"post-thumbnail":["https:\/\/arantv.az\/wp-content\/uploads\/2024\/12\/12b0f490a1bf05a27fdecd5584a597fb-240x172.jpg",240,172,true],"advps-thumb-one":["https:\/\/arantv.az\/wp-content\/uploads\/2024\/12\/12b0f490a1bf05a27fdecd5584a597fb.jpg",850,500,false]},"rttpg_author":{"display_name":"V\u00fcsal Rafiqo\u011flu","author_link":"https:\/\/arantv.az\/?author=2"},"rttpg_comment":0,"rttpg_category":"<a href=\"https:\/\/arantv.az\/?cat=19\" rel=\"category\">G\u00fcnd\u0259m<\/a>","rttpg_excerpt":"Milli M\u0259clisin bu g\u00fcn ke\u00e7iril\u0259n plenar iclas\u0131nda D\u00fcnya az\u0259rbaycanl\u0131lar\u0131n\u0131n h\u0259mr\u0259yliyi g\u00fcn\u00fc m\u00fcnasib\u0259ti il\u0259 Az\u0259rbaycan Respublikas\u0131 Milli M\u0259clisinin M\u00fcraci\u0259ti t\u0259qdim olunub. ARANTV.AZ \u00a0bildirir ki, Az\u0259rbaycan\u0131n artan u\u011furlar\u0131n\u0131n, \u0259razi b\u00fct\u00f6vl\u00fcy\u00fcm\u00fcz\u00fcn tam t\u0259min olunmas\u0131 \u015f\u0259raitind\u0259 ke\u00e7iril\u0259n prezident v\u0259 parlament se\u00e7kil\u0259rinin ke\u00e7irilm\u0259sinin xat\u0131rland\u0131\u011f\u0131, COP29-un y\u00fcks\u0259k s\u0259viyy\u0259d\u0259 realla\u015fd\u0131r\u0131lmas\u0131ndan, d\u00f6vl\u0259timizin milli m\u0259nafel\u0259r\u0259 uy\u011fun olaraq m\u00fcst\u0259qil siyas\u0259t y\u00fcr\u00fctm\u0259sind\u0259n v\u0259 dig\u0259r u\u011furlardan b\u0259hs&hellip;","_links":{"self":[{"href":"https:\/\/arantv.az\/index.php?rest_route=\/wp\/v2\/posts\/777833"}],"collection":[{"href":"https:\/\/arantv.az\/index.php?rest_route=\/wp\/v2\/posts"}],"about":[{"href":"https:\/\/arantv.az\/index.php?rest_route=\/wp\/v2\/types\/post"}],"author":[{"embeddable":true,"href":"https:\/\/arantv.az\/index.php?rest_route=\/wp\/v2\/users\/2"}],"replies":[{"embeddable":true,"href":"https:\/\/arantv.az\/index.php?rest_route=%2Fwp%2Fv2%2Fcomments&post=777833"}],"version-history":[{"count":1,"href":"https:\/\/arantv.az\/index.php?rest_route=\/wp\/v2\/posts\/777833\/revisions"}],"predecessor-version":[{"id":777835,"href":"https:\/\/arantv.az\/index.php?rest_route=\/wp\/v2\/posts\/777833\/revisions\/777835"}],"wp:featuredmedia":[{"embeddable":true,"href":"https:\/\/arantv.az\/index.php?rest_route=\/wp\/v2\/media\/777834"}],"wp:attachment":[{"href":"https:\/\/arantv.az\/index.php?rest_route=%2Fwp%2Fv2%2Fmedia&parent=777833"}],"wp:term":[{"taxonomy":"category","embeddable":true,"href":"https:\/\/arantv.az\/index.php?rest_route=%2Fwp%2Fv2%2Fcategories&post=777833"},{"taxonomy":"post_tag","embeddable":true,"href":"https:\/\/arantv.az\/index.php?rest_route=%2Fwp%2Fv2%2Ftags&post=777833"}],"curies":[{"name":"wp","href":"https:\/\/api.w.org\/{rel}","templated":true}]}}