{"id":777847,"date":"2024-12-29T15:14:22","date_gmt":"2024-12-29T11:14:22","guid":{"rendered":"https:\/\/arantv.az\/?p=777847"},"modified":"2024-12-29T15:14:22","modified_gmt":"2024-12-29T11:14:22","slug":"toponimiya-komissiyasinda-d%c9%99yisiklik-adlar","status":"publish","type":"post","link":"https:\/\/arantv.az\/?p=777847","title":{"rendered":"Toponimiya Komissiyas\u0131nda D\u018fY\u0130\u015e\u0130KL\u0130K &#8211; ADLAR"},"content":{"rendered":"<p><strong>Parlamentin iclas\u0131nda Az\u0259rbaycan Respublikas\u0131n\u0131n Milli M\u0259clisi yan\u0131nda Toponimiya Komissiyas\u0131n\u0131n t\u0259rkibi haqq\u0131nda layih\u0259y\u0259 bax\u0131l\u0131b.<\/strong><\/p>\n<p><strong>Musavat.com<\/strong>-un m\u0259lumat\u0131na g\u00f6r\u0259, layih\u0259y\u0259 \u0259sas\u0259n, Milli M\u0259clis yan\u0131nda Toponimiya Komissiyas\u0131n\u0131n t\u0259rkibi d\u0259yi\u015fib.<\/p>\n<p>S\u0259n\u0259d\u0259 \u0259sas\u0259n, deputat Elnar\u0259 Akimova, Az\u0259rbaycan D\u00f6vl\u0259t Pedaqoji Universitetinin beyn\u0259lxalq \u0259laq\u0259l\u0259r \u00fczr\u0259 prorektoru, filologiya elml\u0259ri doktoru, professor Mahir\u0259 H\u00fcseynova, deputat Anar \u0130sg\u0259nd\u0259rov, N\u0259simi ad\u0131na Dil\u00e7ilik \u0130nstitutunun Toponimika \u015f\u00f6b\u0259sinin m\u00fcdiri filologiya \u00fczr\u0259 f\u0259ls\u0259f\u0259 doktoru, dosent El\u00e7in \u0130smay\u0131lov Toponimiya Komissiyas\u0131n\u0131n t\u0259rkibin\u0259 daxil edilibl\u0259r. Komissiyan\u0131n s\u0259dr m\u00fcavini, deputat Sevinc F\u0259t\u0259liyeva, AMEA-n\u0131n Nizami G\u0259nc\u0259vi ad\u0131na \u018fd\u0259biyyat \u0130nstitutunun ba\u015f elmi i\u015f\u00e7isi, filologiya elml\u0259ri doktoru, professor Akif \u0130manl\u0131 v\u0259 AMEA-n\u0131n H.\u018fliyev ad\u0131na Co\u011frafiya \u0130nstitutunun Co\u011frafi fikir tarixi v\u0259 toponimika \u015f\u00f6b\u0259sinin apar\u0131c\u0131 elmi i\u015f\u00e7isi, co\u011frafiya \u00fczr\u0259 f\u0259ls\u0259f\u0259 doktoru Mahir\u0259 Abbasova is\u0259 komissiyan\u0131n t\u0259rkibind\u0259n \u00e7\u0131xar\u0131l\u0131blar.<\/p>\n<p>M\u0259s\u0259l\u0259 komit\u0259 s\u0259dri Siyavu\u015f Novruzovun t\u0259qdimat\u0131ndan v\u0259 m\u00fczakir\u0259l\u0259rd\u0259n sonra s\u0259sverm\u0259y\u0259 qoyularaq t\u0259sdiql\u0259nib.<\/p>\n","protected":false},"excerpt":{"rendered":"<p>Parlamentin iclas\u0131nda Az\u0259rbaycan Respublikas\u0131n\u0131n Milli M\u0259clisi yan\u0131nda Toponimiya Komissiyas\u0131n\u0131n t\u0259rkibi haqq\u0131nda layih\u0259y\u0259 bax\u0131l\u0131b. Musavat.com-un m\u0259lumat\u0131na g\u00f6r\u0259, layih\u0259y\u0259 \u0259sas\u0259n, Milli M\u0259clis yan\u0131nda Toponimiya Komissiyas\u0131n\u0131n t\u0259rkibi d\u0259yi\u015fib. S\u0259n\u0259d\u0259 \u0259sas\u0259n, deputat Elnar\u0259 Akimova, Az\u0259rbaycan D\u00f6vl\u0259t Pedaqoji Universitetinin beyn\u0259lxalq \u0259laq\u0259l\u0259r \u00fczr\u0259 prorektoru, filologiya elml\u0259ri doktoru, professor Mahir\u0259 H\u00fcseynova, deputat Anar \u0130sg\u0259nd\u0259rov, N\u0259simi ad\u0131na Dil\u00e7ilik \u0130nstitutunun Toponimika \u015f\u00f6b\u0259sinin m\u00fcdiri filologiya \u00fczr\u0259 f\u0259ls\u0259f\u0259 doktoru, dosent El\u00e7in \u0130smay\u0131lov Toponimiya Komissiyas\u0131n\u0131n t\u0259rkibin\u0259 daxil edilibl\u0259r. Komissiyan\u0131n s\u0259dr m\u00fcavini, deputat Sevinc F\u0259t\u0259liyeva, AMEA-n\u0131n Nizami G\u0259nc\u0259vi ad\u0131na \u018fd\u0259biyyat \u0130nstitutunun ba\u015f elmi i\u015f\u00e7isi, filologiya elml\u0259ri doktoru, professor Akif \u0130manl\u0131 v\u0259 AMEA-n\u0131n H.\u018fliyev&hellip;<\/p>\n","protected":false},"author":2,"featured_media":777848,"comment_status":"closed","ping_status":"closed","sticky":false,"template":"","format":"standard","meta":{"om_disable_all_campaigns":false,"_monsterinsights_skip_tracking":false,"_monsterinsights_sitenote_active":false,"_monsterinsights_sitenote_note":"","_monsterinsights_sitenote_category":0},"categories":[19],"tags":[],"aioseo_notices":[],"gutentor_comment":0,"rttpg_featured_image_url":{"full":["https:\/\/arantv.az\/wp-content\/uploads\/2024\/12\/499a18770071b9e16835d97c6b68a245.jpg",850,500,false],"landscape":["https:\/\/arantv.az\/wp-content\/uploads\/2024\/12\/499a18770071b9e16835d97c6b68a245.jpg",850,500,false],"portraits":["https:\/\/arantv.az\/wp-content\/uploads\/2024\/12\/499a18770071b9e16835d97c6b68a245.jpg",850,500,false],"thumbnail":["https:\/\/arantv.az\/wp-content\/uploads\/2024\/12\/499a18770071b9e16835d97c6b68a245-500x280.jpg",500,280,true],"medium":["https:\/\/arantv.az\/wp-content\/uploads\/2024\/12\/499a18770071b9e16835d97c6b68a245-621x365.jpg",621,365,true],"large":["https:\/\/arantv.az\/wp-content\/uploads\/2024\/12\/499a18770071b9e16835d97c6b68a245-840x494.jpg",640,376,true],"1536x1536":["https:\/\/arantv.az\/wp-content\/uploads\/2024\/12\/499a18770071b9e16835d97c6b68a245.jpg",850,500,false],"2048x2048":["https:\/\/arantv.az\/wp-content\/uploads\/2024\/12\/499a18770071b9e16835d97c6b68a245.jpg",850,500,false],"post-thumbnail":["https:\/\/arantv.az\/wp-content\/uploads\/2024\/12\/499a18770071b9e16835d97c6b68a245-240x172.jpg",240,172,true],"advps-thumb-one":["https:\/\/arantv.az\/wp-content\/uploads\/2024\/12\/499a18770071b9e16835d97c6b68a245.jpg",850,500,false]},"rttpg_author":{"display_name":"V\u00fcsal Rafiqo\u011flu","author_link":"https:\/\/arantv.az\/?author=2"},"rttpg_comment":0,"rttpg_category":"<a href=\"https:\/\/arantv.az\/?cat=19\" rel=\"category\">G\u00fcnd\u0259m<\/a>","rttpg_excerpt":"Parlamentin iclas\u0131nda Az\u0259rbaycan Respublikas\u0131n\u0131n Milli M\u0259clisi yan\u0131nda Toponimiya Komissiyas\u0131n\u0131n t\u0259rkibi haqq\u0131nda layih\u0259y\u0259 bax\u0131l\u0131b. Musavat.com-un m\u0259lumat\u0131na g\u00f6r\u0259, layih\u0259y\u0259 \u0259sas\u0259n, Milli M\u0259clis yan\u0131nda Toponimiya Komissiyas\u0131n\u0131n t\u0259rkibi d\u0259yi\u015fib. S\u0259n\u0259d\u0259 \u0259sas\u0259n, deputat Elnar\u0259 Akimova, Az\u0259rbaycan D\u00f6vl\u0259t Pedaqoji Universitetinin beyn\u0259lxalq \u0259laq\u0259l\u0259r \u00fczr\u0259 prorektoru, filologiya elml\u0259ri doktoru, professor Mahir\u0259 H\u00fcseynova, deputat Anar \u0130sg\u0259nd\u0259rov, N\u0259simi ad\u0131na Dil\u00e7ilik \u0130nstitutunun Toponimika \u015f\u00f6b\u0259sinin m\u00fcdiri filologiya&hellip;","_links":{"self":[{"href":"https:\/\/arantv.az\/index.php?rest_route=\/wp\/v2\/posts\/777847"}],"collection":[{"href":"https:\/\/arantv.az\/index.php?rest_route=\/wp\/v2\/posts"}],"about":[{"href":"https:\/\/arantv.az\/index.php?rest_route=\/wp\/v2\/types\/post"}],"author":[{"embeddable":true,"href":"https:\/\/arantv.az\/index.php?rest_route=\/wp\/v2\/users\/2"}],"replies":[{"embeddable":true,"href":"https:\/\/arantv.az\/index.php?rest_route=%2Fwp%2Fv2%2Fcomments&post=777847"}],"version-history":[{"count":1,"href":"https:\/\/arantv.az\/index.php?rest_route=\/wp\/v2\/posts\/777847\/revisions"}],"predecessor-version":[{"id":777849,"href":"https:\/\/arantv.az\/index.php?rest_route=\/wp\/v2\/posts\/777847\/revisions\/777849"}],"wp:featuredmedia":[{"embeddable":true,"href":"https:\/\/arantv.az\/index.php?rest_route=\/wp\/v2\/media\/777848"}],"wp:attachment":[{"href":"https:\/\/arantv.az\/index.php?rest_route=%2Fwp%2Fv2%2Fmedia&parent=777847"}],"wp:term":[{"taxonomy":"category","embeddable":true,"href":"https:\/\/arantv.az\/index.php?rest_route=%2Fwp%2Fv2%2Fcategories&post=777847"},{"taxonomy":"post_tag","embeddable":true,"href":"https:\/\/arantv.az\/index.php?rest_route=%2Fwp%2Fv2%2Ftags&post=777847"}],"curies":[{"name":"wp","href":"https:\/\/api.w.org\/{rel}","templated":true}]}}