{"id":777850,"date":"2024-12-29T15:15:22","date_gmt":"2024-12-29T11:15:22","guid":{"rendered":"https:\/\/arantv.az\/?p=777850"},"modified":"2024-12-29T15:15:22","modified_gmt":"2024-12-29T11:15:22","slug":"z%c9%99f%c9%99r-konstitusiyasi-g%c9%99lir-konstitusiya-v%c9%99-suverenlik-ilinin-boyuk-surprizi","status":"publish","type":"post","link":"https:\/\/arantv.az\/?p=777850","title":{"rendered":"Z\u0259f\u0259r Konstitusiyas\u0131 g\u0259lir? \u201cKonstitusiya v\u0259 Suverenlik \u0130li\u201dnin b\u00f6y\u00fck s\u00fcrprizi"},"content":{"rendered":"<p><strong>Prezident \u0130lham \u018fliyev 2025-ci ilin Az\u0259rbaycan Respublikas\u0131nda \u201cKonstitusiya v\u0259 Suverenlik \u0130li\u201d elan edilm\u0259si bar\u0259d\u0259 f\u0259rman imzalad\u0131.<\/strong><\/p>\n<p>Az\u0259rbaycan\u0131n 44 g\u00fcnl\u00fck V\u0259t\u0259n m\u00fcharib\u0259sind\u0131n sonra &#8220;Z\u0259f\u0259r Konstitusiyas\u0131&#8221; q\u0259bul ed\u0259c\u0259yi il\u0259 ba\u011fl\u0131 bir \u00e7ox fikir v\u0259 m\u00fclahiz\u0259l\u0131r s\u0259sl\u0259nirdi.<\/p>\n<p>H\u0259r \u015feyi \u00f6z zaman\u0131nda ed\u0259n v\u0259 prioritet s\u0131ralamas\u0131n\u0131 h\u0259r k\u0259sd\u0259n yax\u015f\u0131 bil\u0259n Prezident \u0130lham \u018fliyevin n\u00f6vb\u0259ti add\u0131m\u0131 budurmu: 2025-ci ild\u0259 Az\u0259rbaycan xalq\u0131 \u00fcmumxalq s\u0259averm\u0259si il\u0259 &#8220;Z\u0259f\u0259r Anayasas\u0131&#8221; q\u0259bul ed\u0259c\u0259kmi?<\/p>\n<p><img src=\"https:\/\/cdn.musavat.com\/news\/thumbnails\/1be7577f1bd518123a1f0a7a021cfa3e.png\" \/><\/p>\n<p><strong>Demokratiya v\u0259 \u0130nsan H\u00fcquqlar\u0131 Komit\u0259sinin s\u0259dri, h\u00fcquq \u00fczr\u0259 f\u0259ls\u0259f\u0259 doktoru \u00c7ingiz Q\u0259nizad\u0259 Musavat.com<\/strong>-a bildirib ki, 2025-ci ilin \u201cKonstitusiya v\u0259 Suverenlik ili\u201d elan olunmas\u0131n\u0131n bir ne\u00e7\u0259 s\u0259b\u0259bl\u0259ri var. S\u0259b\u0259bl\u0259r Prezidentin imzalad\u0131\u011f\u0131 s\u0259r\u0259ncamda qeyd olunub: \u201cBirincisi, m\u00fcst\u0259qil Az\u0259rbaycan\u0131n Konstitusiyas\u0131n\u0131n g\u0259l\u0259n il 30 illiyidir. Bu Konstitusiya MDB m\u0259kan\u0131nda olan konstitusiyalardan \u0259n demokratik konstitusiyalardan biridir. \u00dcst\u00fcnd\u0259n 30 il ke\u00e7ib v\u0259 bu g\u00fcn yeni reall\u0131qlar yaran\u0131b, b\u00f6y\u00fck inki\u015faf yolu q\u0259t edilib, bu m\u00fcdd\u0259td\u0259 bir \u00e7ox qanunlar\u0131m\u0131zda d\u0259yi\u015fiklikl\u0259r h\u0259yata ke\u00e7irilib, bir \u00e7ox vacib yeni qanunlar, yeni s\u0259n\u0259dl\u0259r q\u0259bul edilib, \u0259n son olaraq bir ne\u00e7\u0259 g\u00fcn \u00f6nc\u0259 Milli M\u0259clis \u201cH\u0259rbi v\u0259zif\u0259 v\u0259 h\u0259rbi xidm\u0259t haqq\u0131nda\u201d Qanunda ciddi d\u0259yi\u015fiklikl\u0259r etdi. Qanunlar\u0131m\u0131zda sonuncu referendumdan indiy\u0259 q\u0259d\u0259r edilmi\u015f bir s\u0131ra d\u0259yi\u015fiklikl\u0259r, yeni qanunlar\u0131n q\u0259bulu da Konstitusiyada d\u0259yi\u015fiklikl\u0259rin h\u0259yata ke\u00e7irilm\u0259li oldu\u011funu g\u00fcnd\u0259m\u0259 g\u0259tirir. El\u0259c\u0259 d\u0259 idar\u0259etm\u0259d\u0259, b\u0259l\u0259diyy\u0259l\u0259rl\u0259 ba\u011fl\u0131, se\u00e7ki sistemi il\u0259 \u0259laq\u0259dar Konstitisiyada d\u0259yi\u015fiklikl\u0259r edilm\u0259si istisna deyil. Torpaqlar\u0131m\u0131 i\u015f\u011faldan azad edildikd\u0259n sonra bir s\u0131ra rayonlar\u0131m\u0131z\u0131n idar\u0259etm\u0259sind\u0259 yenilikl\u0259r t\u0259tbiq edilib, h\u0259m\u00e7inin Nax\u00e7\u0131van Muxtar Respublikas\u0131nda. Bu yenilikl\u0259r Konstitusiyada t\u0259sbit olunmal\u0131d\u0131r. \u00d6lk\u0259mizin b\u00fct\u00fcn \u0259razisind\u0259 suverenliyimizin b\u0259rpa olunmas\u0131 da yeni reall\u0131qlar meydana g\u0259tirib. Bu reallal\u0131qlar da ana qanunumuza \u0259lav\u0259l\u0259r v\u0259 d\u0259yi\u015fiklikl\u0259r edilm\u0259si z\u0259rur\u0259tini meydana g\u0259tir\u0259 bil\u0259r\u201d.<\/p>\n<p><strong>Ekspert h\u0259m\u00e7inin qeyd edib ki, \u0259halimizin say\u0131 30 ild\u0259 3 milyon n\u0259f\u0259r\u0259 q\u0259d\u0259r artaraq 10 milyonu ke\u00e7ib. Bu amil d\u0259 Konstitusiyada m\u00fc\u0259yy\u0259n d\u0259yi\u015fiklikl\u0259ri z\u0259rur\u0259t\u0259 \u00e7evirir:<\/strong>\u00a0\u201c1995-ci ild\u0259 q\u0259bul edil\u0259n Konstitusiyan\u0131n s\u0259hv etmir\u0259ms\u0259 82-ci madd\u0259sind\u0259 qeyd olunur ki, Milli M\u0259clis \u00fczvl\u0259rinin say\u0131 125 n\u0259f\u0259rd\u0259n ibar\u0259tdir. \u018fhalinin say\u0131 7 milyon olanda Milli M\u0259clisin 125 deputat\u0131n\u0131n olmas\u0131n\u0131n m\u0259qs\u0259d\u0259uy\u011funlu\u011fu ana qanuna daxil edilib. Bu g\u00fcn \u0259halimizin say\u0131 10 milyondan \u00e7oxdur. Ona g\u00f6r\u0259 d\u0259 art\u0131q 1 deputata d\u00fc\u015f\u0259n se\u00e7icinin say\u0131 art\u0131q 50 mind\u0259n yuxar\u0131d\u0131r. Ona g\u00f6r\u0259 d\u0259 hesab edir\u0259m ki, Konstitusiyada Milli M\u0259clis \u00fczvl\u0259rinin say\u0131n\u0131n art\u0131r\u0131lmas\u0131 m\u0259s\u0259l\u0259si d\u0259 g\u00fcnd\u0259m\u0259 g\u0259l\u0259 bil\u0259r. B\u00fct\u00fcn qeyd etdiyimiz v\u0259 dig\u0259r d\u0259yi\u015fiklikl\u0259rin edilm\u0259si is\u0259 yaln\u0131z referendumun ke\u00e7irilm\u0259si il\u0259 m\u00fcmk\u00fcnd\u00fcr\u201d.<\/p>\n","protected":false},"excerpt":{"rendered":"<p>Prezident \u0130lham \u018fliyev 2025-ci ilin Az\u0259rbaycan Respublikas\u0131nda \u201cKonstitusiya v\u0259 Suverenlik \u0130li\u201d elan edilm\u0259si bar\u0259d\u0259 f\u0259rman imzalad\u0131. Az\u0259rbaycan\u0131n 44 g\u00fcnl\u00fck V\u0259t\u0259n m\u00fcharib\u0259sind\u0131n sonra &#8220;Z\u0259f\u0259r Konstitusiyas\u0131&#8221; q\u0259bul ed\u0259c\u0259yi il\u0259 ba\u011fl\u0131 bir \u00e7ox fikir v\u0259 m\u00fclahiz\u0259l\u0131r s\u0259sl\u0259nirdi. H\u0259r \u015feyi \u00f6z zaman\u0131nda ed\u0259n v\u0259 prioritet s\u0131ralamas\u0131n\u0131 h\u0259r k\u0259sd\u0259n yax\u015f\u0131 bil\u0259n Prezident \u0130lham \u018fliyevin n\u00f6vb\u0259ti add\u0131m\u0131 budurmu: 2025-ci ild\u0259 Az\u0259rbaycan xalq\u0131 \u00fcmumxalq s\u0259averm\u0259si il\u0259 &#8220;Z\u0259f\u0259r Anayasas\u0131&#8221; q\u0259bul ed\u0259c\u0259kmi? Demokratiya v\u0259 \u0130nsan H\u00fcquqlar\u0131 Komit\u0259sinin s\u0259dri, h\u00fcquq \u00fczr\u0259 f\u0259ls\u0259f\u0259 doktoru \u00c7ingiz Q\u0259nizad\u0259 Musavat.com-a bildirib ki, 2025-ci ilin \u201cKonstitusiya v\u0259 Suverenlik ili\u201d elan olunmas\u0131n\u0131n bir ne\u00e7\u0259 s\u0259b\u0259bl\u0259ri var.&hellip;<\/p>\n","protected":false},"author":2,"featured_media":777851,"comment_status":"closed","ping_status":"closed","sticky":false,"template":"","format":"standard","meta":{"om_disable_all_campaigns":false,"_monsterinsights_skip_tracking":false,"_monsterinsights_sitenote_active":false,"_monsterinsights_sitenote_note":"","_monsterinsights_sitenote_category":0},"categories":[4],"tags":[],"aioseo_notices":[],"gutentor_comment":0,"rttpg_featured_image_url":{"full":["https:\/\/arantv.az\/wp-content\/uploads\/2024\/12\/d2daaadbf7d75873af275544c743c91f.jpg",670,420,false],"landscape":["https:\/\/arantv.az\/wp-content\/uploads\/2024\/12\/d2daaadbf7d75873af275544c743c91f.jpg",670,420,false],"portraits":["https:\/\/arantv.az\/wp-content\/uploads\/2024\/12\/d2daaadbf7d75873af275544c743c91f.jpg",670,420,false],"thumbnail":["https:\/\/arantv.az\/wp-content\/uploads\/2024\/12\/d2daaadbf7d75873af275544c743c91f-500x280.jpg",500,280,true],"medium":["https:\/\/arantv.az\/wp-content\/uploads\/2024\/12\/d2daaadbf7d75873af275544c743c91f-582x365.jpg",582,365,true],"large":["https:\/\/arantv.az\/wp-content\/uploads\/2024\/12\/d2daaadbf7d75873af275544c743c91f.jpg",640,401,false],"1536x1536":["https:\/\/arantv.az\/wp-content\/uploads\/2024\/12\/d2daaadbf7d75873af275544c743c91f.jpg",670,420,false],"2048x2048":["https:\/\/arantv.az\/wp-content\/uploads\/2024\/12\/d2daaadbf7d75873af275544c743c91f.jpg",670,420,false],"post-thumbnail":["https:\/\/arantv.az\/wp-content\/uploads\/2024\/12\/d2daaadbf7d75873af275544c743c91f-240x172.jpg",240,172,true],"advps-thumb-one":["https:\/\/arantv.az\/wp-content\/uploads\/2024\/12\/d2daaadbf7d75873af275544c743c91f.jpg",670,420,false]},"rttpg_author":{"display_name":"V\u00fcsal Rafiqo\u011flu","author_link":"https:\/\/arantv.az\/?author=2"},"rttpg_comment":0,"rttpg_category":"<a href=\"https:\/\/arantv.az\/?cat=4\" rel=\"category\">Siyas\u0259t<\/a>","rttpg_excerpt":"Prezident \u0130lham \u018fliyev 2025-ci ilin Az\u0259rbaycan Respublikas\u0131nda \u201cKonstitusiya v\u0259 Suverenlik \u0130li\u201d elan edilm\u0259si bar\u0259d\u0259 f\u0259rman imzalad\u0131. Az\u0259rbaycan\u0131n 44 g\u00fcnl\u00fck V\u0259t\u0259n m\u00fcharib\u0259sind\u0131n sonra &#8220;Z\u0259f\u0259r Konstitusiyas\u0131&#8221; q\u0259bul ed\u0259c\u0259yi il\u0259 ba\u011fl\u0131 bir \u00e7ox fikir v\u0259 m\u00fclahiz\u0259l\u0131r s\u0259sl\u0259nirdi. H\u0259r \u015feyi \u00f6z zaman\u0131nda ed\u0259n v\u0259 prioritet s\u0131ralamas\u0131n\u0131 h\u0259r k\u0259sd\u0259n yax\u015f\u0131 bil\u0259n Prezident \u0130lham \u018fliyevin n\u00f6vb\u0259ti add\u0131m\u0131 budurmu: 2025-ci ild\u0259 Az\u0259rbaycan&hellip;","_links":{"self":[{"href":"https:\/\/arantv.az\/index.php?rest_route=\/wp\/v2\/posts\/777850"}],"collection":[{"href":"https:\/\/arantv.az\/index.php?rest_route=\/wp\/v2\/posts"}],"about":[{"href":"https:\/\/arantv.az\/index.php?rest_route=\/wp\/v2\/types\/post"}],"author":[{"embeddable":true,"href":"https:\/\/arantv.az\/index.php?rest_route=\/wp\/v2\/users\/2"}],"replies":[{"embeddable":true,"href":"https:\/\/arantv.az\/index.php?rest_route=%2Fwp%2Fv2%2Fcomments&post=777850"}],"version-history":[{"count":1,"href":"https:\/\/arantv.az\/index.php?rest_route=\/wp\/v2\/posts\/777850\/revisions"}],"predecessor-version":[{"id":777852,"href":"https:\/\/arantv.az\/index.php?rest_route=\/wp\/v2\/posts\/777850\/revisions\/777852"}],"wp:featuredmedia":[{"embeddable":true,"href":"https:\/\/arantv.az\/index.php?rest_route=\/wp\/v2\/media\/777851"}],"wp:attachment":[{"href":"https:\/\/arantv.az\/index.php?rest_route=%2Fwp%2Fv2%2Fmedia&parent=777850"}],"wp:term":[{"taxonomy":"category","embeddable":true,"href":"https:\/\/arantv.az\/index.php?rest_route=%2Fwp%2Fv2%2Fcategories&post=777850"},{"taxonomy":"post_tag","embeddable":true,"href":"https:\/\/arantv.az\/index.php?rest_route=%2Fwp%2Fv2%2Ftags&post=777850"}],"curies":[{"name":"wp","href":"https:\/\/api.w.org\/{rel}","templated":true}]}}