{"id":777853,"date":"2024-12-29T15:16:44","date_gmt":"2024-12-29T11:16:44","guid":{"rendered":"https:\/\/arantv.az\/?p=777853"},"modified":"2024-12-29T15:16:44","modified_gmt":"2024-12-29T11:16:44","slug":"butun-az%c9%99rbaycan-bu-sozl%c9%99ri-deyir-s%c9%99hid-analari-ekipaj-uzvl%c9%99ri-haqqinda-fotolar","status":"publish","type":"post","link":"https:\/\/arantv.az\/?p=777853","title":{"rendered":"B\u00fct\u00fcn Az\u0259rbaycan bu s\u00f6zl\u0259ri deyir &#8211; \u015e\u0259hid analar\u0131 ekipaj \u00fczvl\u0259ri haqq\u0131nda &#8211; FOTOLAR"},"content":{"rendered":"<div class=\"text-content\" data-id=\"\" data-url=\"\">\n<p><strong>&#8220;B\u00fct\u00fcn Az\u0259rbaycan\u0131n qula\u011f\u0131nda bir c\u00fcml\u0259 s\u0259sl\u0259nir: &#8220;H\u0259r \u015fey yax\u015f\u0131 olacaq&#8221;. Bizim \u00f6z \u00f6vladlar\u0131m\u0131z da d\u00f6y\u00fc\u015fd\u0259 bu s\u00f6z\u00fc deyirdil\u0259r. Onlar \u00f6l\u00fcm\u00fcn g\u00f6z\u00fcn\u0259 dik bax\u0131rd\u0131lar&#8221;.<\/strong><\/p>\n<p><strong>ARANTV.AZ <\/strong>\u00a0x\u0259b\u0259r verir ki, bunu \u015f\u0259hid El\u00e7in H\u0259s\u0259nlinin anas\u0131 \u0130smay\u0131lova Xatir\u0259 Qazax\u0131standa q\u0259zaya u\u011frayan t\u0259yyar\u0259nin ekipaj \u00fczvl\u0259rinin h\u0259lak olmas\u0131ndan dan\u0131\u015fark\u0259n deyib.<\/p>\n<p>&#8220;\u00d6l\u0259c\u0259yini bil\u0259-bil\u0259 h\u0259r \u015fey yax\u015f\u0131 olacaq dem\u0259k bu xalq\u0131n balalar\u0131n\u0131n irad\u0259 \u0259zmini g\u00f6st\u0259rir. Bu hadis\u0259 xalq\u0131m\u0131z\u0131n g\u00fcc\u00fcn\u00fc b\u00fct\u00fcn d\u00fcnyaya g\u00f6st\u0259rdi&#8221;, &#8211; o bildirib.<\/p>\n<p>Xat\u0131rladaq ki, dekabr\u0131n 25-d\u0259 AZAL-\u0131n Bak\u0131-Qrozn\u0131 reysini yerin\u0259 yetir\u0259n s\u0259rni\u015fin t\u0259yyar\u0259si Qazax\u0131stan\u0131n Aktau \u015f\u0259h\u0259ri yax\u0131nl\u0131\u011f\u0131nda q\u0259zaya u\u011fray\u0131b. T\u0259yyar\u0259d\u0259 62 s\u0259rni\u015fin, 5 ekipaj \u00fczv\u00fc olub.<\/p>\n<p><strong>\u015eahan\u0259 R\u0259himli<\/strong><br \/>\n<strong>Musavat.com<\/strong><\/p>\n<\/div>\n<div>\n<div class=\"form-group\"><img class=\"img-responsive\" src=\"https:\/\/cdn.musavat.com\/news\/images\/Ayten\/SEH%C4%B0%201.jpeg\" \/><\/div>\n<div class=\"form-group\"><img class=\"img-responsive\" src=\"https:\/\/cdn.musavat.com\/news\/images\/Ayten\/SEH%C4%B0%202.jpeg\" \/><\/div>\n<div class=\"form-group\"><img class=\"img-responsive\" src=\"https:\/\/cdn.musavat.com\/news\/images\/Ayten\/SEH%C4%B0%203.jpeg\" \/><\/div>\n<div class=\"form-group\"><img class=\"img-responsive\" src=\"https:\/\/cdn.musavat.com\/news\/images\/Ayten\/SEH%C4%B0.jpeg\" \/><\/div>\n<\/div>\n","protected":false},"excerpt":{"rendered":"<p>&#8220;B\u00fct\u00fcn Az\u0259rbaycan\u0131n qula\u011f\u0131nda bir c\u00fcml\u0259 s\u0259sl\u0259nir: &#8220;H\u0259r \u015fey yax\u015f\u0131 olacaq&#8221;. Bizim \u00f6z \u00f6vladlar\u0131m\u0131z da d\u00f6y\u00fc\u015fd\u0259 bu s\u00f6z\u00fc deyirdil\u0259r. Onlar \u00f6l\u00fcm\u00fcn g\u00f6z\u00fcn\u0259 dik bax\u0131rd\u0131lar&#8221;. ARANTV.AZ \u00a0x\u0259b\u0259r verir ki, bunu \u015f\u0259hid El\u00e7in H\u0259s\u0259nlinin anas\u0131 \u0130smay\u0131lova Xatir\u0259 Qazax\u0131standa q\u0259zaya u\u011frayan t\u0259yyar\u0259nin ekipaj \u00fczvl\u0259rinin h\u0259lak olmas\u0131ndan dan\u0131\u015fark\u0259n deyib. &#8220;\u00d6l\u0259c\u0259yini bil\u0259-bil\u0259 h\u0259r \u015fey yax\u015f\u0131 olacaq dem\u0259k bu xalq\u0131n balalar\u0131n\u0131n irad\u0259 \u0259zmini g\u00f6st\u0259rir. Bu hadis\u0259 xalq\u0131m\u0131z\u0131n g\u00fcc\u00fcn\u00fc b\u00fct\u00fcn d\u00fcnyaya g\u00f6st\u0259rdi&#8221;, &#8211; o bildirib. Xat\u0131rladaq ki, dekabr\u0131n 25-d\u0259 AZAL-\u0131n Bak\u0131-Qrozn\u0131 reysini yerin\u0259 yetir\u0259n s\u0259rni\u015fin t\u0259yyar\u0259si Qazax\u0131stan\u0131n Aktau \u015f\u0259h\u0259ri yax\u0131nl\u0131\u011f\u0131nda q\u0259zaya u\u011fray\u0131b. T\u0259yyar\u0259d\u0259 62 s\u0259rni\u015fin, 5 ekipaj \u00fczv\u00fc&hellip;<\/p>\n","protected":false},"author":2,"featured_media":777854,"comment_status":"closed","ping_status":"closed","sticky":false,"template":"","format":"standard","meta":{"om_disable_all_campaigns":false,"_monsterinsights_skip_tracking":false,"_monsterinsights_sitenote_active":false,"_monsterinsights_sitenote_note":"","_monsterinsights_sitenote_category":0},"categories":[1],"tags":[],"aioseo_notices":[],"gutentor_comment":0,"rttpg_featured_image_url":{"full":["https:\/\/arantv.az\/wp-content\/uploads\/2024\/12\/58c3d9b7bf258089af177202aac7612a.jpg",870,500,false],"landscape":["https:\/\/arantv.az\/wp-content\/uploads\/2024\/12\/58c3d9b7bf258089af177202aac7612a.jpg",870,500,false],"portraits":["https:\/\/arantv.az\/wp-content\/uploads\/2024\/12\/58c3d9b7bf258089af177202aac7612a.jpg",870,500,false],"thumbnail":["https:\/\/arantv.az\/wp-content\/uploads\/2024\/12\/58c3d9b7bf258089af177202aac7612a-500x280.jpg",500,280,true],"medium":["https:\/\/arantv.az\/wp-content\/uploads\/2024\/12\/58c3d9b7bf258089af177202aac7612a-635x365.jpg",635,365,true],"large":["https:\/\/arantv.az\/wp-content\/uploads\/2024\/12\/58c3d9b7bf258089af177202aac7612a-840x483.jpg",640,368,true],"1536x1536":["https:\/\/arantv.az\/wp-content\/uploads\/2024\/12\/58c3d9b7bf258089af177202aac7612a.jpg",870,500,false],"2048x2048":["https:\/\/arantv.az\/wp-content\/uploads\/2024\/12\/58c3d9b7bf258089af177202aac7612a.jpg",870,500,false],"post-thumbnail":["https:\/\/arantv.az\/wp-content\/uploads\/2024\/12\/58c3d9b7bf258089af177202aac7612a-240x172.jpg",240,172,true],"advps-thumb-one":["https:\/\/arantv.az\/wp-content\/uploads\/2024\/12\/58c3d9b7bf258089af177202aac7612a.jpg",870,500,false]},"rttpg_author":{"display_name":"V\u00fcsal Rafiqo\u011flu","author_link":"https:\/\/arantv.az\/?author=2"},"rttpg_comment":0,"rttpg_category":"<a href=\"https:\/\/arantv.az\/?cat=1\" rel=\"category\">C\u0259miyy\u0259t<\/a>","rttpg_excerpt":"&#8220;B\u00fct\u00fcn Az\u0259rbaycan\u0131n qula\u011f\u0131nda bir c\u00fcml\u0259 s\u0259sl\u0259nir: &#8220;H\u0259r \u015fey yax\u015f\u0131 olacaq&#8221;. Bizim \u00f6z \u00f6vladlar\u0131m\u0131z da d\u00f6y\u00fc\u015fd\u0259 bu s\u00f6z\u00fc deyirdil\u0259r. Onlar \u00f6l\u00fcm\u00fcn g\u00f6z\u00fcn\u0259 dik bax\u0131rd\u0131lar&#8221;. ARANTV.AZ \u00a0x\u0259b\u0259r verir ki, bunu \u015f\u0259hid El\u00e7in H\u0259s\u0259nlinin anas\u0131 \u0130smay\u0131lova Xatir\u0259 Qazax\u0131standa q\u0259zaya u\u011frayan t\u0259yyar\u0259nin ekipaj \u00fczvl\u0259rinin h\u0259lak olmas\u0131ndan dan\u0131\u015fark\u0259n deyib. &#8220;\u00d6l\u0259c\u0259yini bil\u0259-bil\u0259 h\u0259r \u015fey yax\u015f\u0131 olacaq dem\u0259k bu xalq\u0131n balalar\u0131n\u0131n irad\u0259&hellip;","_links":{"self":[{"href":"https:\/\/arantv.az\/index.php?rest_route=\/wp\/v2\/posts\/777853"}],"collection":[{"href":"https:\/\/arantv.az\/index.php?rest_route=\/wp\/v2\/posts"}],"about":[{"href":"https:\/\/arantv.az\/index.php?rest_route=\/wp\/v2\/types\/post"}],"author":[{"embeddable":true,"href":"https:\/\/arantv.az\/index.php?rest_route=\/wp\/v2\/users\/2"}],"replies":[{"embeddable":true,"href":"https:\/\/arantv.az\/index.php?rest_route=%2Fwp%2Fv2%2Fcomments&post=777853"}],"version-history":[{"count":1,"href":"https:\/\/arantv.az\/index.php?rest_route=\/wp\/v2\/posts\/777853\/revisions"}],"predecessor-version":[{"id":777855,"href":"https:\/\/arantv.az\/index.php?rest_route=\/wp\/v2\/posts\/777853\/revisions\/777855"}],"wp:featuredmedia":[{"embeddable":true,"href":"https:\/\/arantv.az\/index.php?rest_route=\/wp\/v2\/media\/777854"}],"wp:attachment":[{"href":"https:\/\/arantv.az\/index.php?rest_route=%2Fwp%2Fv2%2Fmedia&parent=777853"}],"wp:term":[{"taxonomy":"category","embeddable":true,"href":"https:\/\/arantv.az\/index.php?rest_route=%2Fwp%2Fv2%2Fcategories&post=777853"},{"taxonomy":"post_tag","embeddable":true,"href":"https:\/\/arantv.az\/index.php?rest_route=%2Fwp%2Fv2%2Ftags&post=777853"}],"curies":[{"name":"wp","href":"https:\/\/api.w.org\/{rel}","templated":true}]}}